{"id":92323,"date":"2025-02-20T13:52:08","date_gmt":"2025-02-20T10:52:08","guid":{"rendered":"https:\/\/mersingazetesi.com\/?p=92323"},"modified":"2025-02-20T13:52:08","modified_gmt":"2025-02-20T10:52:08","slug":"en-kiymetli-elestiri-ozelestiridir","status":"publish","type":"post","link":"https:\/\/mersingazetesi.com\/index.php\/2025\/02\/20\/en-kiymetli-elestiri-ozelestiridir\/","title":{"rendered":"&#8220;EN KIYMETL\u0130 ELE\u015eT\u0130R\u0130 \u00d6ZELE\u015eT\u0130R\u0130D\u0130R.&#8221;"},"content":{"rendered":"<div>\u00dclkemiz siyaset\u00e7ileri \u00f6zele\u015ftiri yapmay\u0131 pek sevmezler. Y\u00f6netme mevki ve sorumlulu\u011funda olanlar ise hi\u00e7 sevmezler. Ba\u015fkalar\u0131 taraf\u0131ndan ele\u015ftirilmeyi zaten sevmezler. Bunu bir k\u0131nama ya da yergi olarak g\u00f6r\u00fcp, hemen kar\u015f\u0131 ele\u015ftiriye giri\u015firler.<\/div>\n<div>Hatta, daha da ileriye gidip, ele\u015ftiri yapan\u0131n ge\u00e7mi\u015fini de\u015ferler ve kar\u015f\u0131 sald\u0131r\u0131ya ge\u00e7erek kara \u00e7almalarda ve su\u00e7lamalarda bulunurlar. B\u00f6yle davranmakla kendi kusurlar\u0131ndan ve hatalar\u0131ndan kurtulacaklar\u0131n\u0131 san\u0131rlar. Oysa ki, en k\u0131ymetli ele\u015ftiri \u00f6zele\u015ftiridir. Ayr\u0131ca, ele\u015ftiri, k\u0131ymetini bilenler i\u00e7in de e\u015fsiz bir hazinedir. \u00d6zellikle de yap\u0131c\u0131 ele\u015ftiriler&#8230;<br \/>\nHer insan kusur i\u015fler. Her insan hata yapar.<\/div>\n<div>Haliyle siyaset\u00e7i de kusur i\u015fler, siyaset\u00e7i de hata yapar. Y\u00f6netme mevki ve sorumlulu\u011funda olanlar da yapar, olmayanlar da yapar. Kusur ve hata insana \u00f6zg\u00fc \u015feylerdir \u00e7\u00fcnk\u00fc. O y\u00fczden de gayet anla\u015f\u0131labilir ve anlat\u0131labilir \u015feylerdir.<\/div>\n<div>Fakat as\u0131l olan kendini fark etmek ve d\u00fczeltmektir.<\/div>\n<div>Daha a\u00e7\u0131k ifadeyle kusurlar\u0131ndan ve hatalar\u0131ndan ar\u0131nmakt\u0131r. Bunda utan\u0131lacak, ay\u0131planacak ya da k\u0131nanacak bir \u015fey yok. Hem sonra, kusurdan ya da hatadan ar\u0131nma niye ay\u0131plans\u0131n ya da k\u0131nans\u0131n ki?!<\/div>\n<div>Tam aksine, takdir edilmeyi gerektirecek \u015feylerdir bunlar.<\/div>\n<div>Lakin siyaset\u00e7iler i\u00e7in (\u00f6zellikle de y\u00f6netme mevki ve sorumlulu\u011funda olanlar i\u00e7in) kusurlar\u0131 ve hatalar\u0131 asgariye indirecek de bir enstr\u00fcman vard\u0131r.<\/div>\n<div>Bu enstr\u00fcman da kurumlar ve kurumsall\u0131kt\u0131r. Bir \u00fclkede kurumlar ve kurumsall\u0131k ne kadar g\u00fc\u00e7l\u00fc ve sa\u011fl\u0131kl\u0131 olursa, y\u00f6netme mevki ve sorumlulu\u011funda olanlar o kadar az kusur i\u015flerler ya da hata yaparlar.<\/div>\n<div>Bunun i\u00e7in k\u00f6kl\u00fc bir zihniyet de\u011fi\u015fimine ihtiya\u00e7 var. \u00dclkemiz insan\u0131n\u0131n iyili\u011fi ve esenli\u011fi i\u00e7in, siyaset\u00e7ilerimizin zihniyet de\u011fi\u015fimine gitmeleri \u015fart.<br \/>\nUnutmayal\u0131m!<\/div>\n<div>Bir insan i\u00e7in, insani vas\u0131flar bak\u0131m\u0131ndan eri\u015filebilece\u011fi en y\u00fcksek mertebe erdemli bir insan olabilmektir. S\u00fcrekli olarak toplumun g\u00f6z\u00fcn\u00fcn \u00f6n\u00fcnde olan siyaset\u00e7ilerin erdemli insanlar olmalar\u0131 laz\u0131m.<\/div>\n<div>\u00c7\u00fcnk\u00fc erdemli insanlar ikaz edilmeyi ve d\u00fczeltilmeyi gerektirecek s\u00f6z ve davran\u0131\u015flarda bulunmazlar. T\u00fcrk Siyaseti bu anlamda maalesef (!) ac\u0131nacak durumdad\u0131r.<\/div>\n<div dir=\"ltr\"><\/div>\n<div>AHLAK MESELES\u0130<\/div>\n<div>\nYa\u015fl\u0131 bir kar\u0131 koca, \u015fehrin merkezine yak\u0131n bir k\u00f6yde otururlarm\u0131\u015f ve ge\u00e7imlerini de sahip olduklar\u0131 tek inekten sa\u011flarlarm\u0131\u015f.<\/div>\n<div>\u0130ne\u011fi s\u0131rayla otlat\u0131rlar ve elde ettikleri s\u00fct\u00fc, yo\u011furdu, ya\u011f\u0131, peyniri, \u00e7\u00f6kele\u011fi \u015fehirdeki en yak\u0131n bakkala satarlarm\u0131\u015f.<\/div>\n<div>Sat\u0131\u015f yapt\u0131klar\u0131 bakkaldan da ihtiya\u00e7lar\u0131 olan yiyecekleri al\u0131rlarm\u0131\u015f.<\/div>\n<div>Adam, g\u00fcnlerden bir g\u00fcn satmak i\u00e7in bakkala bir kilogram ya\u011f g\u00f6t\u00fcrm\u00fc\u015f. Bakkal ya\u011f\u0131n eksik oldu\u011fundan \u015f\u00fcphelenip tartm\u0131\u015f ve iki y\u00fcz gram eksik oldu\u011funu g\u00f6rerek adama \u00e7\u0131k\u0131\u015fm\u0131\u015f ve \u015f\u00f6yle demi\u015f!<br \/>\n-Bir aya\u011f\u0131 \u00e7ukurda olan ya\u015fl\u0131 ba\u015fl\u0131 bir adams\u0131n! Utanm\u0131yor musun ya\u011f\u0131 eksik tartmaya?<\/div>\n<div>Adam, kendinden gayet emin bir \u015fekilde cevap vermi\u015f.<br \/>\n-Benim evimde terazim var ama dirhemim yok! Ben o ya\u011f\u0131, Senden iki y\u0131l \u00f6nce ald\u0131\u011f\u0131m bir kilogram toz \u015fekeri dirhem yerine kullanarak tartt\u0131m.<\/div>\n<div dir=\"ltr\"><\/div>\n","protected":false},"excerpt":{"rendered":"<p>\u00dclkemiz siyaset\u00e7ileri \u00f6zele\u015ftiri yapmay\u0131 pek sevmezler. Y\u00f6netme mevki ve sorumlulu\u011funda olanlar ise hi\u00e7 sevmezler. Ba\u015fkalar\u0131 taraf\u0131ndan ele\u015ftirilmeyi zaten sevmezler. Bunu bir k\u0131nama ya da yergi olarak g\u00f6r\u00fcp, hemen kar\u015f\u0131 ele\u015ftiriye giri\u015firler. Hatta, daha da ileriye gidip, ele\u015ftiri yapan\u0131n ge\u00e7mi\u015fini de\u015ferler ve kar\u015f\u0131 sald\u0131r\u0131ya ge\u00e7erek kara \u00e7almalarda ve su\u00e7lamalarda bulunurlar. B\u00f6yle davranmakla kendi kusurlar\u0131ndan ve hatalar\u0131ndan [&hellip;]<\/p>\n","protected":false},"author":14,"featured_media":91277,"comment_status":"open","ping_status":"open","sticky":false,"template":"","format":"standard","meta":{"footnotes":""},"categories":[47],"tags":[],"class_list":["post-92323","post","type-post","status-publish","format-standard","has-post-thumbnail","hentry","category-erdogan-serin"],"views":84,"_links":{"self":[{"href":"https:\/\/mersingazetesi.com\/index.php\/wp-json\/wp\/v2\/posts\/92323","targetHints":{"allow":["GET"]}}],"collection":[{"href":"https:\/\/mersingazetesi.com\/index.php\/wp-json\/wp\/v2\/posts"}],"about":[{"href":"https:\/\/mersingazetesi.com\/index.php\/wp-json\/wp\/v2\/types\/post"}],"author":[{"embeddable":true,"href":"https:\/\/mersingazetesi.com\/index.php\/wp-json\/wp\/v2\/users\/14"}],"replies":[{"embeddable":true,"href":"https:\/\/mersingazetesi.com\/index.php\/wp-json\/wp\/v2\/comments?post=92323"}],"version-history":[{"count":0,"href":"https:\/\/mersingazetesi.com\/index.php\/wp-json\/wp\/v2\/posts\/92323\/revisions"}],"wp:featuredmedia":[{"embeddable":true,"href":"https:\/\/mersingazetesi.com\/index.php\/wp-json\/wp\/v2\/media\/91277"}],"wp:attachment":[{"href":"https:\/\/mersingazetesi.com\/index.php\/wp-json\/wp\/v2\/media?parent=92323"}],"wp:term":[{"taxonomy":"category","embeddable":true,"href":"https:\/\/mersingazetesi.com\/index.php\/wp-json\/wp\/v2\/categories?post=92323"},{"taxonomy":"post_tag","embeddable":true,"href":"https:\/\/mersingazetesi.com\/index.php\/wp-json\/wp\/v2\/tags?post=92323"}],"curies":[{"name":"wp","href":"https:\/\/api.w.org\/{rel}","templated":true}]}}