{"id":91891,"date":"2025-02-13T13:11:30","date_gmt":"2025-02-13T10:11:30","guid":{"rendered":"https:\/\/mersingazetesi.com\/?p=91891"},"modified":"2025-02-13T13:11:30","modified_gmt":"2025-02-13T10:11:30","slug":"bir-karamollaogluna-bakin-bir-de-kilicdarogluna","status":"publish","type":"post","link":"https:\/\/mersingazetesi.com\/index.php\/2025\/02\/13\/bir-karamollaogluna-bakin-bir-de-kilicdarogluna\/","title":{"rendered":"B\u0130R KARAMOLLAO\u011eLU&#8217;NA BAKIN, B\u0130R DE KILI\u00c7DARO\u011eLU&#8217;NA..!"},"content":{"rendered":"<div>Say\u0131n Temel Karamollao\u011flu da bir partinin genel ba\u015fkan\u0131yd\u0131.<\/div>\n<div>G\u00f6revinden kendi r\u0131zas\u0131yla ayr\u0131ld\u0131ktan sonra bas\u0131n ve medya \u00fczerinden Partisi&#8217;nin i\u00e7ine d\u00f6n\u00fck tek ele\u015ftirisini duymad\u0131k.<\/div>\n<div>Bu demek de\u011fildir ki Partisi&#8217;ni ele\u015ftirmiyordur. Bilmiyoruz, belki de ele\u015ftiriyordur.<\/div>\n<div>Ancak, ele\u015ftirisini bas\u0131n ve medya \u00f6n\u00fcnde yapmad\u0131\u011f\u0131 i\u00e7in kamuoyu bundan haberdar olmuyordur. Koltu\u011funu se\u00e7imle kaybeden say\u0131n Kemal K\u0131l\u0131\u00e7daro\u011flu ise o g\u00fcnden bu yana hi\u00e7 susmuyor.<\/div>\n<div>Olur olmaz her konuda konu\u015fup duruyor.<\/div>\n<div>Sadece konu\u015fsa iyi, Partisi&#8217;ni ve Parti Politikalar\u0131&#8217;n\u0131 bas\u0131n ve medya \u00f6n\u00fcnde ele\u015ftirmekten de geri durmuyor.<\/div>\n<div>Ele\u015ftirinin muhatab\u0131 olanlar da, eski genel ba\u015fkanlar\u0131 olmas\u0131 nedeniyle kendisine m\u00fcmk\u00fcn oldu\u011funca kar\u015f\u0131l\u0131k vermemeye \u00e7al\u0131\u015f\u0131yorlar. Kar\u015f\u0131l\u0131k verenler de son derece sayg\u0131l\u0131 bir dil kullan\u0131yorlar.<\/div>\n<div>Lakin sabr\u0131n da bir s\u0131n\u0131r\u0131 vard\u0131r.<\/div>\n<div>Say\u0131n Kemal K\u0131l\u0131\u00e7daro\u011flu Partisi&#8217;nin politikalar\u0131na d\u00f6n\u00fck olarak elbette ele\u015ftiri yapabilir.<\/div>\n<div>Ama bunun da bir yolu, y\u00f6ntemi var.<\/div>\n<div>Arzu etti\u011fi takdirde Halefi&#8217;ni ziyaret edip, ele\u015ftirilerini birinci a\u011f\u0131zdan kendisine iletebilir.<\/div>\n<div>O da Selefi&#8217;ni dinler ve hakl\u0131 bulmas\u0131 halinde gere\u011fini yapar.<\/div>\n<div>Arkadan yap\u0131lan ele\u015ftiriler iyi niyetli ele\u015ftiriler de\u011fildir. \u00d6zellikle de bas\u0131n ve medya \u00f6n\u00fcnde yap\u0131lanlar&#8230;<\/div>\n<div>Kald\u0131 ki, Halefi&#8217;ni en son ele\u015ftirme hakk\u0131na sahip olanlardan biri de say\u0131n Kemal K\u0131l\u0131\u00e7daro\u011flu&#8217;dur. \u00c7\u00fcnk\u00fc say\u0131n \u00d6zg\u00fcr \u00d6zel, patinaj yapan bir Parti&#8217;ye s\u0131n\u0131f atlatm\u0131\u015f ve K\u0131l\u0131\u00e7daro\u011flu&#8217;nun y\u0131llard\u0131r ba\u015faramad\u0131\u011f\u0131n\u0131 ba\u015far\u0131p, Partisi&#8217;ni girdi\u011fi ilk se\u00e7imde birinci parti yapma becerisini g\u00f6stermi\u015ftir\u2026<\/div>\n<div>Hem de a\u00e7\u0131k farkla&#8230;<\/p>\n<p>\u00d6ZL\u00dc S\u00d6ZLER\u0130M<\/p><\/div>\n<div dir=\"ltr\"><\/div>\n<div>&#8211; &#8220;G\u00f6nl\u00fc zengin bir fakir, g\u00f6nl\u00fc fakir bir zenginden \u00e7ok daha zengindir.&#8221;<\/p>\n<p>&#8211; &#8220;\u0130nsan olman\u0131n \u015fart\u0131 kendini bilmektir. Kendini bilmenin \u015fart\u0131 ise hak bilir olmak ve haddini bilmektir.&#8221;<\/p><\/div>\n","protected":false},"excerpt":{"rendered":"<p>Say\u0131n Temel Karamollao\u011flu da bir partinin genel ba\u015fkan\u0131yd\u0131. G\u00f6revinden kendi r\u0131zas\u0131yla ayr\u0131ld\u0131ktan sonra bas\u0131n ve medya \u00fczerinden Partisi&#8217;nin i\u00e7ine d\u00f6n\u00fck tek ele\u015ftirisini duymad\u0131k. Bu demek de\u011fildir ki Partisi&#8217;ni ele\u015ftirmiyordur. Bilmiyoruz, belki de ele\u015ftiriyordur. Ancak, ele\u015ftirisini bas\u0131n ve medya \u00f6n\u00fcnde yapmad\u0131\u011f\u0131 i\u00e7in kamuoyu bundan haberdar olmuyordur. Koltu\u011funu se\u00e7imle kaybeden say\u0131n Kemal K\u0131l\u0131\u00e7daro\u011flu ise o g\u00fcnden bu [&hellip;]<\/p>\n","protected":false},"author":14,"featured_media":91277,"comment_status":"open","ping_status":"open","sticky":false,"template":"","format":"standard","meta":{"footnotes":""},"categories":[47],"tags":[],"class_list":["post-91891","post","type-post","status-publish","format-standard","has-post-thumbnail","hentry","category-erdogan-serin"],"views":126,"_links":{"self":[{"href":"https:\/\/mersingazetesi.com\/index.php\/wp-json\/wp\/v2\/posts\/91891","targetHints":{"allow":["GET"]}}],"collection":[{"href":"https:\/\/mersingazetesi.com\/index.php\/wp-json\/wp\/v2\/posts"}],"about":[{"href":"https:\/\/mersingazetesi.com\/index.php\/wp-json\/wp\/v2\/types\/post"}],"author":[{"embeddable":true,"href":"https:\/\/mersingazetesi.com\/index.php\/wp-json\/wp\/v2\/users\/14"}],"replies":[{"embeddable":true,"href":"https:\/\/mersingazetesi.com\/index.php\/wp-json\/wp\/v2\/comments?post=91891"}],"version-history":[{"count":0,"href":"https:\/\/mersingazetesi.com\/index.php\/wp-json\/wp\/v2\/posts\/91891\/revisions"}],"wp:featuredmedia":[{"embeddable":true,"href":"https:\/\/mersingazetesi.com\/index.php\/wp-json\/wp\/v2\/media\/91277"}],"wp:attachment":[{"href":"https:\/\/mersingazetesi.com\/index.php\/wp-json\/wp\/v2\/media?parent=91891"}],"wp:term":[{"taxonomy":"category","embeddable":true,"href":"https:\/\/mersingazetesi.com\/index.php\/wp-json\/wp\/v2\/categories?post=91891"},{"taxonomy":"post_tag","embeddable":true,"href":"https:\/\/mersingazetesi.com\/index.php\/wp-json\/wp\/v2\/tags?post=91891"}],"curies":[{"name":"wp","href":"https:\/\/api.w.org\/{rel}","templated":true}]}}