{"id":91518,"date":"2025-02-09T10:47:58","date_gmt":"2025-02-09T07:47:58","guid":{"rendered":"https:\/\/mersingazetesi.com\/?p=91518"},"modified":"2025-02-09T10:47:58","modified_gmt":"2025-02-09T07:47:58","slug":"kimsin-sen-ya","status":"publish","type":"post","link":"https:\/\/mersingazetesi.com\/index.php\/2025\/02\/09\/kimsin-sen-ya\/","title":{"rendered":"K\u0130MS\u0130N SEN YA?!"},"content":{"rendered":"<div>Ne diyor, 6 \u015eubat Depremi Anma T\u00f6reni&#8217;nde Ziraat Bankas\u0131 Genel M\u00fcd\u00fcr\u00fc Alpaslan \u00c7akar Efendi?! &#8220;Burada en b\u00fcy\u00fck hay\u0131rsever Benim.\u201d<\/div>\n<div dir=\"ltr\"><\/div>\n<div>Pardon!<\/div>\n<div>Kimsin Sen ya?!<\/div>\n<div>Verdi\u011fin o para Senin paran de\u011fil ki!<\/div>\n<div>Anan&#8217;\u0131n, Baban&#8217;\u0131n paras\u0131 da de\u011fil.<\/div>\n<div>Milletin paras\u0131 o para.<\/div>\n<div>Devletin paras\u0131.<\/div>\n<div>Fakat Sen bunun bile idrakinde de\u011filsin.<\/div>\n<div>\u0130drakinde olsan, Milletin paras\u0131n\u0131 kendi paran san\u0131p da bu para \u00fczerinden caka satmaya kalkmazs\u0131n.<\/div>\n<div>Ziraat Bankas\u0131 senin Baban&#8217;\u0131n mal\u0131 de\u011fil ki!<\/div>\n<div dir=\"ltr\"><\/div>\n<div>Sen hangi hakla, &#8220;Burada en b\u00fcy\u00fck hay\u0131rsever Benim&#8221; diyebiliyorsun?<\/div>\n<div>Nas\u0131l oluyor da bu c\u00fcretkarl\u0131\u011f\u0131 g\u00f6sterebiliyorsun?<\/div>\n<div>Hi\u00e7 kusura bakma!<\/div>\n<div>Bunun ad\u0131 ukalal\u0131k de\u011filse aymazl\u0131kt\u0131r.<\/div>\n<div>Bu anlay\u0131\u015ftaki birinin o koltukta bir saniye bile oturmamas\u0131 laz\u0131m.<\/div>\n<div>Senin o koltukta oturman bu Millet i\u00e7in zuld\u00fcr.<\/div>\n<div>\u00c7\u00fcnk\u00fc Sen Milletin paras\u0131n\u0131 y\u00f6netiyorsun.<\/div>\n<div>Milletin paras\u0131 \u00fczerinde tasarrufta bulunuyorsun sen.<\/div>\n<div>E\u011fer sen Milletin paras\u0131na bu anlay\u0131\u015fla bak\u0131yorsan, (Milletin paras\u0131n\u0131 bu anlay\u0131\u015fla y\u00f6netiyor ve da\u011f\u0131t\u0131yorsan) vay halimize!<\/div>\n<div>Vay ki ne vay!<\/div>\n<div>Senin devlet adab\u0131na yak\u0131\u015fmayan bu sorunlu anlay\u0131\u015f\u0131n\u0131 reddediyor ve k\u0131n\u0131yorum!<\/div>\n<div>Ayr\u0131ca, derhal istifa edip o koltu\u011fu da bo\u015faltman\u0131 istiyorum!<\/div>\n<div>Senin anlay\u0131\u015f\u0131ndaki birinin o koltukta oturmamas\u0131 laz\u0131m \u00e7\u00fcnk\u00fc\u2026<\/div>\n<div dir=\"ltr\"><\/div>\n<div>Ayr\u0131ca, derhal istifa edip o koltu\u011fu da bo\u015faltman\u0131 istiyorum!<\/div>\n<div dir=\"ltr\"><\/div>\n<div dir=\"ltr\"><\/div>\n<div>\u00a0 \u00a0 \u00a0 \u00a0 \u00a0 \u00a0 \u00a0 \u00d6ZL\u00dc S\u00d6ZLER\u0130M<\/div>\n<div dir=\"ltr\"><\/div>\n<div>\n<div>&#8211; \u201cLiyakatin ve adaletin h\u00fck\u00fcm s\u00fcrmedi\u011fi her yer harapt\u0131r.&#8221;<\/div>\n<div><\/div>\n<div>&#8211; \u201cSES\u0130M\u0130Z\u0130 DUYAN YOK MU (?)\u201d diye \u00fcnleyen canlar\u0131m\u0131zdan, ruhlar\u0131 y\u0131ld\u0131zl\u0131 semalarda dola\u015fanlar\u0131 sayg\u0131yla an\u0131yor, hayata tutunma \u015fans\u0131n\u0131 yakalayanlara esenlik ve kolayl\u0131k diliyorum!<\/div>\n<div><\/div>\n<div>&#8211; &#8220;\u0130nsano\u011flunun iki e\u015fsiz hazinesi vard\u0131r! Biri Allah&#8217;\u0131n verdi\u011fi ak\u0131l, \u00f6tekisi g\u00f6z\u00fcn hakk\u0131 olan bilim.&#8221;<\/div>\n<div><\/div>\n<div>&#8211; &#8220;\u015earab\u0131n ekspertizi insand\u0131r amma, \u015farab\u0131 biraz fazla ka\u00e7\u0131rd\u0131\u011f\u0131nda \u015farap insan\u0131n ekspertizi olur!&#8221;<\/div>\n<\/div>\n","protected":false},"excerpt":{"rendered":"<p>Ne diyor, 6 \u015eubat Depremi Anma T\u00f6reni&#8217;nde Ziraat Bankas\u0131 Genel M\u00fcd\u00fcr\u00fc Alpaslan \u00c7akar Efendi?! &#8220;Burada en b\u00fcy\u00fck hay\u0131rsever Benim.\u201d Pardon! Kimsin Sen ya?! Verdi\u011fin o para Senin paran de\u011fil ki! Anan&#8217;\u0131n, Baban&#8217;\u0131n paras\u0131 da de\u011fil. Milletin paras\u0131 o para. Devletin paras\u0131. Fakat Sen bunun bile idrakinde de\u011filsin. \u0130drakinde olsan, Milletin paras\u0131n\u0131 kendi paran san\u0131p da [&hellip;]<\/p>\n","protected":false},"author":14,"featured_media":91277,"comment_status":"open","ping_status":"open","sticky":false,"template":"","format":"standard","meta":{"footnotes":""},"categories":[47],"tags":[],"class_list":["post-91518","post","type-post","status-publish","format-standard","has-post-thumbnail","hentry","category-erdogan-serin"],"views":82,"_links":{"self":[{"href":"https:\/\/mersingazetesi.com\/index.php\/wp-json\/wp\/v2\/posts\/91518","targetHints":{"allow":["GET"]}}],"collection":[{"href":"https:\/\/mersingazetesi.com\/index.php\/wp-json\/wp\/v2\/posts"}],"about":[{"href":"https:\/\/mersingazetesi.com\/index.php\/wp-json\/wp\/v2\/types\/post"}],"author":[{"embeddable":true,"href":"https:\/\/mersingazetesi.com\/index.php\/wp-json\/wp\/v2\/users\/14"}],"replies":[{"embeddable":true,"href":"https:\/\/mersingazetesi.com\/index.php\/wp-json\/wp\/v2\/comments?post=91518"}],"version-history":[{"count":0,"href":"https:\/\/mersingazetesi.com\/index.php\/wp-json\/wp\/v2\/posts\/91518\/revisions"}],"wp:featuredmedia":[{"embeddable":true,"href":"https:\/\/mersingazetesi.com\/index.php\/wp-json\/wp\/v2\/media\/91277"}],"wp:attachment":[{"href":"https:\/\/mersingazetesi.com\/index.php\/wp-json\/wp\/v2\/media?parent=91518"}],"wp:term":[{"taxonomy":"category","embeddable":true,"href":"https:\/\/mersingazetesi.com\/index.php\/wp-json\/wp\/v2\/categories?post=91518"},{"taxonomy":"post_tag","embeddable":true,"href":"https:\/\/mersingazetesi.com\/index.php\/wp-json\/wp\/v2\/tags?post=91518"}],"curies":[{"name":"wp","href":"https:\/\/api.w.org\/{rel}","templated":true}]}}