{"id":91276,"date":"2025-02-06T11:43:31","date_gmt":"2025-02-06T08:43:31","guid":{"rendered":"https:\/\/mersingazetesi.com\/?p=91276"},"modified":"2025-02-06T11:43:31","modified_gmt":"2025-02-06T08:43:31","slug":"bu-ne-yaman-bir-celiski-boyle","status":"publish","type":"post","link":"https:\/\/mersingazetesi.com\/index.php\/2025\/02\/06\/bu-ne-yaman-bir-celiski-boyle\/","title":{"rendered":"BU NE YAMAN B\u0130R \u00c7EL\u0130\u015eK\u0130 B\u00d6YLE!"},"content":{"rendered":"<div>Silifke Toros Mahallesi&#8217;nde pazartesi g\u00fcnleri kurulan Semt Pazar\u0131&#8217;n\u0131 her hafta gezer, fiyat de\u011fi\u015fikliklerini takip ederim.<\/div>\n<div>Pazarda sat\u0131lan sebze ve meyvelerin fiyatlar\u0131 Aral\u0131k 2024&#8217;e g\u00f6re pek artm\u0131\u015f g\u00f6r\u00fcnm\u00fcyor.<\/div>\n<div>\u00d6zellikle de sebze fiyatlar\u0131. Artmak bir yana, baz\u0131 sebzelerin fiyatlar\u0131nda d\u00fc\u015f\u00fc\u015fler bile var.<\/div>\n<div>Kuru erzak, peynir, zeytin vb. fiyatlar\u0131nda ise \u00f6nemli bir de\u011fi\u015fiklik yok.<\/div>\n<div dir=\"ltr\"><\/div>\n<div>Baz\u0131 \u00fcr\u00fcnlerde ve g\u0131dalarda bir miktar art\u0131\u015f olmu\u015f hepsi o kadar.<\/div>\n<div>Hal b\u00f6yle iken, Aral\u0131k 2024 enflasyonu nas\u0131l oldu da bu kadar d\u00fc\u015f\u00fck (y\u00fczde 1.3) \u00e7\u0131kt\u0131 anlamak m\u00fcmk\u00fcn de\u011fil?!<\/div>\n<div dir=\"ltr\"><\/div>\n<div>Bunu, salt baz etkisiyle izah etmek ger\u00e7ek\u00e7i durmuyor. Baz etkisiyle de olsa, Ocak 2025 enflasyonunun y\u00fczde 5.3 \u00e7\u0131kt\u0131\u011f\u0131 bir yerde, Aral\u0131k 2024 enflasyonunun bunun yar\u0131s\u0131 kadar olmas\u0131 gerekirdi.<\/div>\n<div dir=\"ltr\"><\/div>\n<div>B\u00f6yle olmamas\u0131 ve maa\u015f art\u0131\u015flar\u0131nda da bu oran\u0131n (y\u00fczde 1.3&#8217;\u00fcn) esas al\u0131nmas\u0131, insanda ister istemez \u015f\u00fcphe uyand\u0131r\u0131yor.<\/div>\n<div dir=\"ltr\"><\/div>\n<div>Y\u00fczde 1&#8217;lerde seyreden bir enflasyon otuz g\u00fcnde nas\u0131l olur da y\u00fczde 5&#8217;lere \u00e7\u0131kar?<\/div>\n<div dir=\"ltr\"><\/div>\n<div>Bu durumu, \u00dclkeyi y\u00f6netme mevki ve sorumlulu\u011funda olanlar\u0131n millete anlatmalar\u0131 laz\u0131m.<\/div>\n<div>Sadece anlatmalar\u0131 yetmez, inand\u0131r\u0131c\u0131 ve ikna edici de olmalar\u0131 laz\u0131m.<\/div>\n<div dir=\"ltr\"><\/div>\n<div>Aksi halde, ak\u0131l ve bilim sahibi hi\u00e7bir yurtta\u015f bu verilerin do\u011frulu\u011funa inanmaz.<\/div>\n<div dir=\"ltr\"><\/div>\n<div>\u00c7\u00fcnk\u00fc insanlar ya\u015fad\u0131klar\u0131na bakarlar ve bunun \u00fczerinden de\u011ferlendirmeler yaparlar. T\u00dc\u0130K&#8217;in ilan etti\u011fi Ocak 2025 enflasyonunun, memur ve memur emeklilerinin maa\u015flar\u0131ndaki art\u0131\u015f\u0131n yar\u0131s\u0131n\u0131, Ba\u011fkur ve sigorta emeklilerinin maa\u015flar\u0131ndaki art\u0131\u015f\u0131n da \u00fc\u00e7te birini al\u0131p g\u00f6t\u00fcrd\u00fc\u011f\u00fc ortada.<\/div>\n<div>\u00dcstelik de art\u0131\u015fl\u0131 maa\u015flar hen\u00fcz cebe girmeden.<\/div>\n<div>\u0130\u015fte bu y\u00fczdendir ki, vatanda\u015f enflasyonun d\u00fc\u015fece\u011fine ve i\u015flerin ray\u0131na girece\u011fine inanm\u0131yor.<br \/>\nG\u00f6r\u00fcnen o ki, vatanda\u015f taraf\u0131ndan \u00fcm\u00fck s\u0131kma politikas\u0131 olarak adland\u0131r\u0131lan bu politika, beslenme yetersizli\u011finden kaynakl\u0131 sa\u011fl\u0131k sorunlar\u0131na yol a\u00e7maktan \u00f6te bir i\u015fe yaramayacakt\u0131r.<br \/>\nEnflasyonu ve hayat pahal\u0131l\u0131\u011f\u0131n\u0131 ortadan kald\u0131rman\u0131n yolu topyek\u00fcn bir m\u00fccadeleden ge\u00e7er ve y\u00fck\u00fcn da\u011f\u0131t\u0131lmas\u0131nda hakkaniyetli olmay\u0131 gerektirir.<\/div>\n<div>B\u00fct\u00fcn y\u00fck\u00fc emek\u00e7ilerin ve emeklilerin boynuna y\u0131karak bu m\u00fccadelede arzulanan ba\u015far\u0131 sa\u011flanamaz.<\/div>\n<div>T\u0131pk\u0131 bug\u00fcn oldu\u011fu gibi, bunun bir \u00e7\u00f6z\u00fcm yolu olarak g\u00f6r\u00fclmesi halinde ise, emek\u00e7iler ve emekliler bunun ac\u0131s\u0131n\u0131 unutmazlar ve g\u00fcn\u00fc geldi\u011finde de hesab\u0131n\u0131 mutlaka sorarlar.<\/div>\n<div dir=\"ltr\"><span>\u00a0<\/span><\/div>\n<div><span>\u00a0 \u00a0 \u00a0 \u00a0 \u00a0 \u00d6ZL\u00dc S\u00d6ZLER\u0130M<br \/>\n<\/span><\/p>\n<div><\/div>\n<div>&#8211; \u201c\u0130nsan vard\u0131r, makam ve mevki u\u011fruna do\u011fruluktan, hakikatten ve adaletten vazge\u00e7er!<\/div>\n<div>\u0130nsan vard\u0131r, do\u011fruluk, hakikat ve adalet u\u011fruna makam\u0131n\u0131, mevkiini terk eder.&#8221;<\/p>\n<p>&#8211; &#8220;\u0130yili\u011fin anahtar\u0131, k\u00f6t\u00fcl\u00fc\u011f\u00fcn kilidi oland\u0131r insan!&#8221;<\/p>\n<p>&#8211; &#8220;\u0130kbali d\u00fc\u015fmanl\u0131kta bulanlar sadece d\u00fc\u015fman yaratmakla kalmazlar! Yaratt\u0131klar\u0131 d\u00fc\u015fman\u0131 ya\u015fatmak i\u00e7in de ellerinden geleni yaparlar.&#8221;<\/p>\n<p>&#8211; &#8220;Kendi ikbalini milletinin istikbaline tercih eden bir siyaset\u00e7iden o millete hay\u0131r gelmez.&#8221;<\/p>\n<p>&#8220;Ak\u0131l ve bilimle y\u00f6netilen \u00fclkeler istiklal m\u00fccadelesi vermek zorunda kalmazlar.&#8221;<\/p><\/div>\n<\/div>\n","protected":false},"excerpt":{"rendered":"<p>Silifke Toros Mahallesi&#8217;nde pazartesi g\u00fcnleri kurulan Semt Pazar\u0131&#8217;n\u0131 her hafta gezer, fiyat de\u011fi\u015fikliklerini takip ederim. Pazarda sat\u0131lan sebze ve meyvelerin fiyatlar\u0131 Aral\u0131k 2024&#8217;e g\u00f6re pek artm\u0131\u015f g\u00f6r\u00fcnm\u00fcyor. \u00d6zellikle de sebze fiyatlar\u0131. Artmak bir yana, baz\u0131 sebzelerin fiyatlar\u0131nda d\u00fc\u015f\u00fc\u015fler bile var. Kuru erzak, peynir, zeytin vb. fiyatlar\u0131nda ise \u00f6nemli bir de\u011fi\u015fiklik yok. Baz\u0131 \u00fcr\u00fcnlerde ve g\u0131dalarda [&hellip;]<\/p>\n","protected":false},"author":14,"featured_media":91277,"comment_status":"open","ping_status":"open","sticky":false,"template":"","format":"standard","meta":{"footnotes":""},"categories":[47],"tags":[],"class_list":["post-91276","post","type-post","status-publish","format-standard","has-post-thumbnail","hentry","category-erdogan-serin"],"views":56,"_links":{"self":[{"href":"https:\/\/mersingazetesi.com\/index.php\/wp-json\/wp\/v2\/posts\/91276","targetHints":{"allow":["GET"]}}],"collection":[{"href":"https:\/\/mersingazetesi.com\/index.php\/wp-json\/wp\/v2\/posts"}],"about":[{"href":"https:\/\/mersingazetesi.com\/index.php\/wp-json\/wp\/v2\/types\/post"}],"author":[{"embeddable":true,"href":"https:\/\/mersingazetesi.com\/index.php\/wp-json\/wp\/v2\/users\/14"}],"replies":[{"embeddable":true,"href":"https:\/\/mersingazetesi.com\/index.php\/wp-json\/wp\/v2\/comments?post=91276"}],"version-history":[{"count":0,"href":"https:\/\/mersingazetesi.com\/index.php\/wp-json\/wp\/v2\/posts\/91276\/revisions"}],"wp:featuredmedia":[{"embeddable":true,"href":"https:\/\/mersingazetesi.com\/index.php\/wp-json\/wp\/v2\/media\/91277"}],"wp:attachment":[{"href":"https:\/\/mersingazetesi.com\/index.php\/wp-json\/wp\/v2\/media?parent=91276"}],"wp:term":[{"taxonomy":"category","embeddable":true,"href":"https:\/\/mersingazetesi.com\/index.php\/wp-json\/wp\/v2\/categories?post=91276"},{"taxonomy":"post_tag","embeddable":true,"href":"https:\/\/mersingazetesi.com\/index.php\/wp-json\/wp\/v2\/tags?post=91276"}],"curies":[{"name":"wp","href":"https:\/\/api.w.org\/{rel}","templated":true}]}}