{"id":90416,"date":"2025-01-26T10:53:23","date_gmt":"2025-01-26T07:53:23","guid":{"rendered":"https:\/\/mersingazetesi.com\/?p=90416"},"modified":"2025-01-26T11:01:07","modified_gmt":"2025-01-26T08:01:07","slug":"bir-kilicin-kinini-kestigi-nerede-gorulmus","status":"publish","type":"post","link":"https:\/\/mersingazetesi.com\/index.php\/2025\/01\/26\/bir-kilicin-kinini-kestigi-nerede-gorulmus\/","title":{"rendered":"B\u0130R KILICIN KININI KEST\u0130\u011e\u0130 NEREDE G\u00d6R\u00dcLM\u00dc\u015e?"},"content":{"rendered":"<div dir=\"ltr\">\n<div dir=\"ltr\">Bu \u00dclke \u0130nsan\u0131, zincir okullar\u0131 olan Milli E\u011fitim Bakanlar\u0131, zincir hastaneleri olan Sa\u011fl\u0131k Bakanlar\u0131 ve otelleri olan K\u00fclt\u00fcr ve Turizm Bakanlar\u0131 g\u00f6rd\u00fc.<\/div>\n<div dir=\"ltr\">B\u00fct\u00fcn bunlar olup biterken de muhalefetten bir yetkili \u00e7\u0131k\u0131p, bunlar do\u011fru g\u00f6revlendirmeler de\u011fil demedi, diyemedi.<\/div>\n<div dir=\"ltr\"><\/div>\n<div dir=\"ltr\">Bu bakanlar\u0131n sahibi olduklar\u0131 \u00f6zel okullar\u0131, \u00f6zel hastaneleri ve turizm belgeli otelleri kim denetleyecek?<\/div>\n<div dir=\"ltr\">Emirlerinde g\u00f6rev yapan b\u00fcrokratlar de\u011fil mi?<\/div>\n<div dir=\"ltr\">Peki, bu bakanlar\u0131n atad\u0131\u011f\u0131 b\u00fcrokratlar, kendilerini bu g\u00f6reve getirenlere ait i\u015fyerlerini nas\u0131l denetleyecek?<\/div>\n<div dir=\"ltr\"><\/div>\n<div dir=\"ltr\">Diyelim denetledi ve birtak\u0131m kusurlar, hatalar, eksiklikler ve usuls\u00fczl\u00fckler buldu.<\/div>\n<div dir=\"ltr\">Bunlar\u0131 nas\u0131l kayda ge\u00e7irip de rapor edecek?<\/div>\n<div dir=\"ltr\">Hi\u00e7 kimse kusura bakmas\u0131n! Kaderi bir bakan\u0131n iki duda\u011f\u0131 aras\u0131nda olan hi\u00e7bir b\u00fcrokrat bunu yapmaz.<\/div>\n<div dir=\"ltr\">Yapmaya kalkan olursa da kendini kap\u0131n\u0131n \u00f6n\u00fcnde bulur.<\/div>\n<div dir=\"ltr\">O y\u00fczdendir ki, toplum olarak (ahbap \u00e7avu\u015f ili\u015fkisini do\u011furacak) bu t\u00fcr g\u00f6revlendirmelere kar\u015f\u0131 \u00e7\u0131kmam\u0131z ve itiraz etmemiz laz\u0131m.<\/div>\n<div dir=\"ltr\">En ba\u015fta da \u00dclke&#8217;yi y\u00f6netmeye talip olan se\u00e7ilmi\u015flerin itiraz etmeleri laz\u0131m.<\/div>\n<div dir=\"ltr\">Bakanl\u0131k yapacak yetenekte ve yeterlilikte ba\u015fka insan m\u0131 yok bu \u00dclke&#8217;de (?) demeleri laz\u0131m.<\/div>\n<div dir=\"ltr\">Bu t\u00fcr g\u00f6revlendirmelere en \u00fcst perdeden itiraz etmeleri laz\u0131m. \u0130tiraz etmenin de \u00f6tesinde, politik tav\u0131r ve duru\u015flar\u0131yla cayd\u0131r\u0131c\u0131 olmalar\u0131 laz\u0131m.<\/div>\n<div dir=\"ltr\">Aksi halde, g\u00f6rmek, duymak ve ya\u015famak istemedi\u011fimiz her t\u00fcrl\u00fc k\u00f6t\u00fcl\u00fck kaderimiz olur.<\/div>\n<div dir=\"ltr\">O nedenledir ki, toplum olarak akl\u0131m\u0131z\u0131 ba\u015f\u0131m\u0131za almam\u0131z ve bu t\u00fcr g\u00f6revlendirmelerin normalle\u015ftirilmesine izin ve f\u0131rsat vermememiz laz\u0131m. Unutmayal\u0131m!<\/div>\n<div dir=\"ltr\">Y\u00f6netme mevki ve sorumlulu\u011funda olan hi\u00e7bir siyaset\u00e7i halka ra\u011fmen bir \u015fey yapamaz.<\/div>\n<div dir=\"ltr\">Yapmaya kalkarsa da sand\u0131kta bunun bedelini \u00f6der. Hem de en a\u011f\u0131r \u015fekilde \u00f6der.<\/div>\n<div dir=\"ltr\"><\/div>\n<div dir=\"ltr\">\u00a0 \u00a0 \u00a0 \u00a0 \u00a0 \u00d6ZL\u00dc S\u00d6ZLER\u0130M<\/div>\n<div dir=\"ltr\"><\/div>\n<div dir=\"ltr\">&#8211; &#8220;Hayat insanlar\u0131 \u00f6nce s\u0131navdan ge\u00e7irir, sonra da derslerini verir. Bu y\u00fczden de \u00f6\u011frettikleri hi\u00e7 unutulmaz.&#8221;<\/p>\n<p>&#8211; &#8220;Hayat, senaristini (oyun yazar\u0131n\u0131) ve y\u00f6netmenini bildi\u011fimiz fakat senaryosunu bilmedi\u011fimiz tek ki\u015filik bir oyundur!&#8221;<\/p><\/div>\n<\/div>\n","protected":false},"excerpt":{"rendered":"<p>Bu \u00dclke \u0130nsan\u0131, zincir okullar\u0131 olan Milli E\u011fitim Bakanlar\u0131, zincir hastaneleri olan Sa\u011fl\u0131k Bakanlar\u0131 ve otelleri olan K\u00fclt\u00fcr ve Turizm Bakanlar\u0131 g\u00f6rd\u00fc. B\u00fct\u00fcn bunlar olup biterken de muhalefetten bir yetkili \u00e7\u0131k\u0131p, bunlar do\u011fru g\u00f6revlendirmeler de\u011fil demedi, diyemedi. Bu bakanlar\u0131n sahibi olduklar\u0131 \u00f6zel okullar\u0131, \u00f6zel hastaneleri ve turizm belgeli otelleri kim denetleyecek? Emirlerinde g\u00f6rev yapan b\u00fcrokratlar [&hellip;]<\/p>\n","protected":false},"author":14,"featured_media":89851,"comment_status":"open","ping_status":"open","sticky":false,"template":"","format":"standard","meta":{"footnotes":""},"categories":[47],"tags":[],"class_list":["post-90416","post","type-post","status-publish","format-standard","has-post-thumbnail","hentry","category-erdogan-serin"],"views":62,"_links":{"self":[{"href":"https:\/\/mersingazetesi.com\/index.php\/wp-json\/wp\/v2\/posts\/90416","targetHints":{"allow":["GET"]}}],"collection":[{"href":"https:\/\/mersingazetesi.com\/index.php\/wp-json\/wp\/v2\/posts"}],"about":[{"href":"https:\/\/mersingazetesi.com\/index.php\/wp-json\/wp\/v2\/types\/post"}],"author":[{"embeddable":true,"href":"https:\/\/mersingazetesi.com\/index.php\/wp-json\/wp\/v2\/users\/14"}],"replies":[{"embeddable":true,"href":"https:\/\/mersingazetesi.com\/index.php\/wp-json\/wp\/v2\/comments?post=90416"}],"version-history":[{"count":0,"href":"https:\/\/mersingazetesi.com\/index.php\/wp-json\/wp\/v2\/posts\/90416\/revisions"}],"wp:featuredmedia":[{"embeddable":true,"href":"https:\/\/mersingazetesi.com\/index.php\/wp-json\/wp\/v2\/media\/89851"}],"wp:attachment":[{"href":"https:\/\/mersingazetesi.com\/index.php\/wp-json\/wp\/v2\/media?parent=90416"}],"wp:term":[{"taxonomy":"category","embeddable":true,"href":"https:\/\/mersingazetesi.com\/index.php\/wp-json\/wp\/v2\/categories?post=90416"},{"taxonomy":"post_tag","embeddable":true,"href":"https:\/\/mersingazetesi.com\/index.php\/wp-json\/wp\/v2\/tags?post=90416"}],"curies":[{"name":"wp","href":"https:\/\/api.w.org\/{rel}","templated":true}]}}