{"id":904,"date":"2021-11-23T11:48:00","date_gmt":"2021-11-23T08:48:00","guid":{"rendered":"http:\/\/mersin.mesiad.org\/index.php\/2021\/11\/23\/11-yasindaki-cocuk-elini-kiyma-makinesine-kaptirdi\/"},"modified":"2021-11-23T11:48:00","modified_gmt":"2021-11-23T08:48:00","slug":"11-yasindaki-cocuk-elini-kiyma-makinesine-kaptirdi","status":"publish","type":"post","link":"https:\/\/mersingazetesi.com\/index.php\/2021\/11\/23\/11-yasindaki-cocuk-elini-kiyma-makinesine-kaptirdi\/","title":{"rendered":"11 ya\u015f\u0131ndaki \u00e7ocuk elini k\u0131yma makinesine kapt\u0131rd\u0131"},"content":{"rendered":"<p><span style=\"color: rgb(0, 0, 0); font-family: Tahoma, Arial, 'Times New Roman TUR', Verdana; font-size: 15px; line-height: normal;\">Al\u0131nan bilgiye g\u00f6re, An\u0131t Mahallesi, Mehmet Akif Ersoy Caddesi&#8217;nde tavuk\u00e7u d\u00fckkan\u0131nda, teyzesine yard\u0131m eden d\u00f6rd\u00fcnc\u00fc s\u0131n\u0131f \u00f6\u011frencisi \u00c7.G.&#8217;nin eli k\u0131yma makinesine s\u0131k\u0131\u015ft\u0131.<\/span><br style=\"color: rgb(0, 0, 0); font-family: Tahoma, Arial, 'Times New Roman TUR', Verdana; font-size: 15px; line-height: normal;\" \/><br \/>\n<span style=\"color: rgb(0, 0, 0); font-family: Tahoma, Arial, 'Times New Roman TUR', Verdana; font-size: 15px; line-height: normal;\">\u0130hbar sonras\u0131 olay yerine giden Mersin B\u00fcy\u00fck\u015fehir Belediyesi itfaiye ekipleri, k\u0131yma makinesini yerinden s\u00f6kerek yaral\u0131 \u00c7.G. ile birlikte m\u00fcdahalede bulunmak \u00fczere Tarsus Devlet Hastanesi&#8217;ne g\u00f6t\u00fcrd\u00fc. Hastane ortam\u0131nda yap\u0131lan m\u00fcdahale sonucunda \u00c7.G.&#8217;nin eli s\u0131k\u0131\u015ft\u0131\u011f\u0131 k\u0131yma makinesinden kurtar\u0131ld\u0131.<\/span><br style=\"color: rgb(0, 0, 0); font-family: Tahoma, Arial, 'Times New Roman TUR', Verdana; font-size: 15px; line-height: normal;\" \/><br \/>\n<span style=\"color: rgb(0, 0, 0); font-family: Tahoma, Arial, 'Times New Roman TUR', Verdana; font-size: 15px; line-height: normal;\">Parmaklar\u0131nda k\u0131r\u0131k ve ezik oldu\u011fu belirtilen \u00c7.G.&#8217;nin tedavisine ba\u015flan\u0131ld\u0131.<\/span><\/p>\n","protected":false},"excerpt":{"rendered":"<p>Mersin&#8217;in Tarsus il\u00e7esinde elini k\u0131yma makinesine kapt\u0131ran 11 ya\u015f\u0131ndaki \u00e7ocuk, itfaiye ekiplerince kurtar\u0131ld\u0131.<\/p>\n","protected":false},"author":2,"featured_media":0,"comment_status":"open","ping_status":"open","sticky":false,"template":"","format":"standard","meta":{"footnotes":""},"categories":[],"tags":[],"class_list":["post-904","post","type-post","status-publish","format-standard","hentry"],"views":20,"_links":{"self":[{"href":"https:\/\/mersingazetesi.com\/index.php\/wp-json\/wp\/v2\/posts\/904","targetHints":{"allow":["GET"]}}],"collection":[{"href":"https:\/\/mersingazetesi.com\/index.php\/wp-json\/wp\/v2\/posts"}],"about":[{"href":"https:\/\/mersingazetesi.com\/index.php\/wp-json\/wp\/v2\/types\/post"}],"author":[{"embeddable":true,"href":"https:\/\/mersingazetesi.com\/index.php\/wp-json\/wp\/v2\/users\/2"}],"replies":[{"embeddable":true,"href":"https:\/\/mersingazetesi.com\/index.php\/wp-json\/wp\/v2\/comments?post=904"}],"version-history":[{"count":0,"href":"https:\/\/mersingazetesi.com\/index.php\/wp-json\/wp\/v2\/posts\/904\/revisions"}],"wp:attachment":[{"href":"https:\/\/mersingazetesi.com\/index.php\/wp-json\/wp\/v2\/media?parent=904"}],"wp:term":[{"taxonomy":"category","embeddable":true,"href":"https:\/\/mersingazetesi.com\/index.php\/wp-json\/wp\/v2\/categories?post=904"},{"taxonomy":"post_tag","embeddable":true,"href":"https:\/\/mersingazetesi.com\/index.php\/wp-json\/wp\/v2\/tags?post=904"}],"curies":[{"name":"wp","href":"https:\/\/api.w.org\/{rel}","templated":true}]}}