{"id":90349,"date":"2025-01-24T16:16:51","date_gmt":"2025-01-24T13:16:51","guid":{"rendered":"https:\/\/mersingazetesi.com\/?p=90349"},"modified":"2025-01-24T16:23:46","modified_gmt":"2025-01-24T13:23:46","slug":"turk-milliyetcileri-yol-ayriminda","status":"publish","type":"post","link":"https:\/\/mersingazetesi.com\/index.php\/2025\/01\/24\/turk-milliyetcileri-yol-ayriminda\/","title":{"rendered":"T\u00dcRK M\u0130LL\u0130YET\u00c7\u0130LER\u0130 YOL AYRIMINDA!"},"content":{"rendered":"<div dir=\"ltr\">Yap\u0131lan kamuoyu ara\u015ft\u0131rmalar\u0131 g\u00f6steriyor ki, \u00dclkemizde kendilerini T\u00fcrk Milliyet\u00e7isi olarak tan\u0131mlayan y\u00fczde yirmilik bir kesim var.<\/div>\n<div dir=\"ltr\">Bu kesim, son zamanlarda ikiye b\u00f6l\u00fcnm\u00fc\u015f durumda.<\/div>\n<div dir=\"ltr\">Bir tarafta &#8220;Mustafa Kemal&#8217;in Askerleriyiz&#8221; diyen laik ve sek\u00fcler anlay\u0131\u015fa sahip orta ya\u015f \u00fcst\u00fc milliyet\u00e7iler, di\u011fer tarafta &#8220;Ya Allah Bismillah Allahu Ekber&#8221; diyen orta ya\u015f alt\u0131 milliyet\u00e7iler.<\/div>\n<div dir=\"ltr\">Bu iki kesim an itibariyle b\u00fcy\u00fck bir (siyasi) kavga halinde.<\/div>\n<div dir=\"ltr\">Kavgan\u0131n taraflar\u0131ndan biri olan ve g\u00fc\u00e7ler ayr\u0131l\u0131\u011f\u0131na dayal\u0131 parlamenter sistemi savunan \u0130Y\u0130 Parti ve Zafer Partisi mensuplar\u0131 &#8220;kahrolsun istibdat, ya\u015fas\u0131n h\u00fcrriyet!&#8221; diye meydanlarda slogan atarken, mevcut sistemi savunan ve siyaseti hamasi nutuk atmaktan ibaret sanan di\u011fer tarafdaki MHP mensuplar\u0131 ise &#8220;Kurdun yuvas\u0131na giren \u00e7akal\u0131n ak\u0131beti par\u00e7alanmakt\u0131r.&#8221; diyerek sosyal medya \u00fczerinden payla\u015f\u0131m yap\u0131yor.<br \/>\nKanaatim o ki, k\u00f6kl\u00fc bir parti olan ve kendisini kurdun yuvas\u0131 olarak g\u00f6ren MHP, eskisi kadar g\u00fc\u00e7l\u00fc olmasa bile \u00f6n\u00fcm\u00fczdeki d\u00f6nemde de kurumsal varl\u0131\u011f\u0131n\u0131 s\u00fcrd\u00fcrecektir.<\/div>\n<div dir=\"ltr\">Kar\u015f\u0131 taraftaki \u0130Y\u0130 Parti ve Zafer Partisi ise tek \u00e7at\u0131 alt\u0131nda birle\u015fme yoluna gidecektir.<\/div>\n<div dir=\"ltr\">Bu da demektir ki, T\u00fcrk Milliyet\u00e7ileri bundan b\u00f6yle tek \u00e7at\u0131 alt\u0131nda asla y\u00fczde yirmileri g\u00f6remeyecektir. \u00c7\u00fcnk\u00fc giderek k\u0131z\u0131\u015fan ve d\u00f6n\u00fc\u015f\u00fc olmayan bir yola giren bu kavga y\u00fcz\u00fcnden T\u00fcrk Milliyet\u00e7ileri&#8217;nin tek \u00e7at\u0131 alt\u0131nda toplanma ihtimali ortadan kalkm\u0131\u015ft\u0131r.<\/div>\n<div dir=\"ltr\">Bu durum, \u00f6n\u00fcm\u00fczdeki d\u00f6nemde T\u00fcrk siyasetindeki ta\u015flar\u0131n yeniden d\u00f6\u015fenece\u011fini ve siyasi dengelerin b\u00fct\u00fcn\u00fcyle de\u011fi\u015fece\u011fini g\u00f6steriyor.<\/div>\n<div dir=\"ltr\"><\/div>\n<div dir=\"ltr\">\u00a0 \u00a0 \u00a0 \u00a0 \u00a0 \u00a0 \u00a0 \u00d6ZL\u00dc S\u00d6Z\u00dcM<\/div>\n<div dir=\"ltr\"><\/div>\n<p><span dir=\"ltr\">&#8220;Bir at\u0131n nas\u0131l ko\u015faca\u011f\u0131na o at\u0131n binicisi (dizginini elinde bulunduran) karar verir.&#8221;<\/span><\/p>\n","protected":false},"excerpt":{"rendered":"<p>Yap\u0131lan kamuoyu ara\u015ft\u0131rmalar\u0131 g\u00f6steriyor ki, \u00dclkemizde kendilerini T\u00fcrk Milliyet\u00e7isi olarak tan\u0131mlayan y\u00fczde yirmilik bir kesim var. Bu kesim, son zamanlarda ikiye b\u00f6l\u00fcnm\u00fc\u015f durumda. Bir tarafta &#8220;Mustafa Kemal&#8217;in Askerleriyiz&#8221; diyen laik ve sek\u00fcler anlay\u0131\u015fa sahip orta ya\u015f \u00fcst\u00fc milliyet\u00e7iler, di\u011fer tarafta &#8220;Ya Allah Bismillah Allahu Ekber&#8221; diyen orta ya\u015f alt\u0131 milliyet\u00e7iler. Bu iki kesim an itibariyle [&hellip;]<\/p>\n","protected":false},"author":14,"featured_media":89851,"comment_status":"open","ping_status":"open","sticky":false,"template":"","format":"standard","meta":{"footnotes":""},"categories":[47],"tags":[],"class_list":["post-90349","post","type-post","status-publish","format-standard","has-post-thumbnail","hentry","category-erdogan-serin"],"views":62,"_links":{"self":[{"href":"https:\/\/mersingazetesi.com\/index.php\/wp-json\/wp\/v2\/posts\/90349","targetHints":{"allow":["GET"]}}],"collection":[{"href":"https:\/\/mersingazetesi.com\/index.php\/wp-json\/wp\/v2\/posts"}],"about":[{"href":"https:\/\/mersingazetesi.com\/index.php\/wp-json\/wp\/v2\/types\/post"}],"author":[{"embeddable":true,"href":"https:\/\/mersingazetesi.com\/index.php\/wp-json\/wp\/v2\/users\/14"}],"replies":[{"embeddable":true,"href":"https:\/\/mersingazetesi.com\/index.php\/wp-json\/wp\/v2\/comments?post=90349"}],"version-history":[{"count":0,"href":"https:\/\/mersingazetesi.com\/index.php\/wp-json\/wp\/v2\/posts\/90349\/revisions"}],"wp:featuredmedia":[{"embeddable":true,"href":"https:\/\/mersingazetesi.com\/index.php\/wp-json\/wp\/v2\/media\/89851"}],"wp:attachment":[{"href":"https:\/\/mersingazetesi.com\/index.php\/wp-json\/wp\/v2\/media?parent=90349"}],"wp:term":[{"taxonomy":"category","embeddable":true,"href":"https:\/\/mersingazetesi.com\/index.php\/wp-json\/wp\/v2\/categories?post=90349"},{"taxonomy":"post_tag","embeddable":true,"href":"https:\/\/mersingazetesi.com\/index.php\/wp-json\/wp\/v2\/tags?post=90349"}],"curies":[{"name":"wp","href":"https:\/\/api.w.org\/{rel}","templated":true}]}}