{"id":90217,"date":"2025-01-23T11:22:10","date_gmt":"2025-01-23T08:22:10","guid":{"rendered":"https:\/\/mersingazetesi.com\/?p=90217"},"modified":"2025-01-23T11:22:10","modified_gmt":"2025-01-23T08:22:10","slug":"siyasetimizin-kronik-hastaligi-devsirmecilik","status":"publish","type":"post","link":"https:\/\/mersingazetesi.com\/index.php\/2025\/01\/23\/siyasetimizin-kronik-hastaligi-devsirmecilik\/","title":{"rendered":"S\u0130YASET\u0130M\u0130Z\u0130N KRON\u0130K HASTALI\u011eI: DEV\u015e\u0130RMEC\u0130L\u0130K"},"content":{"rendered":"<div dir=\"ltr\">Kemal K\u0131l\u0131\u00e7daro\u011flu liderli\u011findeki CHP \u00f6nce dev\u015firiyordu, sonra da dev\u015firdiklerini milletvekili yap\u0131yordu.<\/div>\n<div dir=\"ltr\">AK Parti ise do\u011frudan milletvekili dev\u015firiyor.<\/div>\n<div dir=\"ltr\">Kemal K\u0131l\u0131\u00e7daro\u011flu, partililerini k\u00fcst\u00fcrme pahas\u0131na dev\u015firme politikas\u0131nda inat ve \u0131srar etti!<\/div>\n<div dir=\"ltr\">Gelin g\u00f6r\u00fcn ki, dev\u015firdiklerinin hi\u00e7birinden en k\u00fc\u00e7\u00fck hay\u0131r g\u00f6rmedi.<\/div>\n<div dir=\"ltr\">Tam aksine, birka\u00e7 istisna d\u0131\u015f\u0131nda, dev\u015firdikleri taraf\u0131ndan hep han\u00e7erlendi. Sadece kendisi han\u00e7erlenmedi, kendisiyle birlikte Partisi&#8217;ne g\u00f6n\u00fcl verenler de han\u00e7erlendi.<\/div>\n<div dir=\"ltr\">AK Parti&#8217;nin dev\u015firdiklerinin, iktidarda olman\u0131n getirdi\u011fi avantajla b\u00f6yle bir i\u015fe kalk\u0131\u015fabileceklerine ihtimal vermiyorum.<\/div>\n<div dir=\"ltr\">Dev\u015firilenlerin AK Parti&#8217;ye katk\u0131 sunabileceklerine de ihtimal vermiyorum. \u00c7\u00fcnk\u00fc daha d\u00fcne kadar \u015fiddetle ele\u015ftirdikleri bir siyasi anlay\u0131\u015fa katk\u0131 sunmalar\u0131 m\u00fcmk\u00fcn de\u011fildir.<\/div>\n<div dir=\"ltr\">M\u00fcmk\u00fcn olmad\u0131\u011f\u0131 gibi ger\u00e7ek\u00e7i de de\u011fildir.<\/div>\n<div dir=\"ltr\">O nedenledir ki, AK Parti, t\u0131pk\u0131 Kemal K\u0131l\u0131\u00e7daro\u011flu liderli\u011findeki CHP gibi dev\u015firdiklerinden bir hay\u0131r g\u00f6rmeyecektir. Siyasette as\u0131l olan tabandan beslenme ve iyi, g\u00fczel i\u015fler yaparak taban\u0131 b\u00fcy\u00fctmedir.<\/div>\n<div dir=\"ltr\">En \u00f6nemlisi de yol arkada\u015flar\u0131yla birlikte y\u00fcr\u00fcmedir.<\/div>\n<div dir=\"ltr\">Dev\u015firmecilikle partilerin oyu artsayd\u0131, Kemal K\u0131l\u0131\u00e7daro\u011flu liderli\u011findeki CHP&#8217;nin oyu artard\u0131.<\/div>\n<div dir=\"ltr\">Kemal K\u0131l\u0131\u00e7daro\u011flu her g\u00f6r\u00fc\u015ften insan\u0131 dev\u015firip milletvekili yapt\u0131\u011f\u0131 halde Partisi&#8217;nin oyunu bir t\u00fcrl\u00fc art\u0131ramad\u0131.<\/div>\n<div dir=\"ltr\">Kanaatim o ki, bu dev\u015firmelerin de AK Parti oylar\u0131na olumlu katk\u0131lar\u0131 olmayacakt\u0131r.<\/div>\n<div dir=\"ltr\">Fakat ger\u00e7ek olan \u015fu ki, T\u00fcrk siyaseti etik olmayan bu dev\u015firmecilik politikas\u0131 y\u00fcz\u00fcnden hi\u00e7bir zaman rol model olamayacakt\u0131r.<br \/>\nT\u00fcrk i\u00e7 siyasetinin sa\u011fl\u0131kl\u0131 bir yap\u0131ya kavu\u015farak s\u0131n\u0131f atlamas\u0131 umut ve dile\u011fimle esen kal\u0131n!<\/div>\n<div dir=\"ltr\"><\/div>\n<div dir=\"ltr\">\u00d6ZL\u00dc S\u00d6ZLER\u0130M<\/div>\n<div dir=\"ltr\"><\/div>\n<div dir=\"ltr\">&#8211; &#8220;Demokrasisi ve hukuk sistemi geli\u015fmi\u015f \u00fclkelerin y\u00f6neticileri kusurlu ya da hatal\u0131 bir i\u015f yapt\u0131klar\u0131nda \u00f6nce \u00f6z\u00fcr dilerler, sonra da istifa edip bir kenara \u00e7ekilirler. Demokrasisi ve hukuk sistemi geli\u015fmemi\u015f \u00fclkelerin y\u00f6neticileri ise \u00f6nce inkar ederler, sonra da iftira atmaya ve kara \u00e7almaya giri\u015firler.&#8221;<\/div>\n<div dir=\"ltr\"><\/div>\n<div dir=\"ltr\">\n&#8211; &#8220;Sefaletin ve felaketin iki mimar\u0131 vard\u0131r! Biri cehalet, \u00f6tekisi atalet.&#8221;<br \/>\n(Atalet : Bo\u015f vermi\u015flik, tembellik)<\/div>\n<div dir=\"ltr\">\n<p>&#8211; &#8220;Otoriter y\u00f6netimler i\u00e7in en b\u00fcy\u00fck ve en affedilmez su\u00e7 d\u00fc\u015f\u00fcnce su\u00e7udur.&#8221;<\/p><\/div>\n","protected":false},"excerpt":{"rendered":"<p>Kemal K\u0131l\u0131\u00e7daro\u011flu liderli\u011findeki CHP \u00f6nce dev\u015firiyordu, sonra da dev\u015firdiklerini milletvekili yap\u0131yordu. AK Parti ise do\u011frudan milletvekili dev\u015firiyor. Kemal K\u0131l\u0131\u00e7daro\u011flu, partililerini k\u00fcst\u00fcrme pahas\u0131na dev\u015firme politikas\u0131nda inat ve \u0131srar etti! Gelin g\u00f6r\u00fcn ki, dev\u015firdiklerinin hi\u00e7birinden en k\u00fc\u00e7\u00fck hay\u0131r g\u00f6rmedi. Tam aksine, birka\u00e7 istisna d\u0131\u015f\u0131nda, dev\u015firdikleri taraf\u0131ndan hep han\u00e7erlendi. Sadece kendisi han\u00e7erlenmedi, kendisiyle birlikte Partisi&#8217;ne g\u00f6n\u00fcl verenler de [&hellip;]<\/p>\n","protected":false},"author":14,"featured_media":89851,"comment_status":"open","ping_status":"open","sticky":false,"template":"","format":"standard","meta":{"footnotes":""},"categories":[47],"tags":[],"class_list":["post-90217","post","type-post","status-publish","format-standard","has-post-thumbnail","hentry","category-erdogan-serin"],"views":86,"_links":{"self":[{"href":"https:\/\/mersingazetesi.com\/index.php\/wp-json\/wp\/v2\/posts\/90217","targetHints":{"allow":["GET"]}}],"collection":[{"href":"https:\/\/mersingazetesi.com\/index.php\/wp-json\/wp\/v2\/posts"}],"about":[{"href":"https:\/\/mersingazetesi.com\/index.php\/wp-json\/wp\/v2\/types\/post"}],"author":[{"embeddable":true,"href":"https:\/\/mersingazetesi.com\/index.php\/wp-json\/wp\/v2\/users\/14"}],"replies":[{"embeddable":true,"href":"https:\/\/mersingazetesi.com\/index.php\/wp-json\/wp\/v2\/comments?post=90217"}],"version-history":[{"count":0,"href":"https:\/\/mersingazetesi.com\/index.php\/wp-json\/wp\/v2\/posts\/90217\/revisions"}],"wp:featuredmedia":[{"embeddable":true,"href":"https:\/\/mersingazetesi.com\/index.php\/wp-json\/wp\/v2\/media\/89851"}],"wp:attachment":[{"href":"https:\/\/mersingazetesi.com\/index.php\/wp-json\/wp\/v2\/media?parent=90217"}],"wp:term":[{"taxonomy":"category","embeddable":true,"href":"https:\/\/mersingazetesi.com\/index.php\/wp-json\/wp\/v2\/categories?post=90217"},{"taxonomy":"post_tag","embeddable":true,"href":"https:\/\/mersingazetesi.com\/index.php\/wp-json\/wp\/v2\/tags?post=90217"}],"curies":[{"name":"wp","href":"https:\/\/api.w.org\/{rel}","templated":true}]}}