{"id":888,"date":"2021-11-23T11:47:58","date_gmt":"2021-11-23T08:47:58","guid":{"rendered":"http:\/\/mersin.mesiad.org\/index.php\/2021\/11\/23\/tarhan-en-buyuk-hayalim-mezitlide-yasayanlarin-mutlu-olmasidir\/"},"modified":"2021-11-23T11:47:58","modified_gmt":"2021-11-23T08:47:58","slug":"tarhan-en-buyuk-hayalim-mezitlide-yasayanlarin-mutlu-olmasidir","status":"publish","type":"post","link":"https:\/\/mersingazetesi.com\/index.php\/2021\/11\/23\/tarhan-en-buyuk-hayalim-mezitlide-yasayanlarin-mutlu-olmasidir\/","title":{"rendered":"Tarhan: &#8220;En b\u00fcy\u00fck hayalim Mezitli&#8217;de ya\u015fayanlar\u0131n mutlu olmas\u0131d\u0131r&#8221;"},"content":{"rendered":"<p><span style=\"color: rgb(0, 0, 0); font-family: Tahoma, Arial, 'Times New Roman TUR', Verdana; font-size: 15px; line-height: normal;\">\u00d6zel bir okulun \u00f6\u011frencileriyle \u2018Belediye Y\u00f6netimi ve Mezitli\u2019 konulu panelde bir araya gelen Ba\u015fkan Tarhan, projeleri ve ger\u00e7ekle\u015ftirdi\u011fi hizmetler hakk\u0131nda bilgiler verdi, \u00f6\u011frencilerin sorular\u0131n\u0131 yan\u0131tlad\u0131.\u00a0<\/span><br style=\"color: rgb(0, 0, 0); font-family: Tahoma, Arial, 'Times New Roman TUR', Verdana; font-size: 15px; line-height: normal;\" \/><br \/>\n<span style=\"color: rgb(0, 0, 0); font-family: Tahoma, Arial, 'Times New Roman TUR', Verdana; font-size: 15px; line-height: normal;\">25 y\u0131l gibi uzun bir s\u00fcredir belediyenin \u00e7e\u015fitli kademelerinde g\u00f6rev ald\u0131\u011f\u0131n\u0131 belirten Ba\u015fkan Tarhan, 3 y\u0131ld\u0131r da Mezitli i\u00e7in hizmet \u00fcretmeye \u00e7al\u0131\u015ft\u0131\u011f\u0131n\u0131 s\u00f6yledi. Bir hayali ger\u00e7ekle\u015ftirmek amac\u0131yla Mezitli Belediye ba\u015fkan\u0131 oldu\u011funu ifade eden Tarhan, &#8220;Herkesin bir hayali vard\u0131r. Salonda bulunan \u00f6\u011frencilerinde bir hayali vard\u0131r. Belki kimisi doktor olmak istiyor. Belki de i\u015f adam\u0131 veya hakim olmak isteyenler var. Benim de en b\u00fcy\u00fck hayalim Mezitli&#8217;de ya\u015fayan insanlar\u0131n mutlu olmas\u0131d\u0131r. Bunu sa\u011flamak i\u00e7in de \u00e7e\u015fitli projelere imza at\u0131yor, etkinlikler d\u00fczenliyoruz&#8221; diye konu\u015ftu.<\/span><\/p>\n","protected":false},"excerpt":{"rendered":"<p>Mersin&#8217;in merkez il\u00e7e Mezitli Belediye Ba\u015fkan\u0131 Ne\u015fet Tarhan, &#8220;En b\u00fcy\u00fck hayalim, Mezitli&#8217;de ya\u015fayan insanlar\u0131n mutlu olmas\u0131d\u0131r&#8221; dedi.<\/p>\n","protected":false},"author":2,"featured_media":0,"comment_status":"open","ping_status":"open","sticky":false,"template":"","format":"standard","meta":{"footnotes":""},"categories":[],"tags":[],"class_list":["post-888","post","type-post","status-publish","format-standard","hentry"],"views":20,"_links":{"self":[{"href":"https:\/\/mersingazetesi.com\/index.php\/wp-json\/wp\/v2\/posts\/888","targetHints":{"allow":["GET"]}}],"collection":[{"href":"https:\/\/mersingazetesi.com\/index.php\/wp-json\/wp\/v2\/posts"}],"about":[{"href":"https:\/\/mersingazetesi.com\/index.php\/wp-json\/wp\/v2\/types\/post"}],"author":[{"embeddable":true,"href":"https:\/\/mersingazetesi.com\/index.php\/wp-json\/wp\/v2\/users\/2"}],"replies":[{"embeddable":true,"href":"https:\/\/mersingazetesi.com\/index.php\/wp-json\/wp\/v2\/comments?post=888"}],"version-history":[{"count":0,"href":"https:\/\/mersingazetesi.com\/index.php\/wp-json\/wp\/v2\/posts\/888\/revisions"}],"wp:attachment":[{"href":"https:\/\/mersingazetesi.com\/index.php\/wp-json\/wp\/v2\/media?parent=888"}],"wp:term":[{"taxonomy":"category","embeddable":true,"href":"https:\/\/mersingazetesi.com\/index.php\/wp-json\/wp\/v2\/categories?post=888"},{"taxonomy":"post_tag","embeddable":true,"href":"https:\/\/mersingazetesi.com\/index.php\/wp-json\/wp\/v2\/tags?post=888"}],"curies":[{"name":"wp","href":"https:\/\/api.w.org\/{rel}","templated":true}]}}