{"id":88563,"date":"2024-12-27T11:45:08","date_gmt":"2024-12-27T08:45:08","guid":{"rendered":"https:\/\/mersingazetesi.com\/?p=88563"},"modified":"2024-12-27T11:45:08","modified_gmt":"2024-12-27T08:45:08","slug":"emekci-zokayi-yedi-simdi-sira-emeklide","status":"publish","type":"post","link":"https:\/\/mersingazetesi.com\/index.php\/2024\/12\/27\/emekci-zokayi-yedi-simdi-sira-emeklide\/","title":{"rendered":"EMEK\u00c7\u0130 ZOKAYI YED\u0130, \u015e\u0130MD\u0130 SIRA EMEKL\u0130DE!"},"content":{"rendered":"<div dir=\"ltr\">2025 Y\u0131l\u0131 i\u00e7in yeniden de\u011ferleme oran\u0131, enflasyon da dikkate al\u0131narak y\u00fczde 43.93 olarak belirlenirken, asgari \u00fccretliye verilen zam y\u00fczde 30 oldu.<\/div>\n<div dir=\"ltr\">Bu demektir ki, \u0130ktidar vatanda\u015ftan ald\u0131\u011f\u0131n\u0131n \u00e7ok alt\u0131nda bir zamm\u0131 emek\u00e7iye lay\u0131k g\u00f6rd\u00fc.<\/div>\n<div dir=\"ltr\">Daha a\u00e7\u0131k bir ifadeyle, emek\u00e7inin cebinden y\u00fczde 15 daha apard\u0131.<\/div>\n<div dir=\"ltr\">B\u00fct\u00fcn bunlar olup biterken, emek\u00e7iyi masada temsil eden ve \u00dclkemizin en b\u00fcy\u00fck i\u015f\u00e7i sendikas\u0131 olan T\u00fcrk-\u0130\u015f&#8217;in ba\u015f\u0131ndaki say\u0131n Erg\u00fcn Atalay da durumu adeta seyretti. Yap\u0131lan bu haks\u0131zl\u0131\u011fa ve adaletsizli\u011fe kar\u015f\u0131, meydanlara \u00e7\u0131kacaklar\u0131na ve gerekirse i\u015f\u00e7inin, emek\u00e7inin \u00fcretimden gelen g\u00fcc\u00fcn\u00fc kullanacaklar\u0131na dair tek laf etmedi.<\/div>\n<div dir=\"ltr\">T\u00fcrk-\u0130\u015f&#8217;in genel ba\u015fkanl\u0131k d\u00fczeyindeki bu pasif tutumu, patronlar\u0131 ve onlarla birlikte hareket eden \u0130ktidar\u0131 resmen cesaretlendirdi. Bunun sonucu olarak da, say\u0131lar\u0131 alt\u0131 bu\u00e7uk milyonu bulan asgari \u00fccretli, \u00e7oluk \u00e7ocu\u011fuyla birlikte a\u00e7l\u0131\u011fa ve sefalete mahkum edildi. G\u00f6r\u00fcnen o ki, \u015fimdi s\u0131ra emeklilerde. Bu gidi\u015fle ikinci zokay\u0131 da onlar yiyecek. Verilecek \u00a0y\u00fczde 15&#8217;lik zamla onlar da a\u00e7l\u0131\u011fa ve sefalete mahkum edilecek. Yerelde birinci parti olan Ana Muhalefet Partisi de en b\u00fcy\u00fck s\u0131nav\u0131n\u0131 bu konuda verecek. CHP&#8217;nin genelde de birinci parti olabilmesi tamamen bu konudaki tavr\u0131na ve tutumuna ba\u011fl\u0131. Do\u011fru politikalar ortaya koyar da, emek\u00e7inin ve emeklinin arkas\u0131nda durabilirse, kanaatim odur ki genelde de birinci parti olur ve h\u0131zla iktidara do\u011fru y\u00fcr\u00fcr. Aksi durumda ise t\u0131pk\u0131 ge\u00e7mi\u015fte oldu\u011fu gibi yerinde sayar durur.<\/div>\n<div id=\"m_-3329466495208867287ms-outlook-mobile-signature\"><\/div>\n<div>\n<div dir=\"ltr\">\u00d6ZL\u00dc S\u00d6ZLER\u0130M<\/p>\n<div dir=\"ltr\"><\/div>\n<div>&#8211; Emevi H\u00fck\u00fcmdar\u0131 1. Velid&#8217;in g\u00f6revlendirdi\u011fi Kuteybe taraf\u0131ndan 710 y\u0131l\u0131nda ger\u00e7ekle\u015ftirilen Talkan-C\u00fcrcan T\u00fcrk katliamlar\u0131, insanl\u0131k tarihinin en b\u00fcy\u00fck ve en vah\u015fi katliamlar\u0131ndan biridir.<\/p>\n<p>&#8211; &#8220;Tarihini bilmeyen, diline, k\u00fclt\u00fcr\u00fcne ve de\u011ferlerine sahip \u00e7\u0131kmayan, de\u011fer \u00fcretebilme ve bilim, sanat yaratabilme kabiliyeti olmayan milletler, s\u00fcr\u00fcnmeye ve yok olmaya mahkumdurlar.&#8221;<\/p>\n<p>Milletimizin ezici \u00e7o\u011funlu\u011fu, maalesef(!) tarihini bilmiyor. Diline, k\u00fclt\u00fcr\u00fcne ve de\u011ferlerine sahip \u00e7\u0131km\u0131yor. De\u011fer \u00fcretme ve bilim, sanat yaratma konusunda da yetersiz kal\u0131yor.<\/p><\/div>\n<div>Dahas\u0131, kendisiyle y\u00fczle\u015fmeye de yana\u015fm\u0131yor. \u00c7\u00fcnk\u00fc bunlar\u0131 sa\u011flayacak bir e\u011fitim sistemimiz yok.<\/div>\n<\/div>\n<\/div>\n","protected":false},"excerpt":{"rendered":"<p>2025 Y\u0131l\u0131 i\u00e7in yeniden de\u011ferleme oran\u0131, enflasyon da dikkate al\u0131narak y\u00fczde 43.93 olarak belirlenirken, asgari \u00fccretliye verilen zam y\u00fczde 30 oldu. Bu demektir ki, \u0130ktidar vatanda\u015ftan ald\u0131\u011f\u0131n\u0131n \u00e7ok alt\u0131nda bir zamm\u0131 emek\u00e7iye lay\u0131k g\u00f6rd\u00fc. Daha a\u00e7\u0131k bir ifadeyle, emek\u00e7inin cebinden y\u00fczde 15 daha apard\u0131. B\u00fct\u00fcn bunlar olup biterken, emek\u00e7iyi masada temsil eden ve \u00dclkemizin en [&hellip;]<\/p>\n","protected":false},"author":14,"featured_media":87959,"comment_status":"open","ping_status":"open","sticky":false,"template":"","format":"standard","meta":{"footnotes":""},"categories":[47],"tags":[],"class_list":["post-88563","post","type-post","status-publish","format-standard","has-post-thumbnail","hentry","category-erdogan-serin"],"views":66,"_links":{"self":[{"href":"https:\/\/mersingazetesi.com\/index.php\/wp-json\/wp\/v2\/posts\/88563","targetHints":{"allow":["GET"]}}],"collection":[{"href":"https:\/\/mersingazetesi.com\/index.php\/wp-json\/wp\/v2\/posts"}],"about":[{"href":"https:\/\/mersingazetesi.com\/index.php\/wp-json\/wp\/v2\/types\/post"}],"author":[{"embeddable":true,"href":"https:\/\/mersingazetesi.com\/index.php\/wp-json\/wp\/v2\/users\/14"}],"replies":[{"embeddable":true,"href":"https:\/\/mersingazetesi.com\/index.php\/wp-json\/wp\/v2\/comments?post=88563"}],"version-history":[{"count":0,"href":"https:\/\/mersingazetesi.com\/index.php\/wp-json\/wp\/v2\/posts\/88563\/revisions"}],"wp:featuredmedia":[{"embeddable":true,"href":"https:\/\/mersingazetesi.com\/index.php\/wp-json\/wp\/v2\/media\/87959"}],"wp:attachment":[{"href":"https:\/\/mersingazetesi.com\/index.php\/wp-json\/wp\/v2\/media?parent=88563"}],"wp:term":[{"taxonomy":"category","embeddable":true,"href":"https:\/\/mersingazetesi.com\/index.php\/wp-json\/wp\/v2\/categories?post=88563"},{"taxonomy":"post_tag","embeddable":true,"href":"https:\/\/mersingazetesi.com\/index.php\/wp-json\/wp\/v2\/tags?post=88563"}],"curies":[{"name":"wp","href":"https:\/\/api.w.org\/{rel}","templated":true}]}}