{"id":87958,"date":"2024-12-18T12:07:48","date_gmt":"2024-12-18T09:07:48","guid":{"rendered":"https:\/\/mersingazetesi.com\/?p=87958"},"modified":"2024-12-18T12:07:48","modified_gmt":"2024-12-18T09:07:48","slug":"2024de-emekli-dovundu-iktidar-ovundu","status":"publish","type":"post","link":"https:\/\/mersingazetesi.com\/index.php\/2024\/12\/18\/2024de-emekli-dovundu-iktidar-ovundu\/","title":{"rendered":"2024&#8217;DE, EMEKL\u0130 D\u00d6V\u00dcND\u00dc, \u0130KT\u0130DAR \u00d6V\u00dcND\u00dc!"},"content":{"rendered":"<div dir=\"ltr\">Emekliler, hi\u00e7bir iktidar d\u00f6neminde, bu kadar sefil ve peri\u015fan duruma d\u00fc\u015f\u00fcr\u00fclmediler.<\/div>\n<div dir=\"ltr\">Bu iktidar, emekliyi hem sefil ve peri\u015fan etti, hem de dalga ge\u00e7ercesine, 2024 Y\u0131l\u0131&#8217;n\u0131 \u2018Emekliler Y\u0131l\u0131\u2019 ilan etti.<\/div>\n<div dir=\"ltr\">Bunu da, her f\u0131rsatta ve her zeminde dile getirmek suretiyle \u00f6v\u00fcn\u00fcp durdu. Emekli s\u00fcr\u00fcn\u00fcrken ve d\u00f6v\u00fcn\u00fcrken, iktidar \u00f6v\u00fcnd\u00fc yani.<\/div>\n<div dir=\"ltr\">Emekliyi sefil ve peri\u015fan etmenin neresinde, nas\u0131l bir \u00f6v\u00fcn\u00e7 kayna\u011f\u0131 varsa?! Emekliler, iktidar\u0131n l\u00fctfu sayesinde ya\u015fad\u0131klar\u0131 bu alt\u0131n y\u0131l\u0131 hi\u00e7 unutmayacaklard\u0131r herhalde?!<\/div>\n<div dir=\"ltr\">\u0130ktidar l\u00fctfedip de yeni bir alt\u0131n y\u0131l daha ya\u015fatmazsa tabi?!<\/div>\n<div dir=\"ltr\">Fakat g\u00f6r\u00fcnen o ki, bu \u0130ktidar emekliye yeni bir alt\u0131n y\u0131l daha ya\u015fatacak ve emekli 2024&#8217;\u00fc adeta mumla arayacak!<\/div>\n<div dir=\"ltr\">\u0130ktidar da bunu, t\u0131pk\u0131 daha \u00f6nce yapt\u0131\u011f\u0131 gibi, meydanlarda balland\u0131ra balland\u0131ra anlatacak.<\/div>\n<div dir=\"ltr\">Lakin her \u015feyin bir bedeli oldu\u011fu gibi, bunun da bir bedeli olacak ve iktidar bu bedeli mutlaka \u00f6deyecek. Se\u00e7im arifesinde a\u011f\u0131za \u00e7al\u0131nacak olas\u0131 bir avu\u00e7 bal da bu ya\u015fananlar\u0131 unutturmaya yetmeyecek. G\u00f6receksiniz, b\u00fct\u00fcn bunlar olacak ve bu \u0130ktidar, emekliye \u00e7ektirdiklerinin bedelini a\u011f\u0131r \u00f6deyecek. \u00c7\u00fcnk\u00fc er ya da ge\u00e7, se\u00e7im sand\u0131\u011f\u0131 emeklinin \u00f6n\u00fcne gelecek.<\/div>\n<div dir=\"ltr\">O g\u00fcn geldi\u011finde, er mi yamanm\u0131\u015f, bey mi yamanm\u0131\u015f herkes g\u00f6recek?!<\/div>\n<div dir=\"ltr\">\u00c7\u00fcnk\u00fc emekli sefil, emekli peri\u015fan.<\/div>\n<div dir=\"ltr\">Emeklinin g\u00f6nl\u00fc yaral\u0131 ve y\u0131k\u0131k.<br \/>\nHaf\u0131z (Sadi \u015eirazi) der ki!<br \/>\n\u201cG\u00f6n\u00fcl yaras\u0131ndan sak\u0131nmak gerek!<br \/>\nKi yoktur cihanda onun merhemi<br \/>\nYapmak dahi varken g\u00f6n\u00fcl y\u0131kma ki!<br \/>\nY\u0131k\u0131k g\u00f6nl\u00fcn ah\u0131 yakar alemi!\u201d<\/div>\n<div dir=\"ltr\"><\/div>\n<div dir=\"ltr\">\u00d6ZL\u00dc S\u00d6ZLER\u0130M:<\/p>\n<p>&#8211; &#8220;Bir \u00fclke y\u00f6netiminin siyasi mizah\u00e7\u0131lara bak\u0131\u015f\u0131, o \u00fclkenin demokratik seviyesini ortaya koyar.&#8221;<\/p>\n<\/div>\n<div dir=\"ltr\">&#8211; &#8220;\u00d6zg\u00fcrl\u00fc\u011f\u00fcn en b\u00fcy\u00fck d\u00fc\u015fman\u0131, iktidar g\u00fcc\u00fcn\u00fc elinde bulunduran otoriter zihniyettir.&#8221;<\/div>\n<div dir=\"ltr\">\n&#8211; &#8220;\u0130ktidar hastal\u0131\u011f\u0131 \u00f6yle bir hastal\u0131kt\u0131r ki, bu hastal\u0131\u011fa yakalananlar\u0131n iktidar u\u011fruna yapamayacaklar\u0131 k\u00f6t\u00fcl\u00fck yoktur.&#8221;<\/div>\n","protected":false},"excerpt":{"rendered":"<p>Emekliler, hi\u00e7bir iktidar d\u00f6neminde, bu kadar sefil ve peri\u015fan duruma d\u00fc\u015f\u00fcr\u00fclmediler. Bu iktidar, emekliyi hem sefil ve peri\u015fan etti, hem de dalga ge\u00e7ercesine, 2024 Y\u0131l\u0131&#8217;n\u0131 \u2018Emekliler Y\u0131l\u0131\u2019 ilan etti. Bunu da, her f\u0131rsatta ve her zeminde dile getirmek suretiyle \u00f6v\u00fcn\u00fcp durdu. Emekli s\u00fcr\u00fcn\u00fcrken ve d\u00f6v\u00fcn\u00fcrken, iktidar \u00f6v\u00fcnd\u00fc yani. Emekliyi sefil ve peri\u015fan etmenin neresinde, nas\u0131l [&hellip;]<\/p>\n","protected":false},"author":14,"featured_media":87959,"comment_status":"open","ping_status":"open","sticky":false,"template":"","format":"standard","meta":{"footnotes":""},"categories":[47],"tags":[],"class_list":["post-87958","post","type-post","status-publish","format-standard","has-post-thumbnail","hentry","category-erdogan-serin"],"views":64,"_links":{"self":[{"href":"https:\/\/mersingazetesi.com\/index.php\/wp-json\/wp\/v2\/posts\/87958","targetHints":{"allow":["GET"]}}],"collection":[{"href":"https:\/\/mersingazetesi.com\/index.php\/wp-json\/wp\/v2\/posts"}],"about":[{"href":"https:\/\/mersingazetesi.com\/index.php\/wp-json\/wp\/v2\/types\/post"}],"author":[{"embeddable":true,"href":"https:\/\/mersingazetesi.com\/index.php\/wp-json\/wp\/v2\/users\/14"}],"replies":[{"embeddable":true,"href":"https:\/\/mersingazetesi.com\/index.php\/wp-json\/wp\/v2\/comments?post=87958"}],"version-history":[{"count":0,"href":"https:\/\/mersingazetesi.com\/index.php\/wp-json\/wp\/v2\/posts\/87958\/revisions"}],"wp:featuredmedia":[{"embeddable":true,"href":"https:\/\/mersingazetesi.com\/index.php\/wp-json\/wp\/v2\/media\/87959"}],"wp:attachment":[{"href":"https:\/\/mersingazetesi.com\/index.php\/wp-json\/wp\/v2\/media?parent=87958"}],"wp:term":[{"taxonomy":"category","embeddable":true,"href":"https:\/\/mersingazetesi.com\/index.php\/wp-json\/wp\/v2\/categories?post=87958"},{"taxonomy":"post_tag","embeddable":true,"href":"https:\/\/mersingazetesi.com\/index.php\/wp-json\/wp\/v2\/tags?post=87958"}],"curies":[{"name":"wp","href":"https:\/\/api.w.org\/{rel}","templated":true}]}}