{"id":87445,"date":"2024-12-11T11:38:18","date_gmt":"2024-12-11T08:38:18","guid":{"rendered":"https:\/\/mersingazetesi.com\/?p=87445"},"modified":"2024-12-11T12:34:26","modified_gmt":"2024-12-11T09:34:26","slug":"silkele-vedat-silkele","status":"publish","type":"post","link":"https:\/\/mersingazetesi.com\/index.php\/2024\/12\/11\/silkele-vedat-silkele\/","title":{"rendered":"S\u0130LKELE VEDAT S\u0130LKELE!!!"},"content":{"rendered":"<div dir=\"ltr\">\n<div>Yerelde birinci parti olan Ana Muhalefet Partisi&#8217;nin ba\u015f\u0131n\u0131 \u00e7ekti\u011fi muhalefet partileri diyor ki!<\/div>\n<div dir=\"ltr\">&#8220;Emeklinin, asgari \u00fccretlinin ve dar gelirinin anas\u0131n\u0131 a\u011flatt\u0131n\u0131z ve bu insanlar\u0131 kuru ekme\u011fe mecbur ve mahkum ettiniz. Her \u015feyin ate\u015f pahas\u0131 oldu\u011fu bir \u00dclke&#8217;de bu \u00fccretlerle ge\u00e7im olmaz! Say\u0131lar\u0131 yirmi be\u015f milyona yakla\u015fan emeklinin ve asgari \u00fccretlinin gelirlerini insanca ya\u015fayabilecekleri bir seviyeye \u00e7\u0131kar\u0131n ve bu insanlar\u0131 rahatlat\u0131n!&#8221;<\/div>\n<div dir=\"ltr\"><\/div>\n<div>Peki, buna kar\u015f\u0131l\u0131k \u0130ktidar ne diyor? &#8220;Silkele Vedat silkele!&#8221;<\/div>\n<div dir=\"ltr\"><\/div>\n<div>Pardon! Kimi, niye silkeliyorsunuz anlamad\u0131k?!<\/div>\n<div>Yetmedi mi emekliyi, asgari \u00fccretliyi ve dar gelirliyi emekletti\u011finiz de, s\u0131ra g\u00f6revi halka hizmet olan belediyelere mi geldi?<\/div>\n<div>El insaf yani! Bu kadar\u0131 da fazla.<\/div>\n<div>S\u00f6yler misiniz l\u00fctfen?!<\/div>\n<div>Ne istiyorsunuz bu insanlardan?<\/div>\n<div>Bu \u00dclke&#8217;de emeklilerin, asgari \u00fccretlilerin ve dar gelirlilerin insanca ya\u015famaya haklar\u0131 yok mu?<\/div>\n<div>Emekli, cebinde verecek har\u00e7l\u0131k olmad\u0131\u011f\u0131 i\u00e7in torunuyla kar\u015f\u0131la\u015fmak istemiyor.<\/div>\n<div>Asgari \u00fccretli ve dar gelirli, \u00e7ocuklar\u0131n\u0131n ve torunlar\u0131n\u0131n can\u0131 \u00e7ekmesin diye televizyonlardaki bal, tereya\u011f\u0131, past\u0131rma, sucuk reklamlar\u0131nda kanal de\u011fi\u015ftiriyor.<\/div>\n<div>Dar gelirli, cebinde paras\u0131 olmad\u0131\u011f\u0131ndan, say\u0131lar\u0131 giderek azalan mahalle bakkallar\u0131ndan veresiye al\u0131\u015fveri\u015f yapmak zorunda kal\u0131yor.<\/div>\n<div>\u00d6nce yiyor, sonra (bulduk\u00e7a) paras\u0131n\u0131 \u00f6d\u00fcyor.<\/div>\n<div>Tasada, k\u0131van\u00e7ta, sevin\u00e7te ve kaderde ortak olan bu Millet&#8217;in en az yar\u0131s\u0131 a\u00e7l\u0131k ve sefaletle bo\u011fu\u015fuyor.<\/div>\n<div>Bu ger\u00e7e\u011fe ra\u011fmen, hal\u00e2 &#8220;silkele Vedat silkele&#8221; diyerek belediyeleri de bu insanlar gibi emekletmenin pe\u015finde ko\u015fuyorsunuz.<\/div>\n<div>Ger\u00e7e\u011fi s\u00f6ylemek gerekirse, bu durum anla\u015f\u0131labilir ve anlat\u0131labilir bir \u015fey de\u011fil.<\/div>\n<div>Art\u0131k \u015fu ger\u00e7e\u011fi g\u00f6r\u00fcn!<\/div>\n<div>T\u00fcrk \u0130nsan\u0131n\u0131n yar\u0131s\u0131 sa\u011fl\u0131ks\u0131z ko\u015fullarda ya\u015f\u0131yor ve bin bir g\u00fc\u00e7l\u00fckle k\u0131t kanaat ge\u00e7iniyor. Ekonomik ve sosyal anlamda da \u00e7o\u011fu belediye bu insanlar\u0131n ellerinden tutup y\u00fcklerini hafifletiyor.<\/div>\n<div>Bu ger\u00e7e\u011fi g\u00f6rmeyenler ya da g\u00f6rmek istemeyenler, bunun bedelini sand\u0131kta mutlaka \u00f6deyecektir.<\/div>\n<div>Hem de a\u011f\u0131r bir \u015fekilde \u00f6deyecektir. Unutmayal\u0131m!<\/div>\n<div>Kurt k\u0131\u015f\u0131 atlat\u0131r belki amma yedi\u011fi ayaz\u0131 da unutmaz.<\/div>\n<\/div>\n<div dir=\"ltr\">\n<p>D\u00dc\u015eMAN YARATMAK<\/p>\n<p>&#8220;\u0130kbali d\u00fc\u015fmanl\u0131kta bulanlar sadece d\u00fc\u015fman yaratmakla kalmazlar! Yaratt\u0131klar\u0131 d\u00fc\u015fman\u0131 ya\u015fatmak i\u00e7in de ellerinden geleni yaparlar.&#8221;<\/p>\n<\/div>\n","protected":false},"excerpt":{"rendered":"<p>Yerelde birinci parti olan Ana Muhalefet Partisi&#8217;nin ba\u015f\u0131n\u0131 \u00e7ekti\u011fi muhalefet partileri diyor ki! &#8220;Emeklinin, asgari \u00fccretlinin ve dar gelirinin anas\u0131n\u0131 a\u011flatt\u0131n\u0131z ve bu insanlar\u0131 kuru ekme\u011fe mecbur ve mahkum ettiniz. Her \u015feyin ate\u015f pahas\u0131 oldu\u011fu bir \u00dclke&#8217;de bu \u00fccretlerle ge\u00e7im olmaz! Say\u0131lar\u0131 yirmi be\u015f milyona yakla\u015fan emeklinin ve asgari \u00fccretlinin gelirlerini insanca ya\u015fayabilecekleri bir seviyeye [&hellip;]<\/p>\n","protected":false},"author":14,"featured_media":87133,"comment_status":"open","ping_status":"open","sticky":false,"template":"","format":"standard","meta":{"footnotes":""},"categories":[47],"tags":[],"class_list":["post-87445","post","type-post","status-publish","format-standard","has-post-thumbnail","hentry","category-erdogan-serin"],"views":83,"_links":{"self":[{"href":"https:\/\/mersingazetesi.com\/index.php\/wp-json\/wp\/v2\/posts\/87445","targetHints":{"allow":["GET"]}}],"collection":[{"href":"https:\/\/mersingazetesi.com\/index.php\/wp-json\/wp\/v2\/posts"}],"about":[{"href":"https:\/\/mersingazetesi.com\/index.php\/wp-json\/wp\/v2\/types\/post"}],"author":[{"embeddable":true,"href":"https:\/\/mersingazetesi.com\/index.php\/wp-json\/wp\/v2\/users\/14"}],"replies":[{"embeddable":true,"href":"https:\/\/mersingazetesi.com\/index.php\/wp-json\/wp\/v2\/comments?post=87445"}],"version-history":[{"count":0,"href":"https:\/\/mersingazetesi.com\/index.php\/wp-json\/wp\/v2\/posts\/87445\/revisions"}],"wp:featuredmedia":[{"embeddable":true,"href":"https:\/\/mersingazetesi.com\/index.php\/wp-json\/wp\/v2\/media\/87133"}],"wp:attachment":[{"href":"https:\/\/mersingazetesi.com\/index.php\/wp-json\/wp\/v2\/media?parent=87445"}],"wp:term":[{"taxonomy":"category","embeddable":true,"href":"https:\/\/mersingazetesi.com\/index.php\/wp-json\/wp\/v2\/categories?post=87445"},{"taxonomy":"post_tag","embeddable":true,"href":"https:\/\/mersingazetesi.com\/index.php\/wp-json\/wp\/v2\/tags?post=87445"}],"curies":[{"name":"wp","href":"https:\/\/api.w.org\/{rel}","templated":true}]}}