{"id":87259,"date":"2024-12-08T12:50:18","date_gmt":"2024-12-08T09:50:18","guid":{"rendered":"https:\/\/mersingazetesi.com\/?p=87259"},"modified":"2024-12-08T12:50:18","modified_gmt":"2024-12-08T09:50:18","slug":"her-siyasetci-devlet-adami-degildir","status":"publish","type":"post","link":"https:\/\/mersingazetesi.com\/index.php\/2024\/12\/08\/her-siyasetci-devlet-adami-degildir\/","title":{"rendered":"HER S\u0130YASET\u00c7\u0130 DEVLET ADAMI DE\u011e\u0130LD\u0130R!"},"content":{"rendered":"<div dir=\"ltr\">Herkes siyaset\u00e7i olabilir!<\/div>\n<div dir=\"ltr\">As\u0131l olan, devlet adam\u0131 vasf\u0131na sahip siyaset\u00e7i olabilmektir.<\/div>\n<div dir=\"ltr\">Peki, devlet adam\u0131 vasf\u0131na sahip bir siyaset\u00e7i nas\u0131l olmal\u0131d\u0131r?<\/div>\n<div dir=\"ltr\">Daha do\u011frusu, b\u00f6yle bir siyaset\u00e7ide ne gibi \u00f6zellikler bulunmal\u0131d\u0131r?<br \/>\nDevlet adam\u0131 vasf\u0131na sahip bir siyaset\u00e7i :<br \/>\nSamimi, d\u00fcr\u00fcst ve g\u00fcvenilir olmal\u0131d\u0131r.<br \/>\n\u0130lkeli ve tutarl\u0131 (omurgal\u0131) olmal\u0131d\u0131r.<br \/>\nAkl\u0131 ve bilimi rehber edinmelidir.<br \/>\n\u00c7al\u0131\u015fkan ve \u00fcretken olmal\u0131d\u0131r.<br \/>\nVatan\u0131na ve milletine hizmeti g\u00f6rev bilmelidir.<br \/>\nYeterli demokratik olgunlu\u011fa sahip olmal\u0131d\u0131r.<br \/>\nTavr\u0131yla, duru\u015fuyla, anlay\u0131\u015f\u0131yla topluma rol model (\u00f6rnek) olmal\u0131d\u0131r.<br \/>\nDili ve s\u00f6ylemi d\u00fczg\u00fcn olmal\u0131d\u0131r.<br \/>\nL\u00fcksten ve \u015fatafattan uzak durmal\u0131d\u0131r.<br \/>\nYalan s\u00f6ylememelidir.<br \/>\n\u0130ftira atmamal\u0131d\u0131r.<br \/>\nFitne, fesat pe\u015finde ko\u015fmamal\u0131d\u0131r.<br \/>\nKinci ve intikamc\u0131 olmamal\u0131d\u0131r.<br \/>\nAyr\u0131mc\u0131l\u0131k yapmamal\u0131d\u0131r.<br \/>\nDini siyasetine alet etmemelidir.<br \/>\nHakk\u0131n ve adaletin saf\u0131nda olmal\u0131d\u0131r.<br \/>\nKamuda liyakati esas almal\u0131d\u0131r.<br \/>\nNimeti ve k\u00fclfeti hak\u00e7a b\u00f6l\u00fc\u015ft\u00fcrmelidir.<br \/>\nKamunun mal\u0131na ve kaynaklar\u0131na el uzatmamal\u0131d\u0131r.<br \/>\nKamunun mal\u0131n\u0131 ve kaynaklar\u0131n\u0131 \u00e7ar\u00e7ur etmemelidir.<br \/>\nKendi ikbalini milletinin istikbaline tercih etmemelidir.<br \/>\n\u0130nsana, hayvana, do\u011faya ve \u00e7evreye sayg\u0131l\u0131 olmal\u0131d\u0131r.<br \/>\n\u0130leriyi herkesten \u00f6nce g\u00f6r\u00fcp \u00f6n alabilmelidir.<br \/>\nUnutmayal\u0131m!<\/div>\n<div dir=\"ltr\">&#8220;\u0130kbalini d\u00fc\u015f\u00fcnene siyaset\u00e7i, vatan\u0131n\u0131 ve milletini d\u00fc\u015f\u00fcnene devlet adam\u0131 denir.&#8221;<br \/>\nSiyasi tercihlerimizi yaparken yukar\u0131daki hususlar\u0131 g\u00f6z \u00f6n\u00fcnde bulundurmam\u0131z umut ve dile\u011fimle esen kal\u0131n!<\/div>\n<div dir=\"ltr\"><\/div>\n<div dir=\"ltr\">G\u00dcVEN\u0130L\u0130R KAYNAK<\/p>\n<p>&#8220;Dinini, inanc\u0131n\u0131 do\u011fru ve g\u00fcvenilir kaynaklardan \u00f6\u011frenen bir insan, din ve inan\u00e7 istismarc\u0131lar\u0131n\u0131n oyununa da gelmez, tuza\u011f\u0131na da d\u00fc\u015fmez.&#8221;<\/p><\/div>\n","protected":false},"excerpt":{"rendered":"<p>Herkes siyaset\u00e7i olabilir! As\u0131l olan, devlet adam\u0131 vasf\u0131na sahip siyaset\u00e7i olabilmektir. Peki, devlet adam\u0131 vasf\u0131na sahip bir siyaset\u00e7i nas\u0131l olmal\u0131d\u0131r? Daha do\u011frusu, b\u00f6yle bir siyaset\u00e7ide ne gibi \u00f6zellikler bulunmal\u0131d\u0131r? Devlet adam\u0131 vasf\u0131na sahip bir siyaset\u00e7i : Samimi, d\u00fcr\u00fcst ve g\u00fcvenilir olmal\u0131d\u0131r. \u0130lkeli ve tutarl\u0131 (omurgal\u0131) olmal\u0131d\u0131r. Akl\u0131 ve bilimi rehber edinmelidir. \u00c7al\u0131\u015fkan ve \u00fcretken olmal\u0131d\u0131r. [&hellip;]<\/p>\n","protected":false},"author":14,"featured_media":87133,"comment_status":"open","ping_status":"open","sticky":false,"template":"","format":"standard","meta":{"footnotes":""},"categories":[47],"tags":[],"class_list":["post-87259","post","type-post","status-publish","format-standard","has-post-thumbnail","hentry","category-erdogan-serin"],"views":62,"_links":{"self":[{"href":"https:\/\/mersingazetesi.com\/index.php\/wp-json\/wp\/v2\/posts\/87259","targetHints":{"allow":["GET"]}}],"collection":[{"href":"https:\/\/mersingazetesi.com\/index.php\/wp-json\/wp\/v2\/posts"}],"about":[{"href":"https:\/\/mersingazetesi.com\/index.php\/wp-json\/wp\/v2\/types\/post"}],"author":[{"embeddable":true,"href":"https:\/\/mersingazetesi.com\/index.php\/wp-json\/wp\/v2\/users\/14"}],"replies":[{"embeddable":true,"href":"https:\/\/mersingazetesi.com\/index.php\/wp-json\/wp\/v2\/comments?post=87259"}],"version-history":[{"count":0,"href":"https:\/\/mersingazetesi.com\/index.php\/wp-json\/wp\/v2\/posts\/87259\/revisions"}],"wp:featuredmedia":[{"embeddable":true,"href":"https:\/\/mersingazetesi.com\/index.php\/wp-json\/wp\/v2\/media\/87133"}],"wp:attachment":[{"href":"https:\/\/mersingazetesi.com\/index.php\/wp-json\/wp\/v2\/media?parent=87259"}],"wp:term":[{"taxonomy":"category","embeddable":true,"href":"https:\/\/mersingazetesi.com\/index.php\/wp-json\/wp\/v2\/categories?post=87259"},{"taxonomy":"post_tag","embeddable":true,"href":"https:\/\/mersingazetesi.com\/index.php\/wp-json\/wp\/v2\/tags?post=87259"}],"curies":[{"name":"wp","href":"https:\/\/api.w.org\/{rel}","templated":true}]}}