{"id":86802,"date":"2024-12-02T12:17:31","date_gmt":"2024-12-02T09:17:31","guid":{"rendered":"https:\/\/mersingazetesi.com\/?p=86802"},"modified":"2024-12-02T12:17:31","modified_gmt":"2024-12-02T09:17:31","slug":"mersin-cevre-sempozyum-ve-calistayi-uzerine","status":"publish","type":"post","link":"https:\/\/mersingazetesi.com\/index.php\/2024\/12\/02\/mersin-cevre-sempozyum-ve-calistayi-uzerine\/","title":{"rendered":"MERS\u0130N \u00c7EVRE SEMPOZYUM VE \u00c7ALI\u015eTAYI \u00dcZER\u0130NE"},"content":{"rendered":"<p>Mersin\u2019de 6 Kas\u0131m 2024\u00a0 tarihinde Akdeniz \u0130hracat\u00e7\u0131 Birlikleri -AK\u0130B- salonunda\u00a0 Mersin Valili\u011fi himayesinde yap\u0131lan Mersin Ekonomi Zirvesi Bilgilendirme toplant\u0131s\u0131, Mersin Ekonomi Platformu (MEP) ve Mersin Ticaret ve Sanayi Odas\u0131 (MTSO) organizasyonunda, Mersin Ticaret Borsas\u0131 (MTB), Mersin Deniz Ticaret Odas\u0131 (MDTO), Akdeniz \u0130hracat\u00e7\u0131 Birlikleri (AK\u0130B) ve \u00c7ukurova Kalk\u0131nma Ajans\u0131\u2019n\u0131n da (\u00c7KA) i\u015f birli\u011fiyle,\u00a0 Tar\u0131m, Lojistik, Enerji Sanayi konular\u0131nda gelecekteki\u00a0 yat\u0131r\u0131mlara odaklanan arama konferanslar\u0131 hakk\u0131nda\u00a0 bilgilendirme toplant\u0131s\u0131 AK\u0130B Konferans Salonu\u2019nda yap\u0131lm\u0131\u015ft\u0131.<\/p>\n<p>(Arama konferanslar\u0131\u00a0 19-22 Kas\u0131m 2024 tarihlerinde yukar\u0131da belirtilen kurumlar ve Mersin \u00dcniversitesinin katk\u0131s\u0131yla ger\u00e7ekle\u015ftirilmi\u015ftir.)<\/p>\n<p>Bilgilendirme toplant\u0131s\u0131nda Mersin Valili\u011fi taraf\u0131ndan, ba\u015fta \u00c7ukurova Havaliman\u0131 olmak \u00fczere , yap\u0131lan, yap\u0131lmakta olan ve planlanan mega yat\u0131r\u0131mlar dahil t\u00fcm yat\u0131r\u0131mlar\u0131n d\u00f6k\u00fcm\u00fc yap\u0131lm\u0131\u015ft\u0131.<\/p>\n<p>Mersin B\u00fcy\u00fck\u015fehir Belediyesi de -iktidar\u0131n deste\u011fi- olmadan kendi b\u00fct\u00e7esi ile zorlanarak yapt\u0131\u011f\u0131 yat\u0131r\u0131mlara destek bekledi\u011fini belirtmi\u015fti.<\/p>\n<p>12 Kas\u0131m 2024 tarihli bu k\u00f6\u015fedeki son yaz\u0131mda, bu sekt\u00f6rlerdeki devlet ve \u00f6zel sekt\u00f6r yat\u0131r\u0131mlar\u0131n\u0131n Mersin\u2019e sa\u011flayaca\u011f\u0131 ekonomik katk\u0131 ve yararlar\u0131n yan\u0131 s\u0131ra, getirece\u011fi \u00e7evre ve kirlilik y\u00fck\u00fcne dikkat \u00e7ekmi\u015ftik.<\/p>\n<p>Bu kapsamda Mersin\u2019de yap\u0131lan ve yap\u0131lmas\u0131 gerekirken yap\u0131l(a)mayan \u00e7evre yat\u0131r\u0131mlar\u0131na de\u011finmi\u015ftik.<\/p>\n<p dir=\"auto\">\u00a0Bu konuda benzer \u015fekilde gerek valili\u011fin koordinasyon ve himayesinde, Mersin \u00c7evre Zirvesi de yap\u0131lmas\u0131 gereklili\u011fine de\u011finmi\u015ftik.<\/p>\n<p>TE\u015eEKK\u00dcRLER MERS\u0130N B\u00dcY\u00dcK\u015eEH\u0130R BELED\u0130YES\u0130<\/p>\n<p>Bu yaz\u0131mdan sonra 22-24 Kas\u0131m 2024 tarihlerinde, TMMOB Mimarlar Odas\u0131, Mersin \u015eubesi konferans salonunda Mersin B\u00fcy\u00fck\u015fehir Belediyesi (B\u015eB) katk\u0131s\u0131 ve deste\u011fi ile MER\u00c7ED ve \u00e7e\u015fitli akademik odalar\u0131n\u0131n \u00fcyesi oldu\u011fu -Mersin \u00c7evre Platformu &#8211; organizasyonu ile MERS\u0130N \u00c7EVRE SEMPOZYUM VE \u00c7ALI\u015eTAYI ger\u00e7ekle\u015ftirildi.<\/p>\n<p>Sempozyuma, \u00c7evre ve Enerji konular\u0131nda \u00e7e\u015fitli \u00fcniversitelerden uzman akademisyenler, Mersin B\u015eB, TMMO\u2019ya ba\u011fl\u0131 Mersin Oda Ba\u015fkanlar\u0131 \u00fcyeleri ile Yeni\u015fehir, Toroslar, Mezitli ve Akdeniz Belediyelerinden \u00e7evre uzmanlar\u0131 meclis \u00fcyeleri ve dan\u0131\u015fmanlar\u0131 kat\u0131ld\u0131.<\/p>\n<p>Sempozyumun son g\u00fcn\u00fc 6 konuda kurulan yuvarlak masalarda belirlenmi\u015f 6 \u00e7evre konusunda 6 masada de\u011fi\u015fik kurumlardan gelen kat\u0131l\u0131mc\u0131larla \u00e7al\u0131\u015ftay ger\u00e7ekle\u015ftirildi.<\/p>\n<p>\u00c7\u0131kan sonu\u00e7lar kay\u0131tlara ge\u00e7irilerek gelecekte bas\u0131lmak \u00fczere kay\u0131t alt\u0131na al\u0131nd\u0131.<\/p>\n<p>Benim hat\u0131rlad\u0131\u011f\u0131m, son y\u0131llarda demokratik kitle \u00f6rg\u00fctlerinin ve yerel y\u00f6netimlerle birlikte yap\u0131lan en \u00f6nemli ve \u00f6rnek bir etkinlik oldu.<\/p>\n<p dir=\"auto\">VAL\u0130L\u0130K VE BASIN NEDEN \u0130LG\u0130S\u0130ZD\u0130 ?<\/p>\n<p>Son y\u0131llarda \u00c7evre haberlerini bir ka\u00e7 gazete d\u0131\u015f\u0131nda -\u00f6zellikle g\u00f6rsel bas\u0131n\u0131n- ilgisiz kald\u0131\u011f\u0131 bu etkinlikte de dikkat \u00e7ekiciydi.<\/p>\n<p dir=\"auto\">Ancak, Mersin B\u015eB i\u00e7inde oldu\u011fu ve de Tabipler Odas\u0131, TMMOB Mersin Barosu gibi anayasal meslek odalar\u0131n\u0131n da i\u00e7inde oldu\u011fu, Mersin \u00c7evre Platformu\u2019nun davet etti\u011fi halde Mersin Valili\u011fi\u2019nden Mersin \u00c7evre ve \u0130klim M\u00fcd\u00fcrl\u00fc\u011f\u00fc\u2019nden hi\u00e7 bir yetkilinin kat\u0131lmamas\u0131, sanki iktidar\u0131n \u00c7evre Konusundaki bak\u0131\u015f a\u00e7\u0131s\u0131n\u0131n devlet b\u00fcrokrasisine yans\u0131mas\u0131n\u0131n bir sonucuydu.<\/p>\n<p dir=\"auto\">Halbuki, ba\u015fta maden ocaklar\u0131 ile talan edilen maden sahalar\u0131, Liman in\u015faat\u0131nda \u00e7\u0131kan -tehlikeli at\u0131k s\u0131n\u0131f\u0131ndaki 6 milyon ton bula\u015f\u0131k Beyaz Asbesti- konusunda ne yap\u0131laca\u011f\u0131n\u0131n belli olunmamas\u0131, Bal\u0131k \u00c7iftlikleri, Akkuyu N\u00fckleer Santrali gibi Akdeniz\u2019de ve b\u00f6lgemizdeki t\u00fcm canl\u0131lara \u00e7ok b\u00fcy\u00fck ve zararl\u0131 etkileri olacak yat\u0131r\u0131mlar var..!<\/p>\n<p dir=\"auto\">Bunlara kar\u015f\u0131 ne gibi \u00f6nlemler al\u0131nd\u0131\u011f\u0131 konusunda, Mersin\u2019deki ilgili kamu kurumlar\u0131 ve valilik taraf\u0131ndan Mersinlilere a\u00e7\u0131klanmas\u0131 gerekmiyor mu?<\/p>\n<p dir=\"auto\">BUNLARIN VEBAL\u0130 \u0130KT\u0130DARDA VE \u00c7EVRE SORUNLARINI G\u00dcNDEME GET\u0130RMEYEN S\u0130YASET\u00c7\u0130 VE YETK\u0130L\u0130LERDED\u0130R!<\/p>\n<p dir=\"auto\">AKP iktidar\u0131n\u0131n bir\u00e7ok, \u00e7evre y\u00fck\u00fc olan kirli yat\u0131r\u0131mlar\u0131n\u0131 Mersinlilerin r\u0131zas\u0131 olmadan yaparken, bunlarla ilgili ar\u0131nd\u0131rma ve temizleme yat\u0131r\u0131mlar\u0131n\u0131 Mersin B\u015eB\u2019nin \u00fczerine b\u0131rakmamas\u0131 gerekir. Bu konularda g\u00f6r\u00fcn\u00fcr ve belirgin bir destek de vermemesi, Mersinliler taraf\u0131ndan not edilmektedir.<\/p>\n<p dir=\"auto\">Gelecekte bizlerin ve \u00e7ocuklar\u0131m\u0131z\u0131n sa\u011fl\u0131\u011f\u0131n\u0131 etkileyecek kirli \u00e7evreye zararl\u0131 yat\u0131r\u0131mlar\u0131n vebali, -Mersin B\u015eB\u2019nin ve Mersinlileri temsil eden kurulu\u015flar\u0131- yaln\u0131z b\u0131rakan ba\u015fta iktidar ve bu durumu g\u00fcndeme getirmeyen ilgili yetkililerinin, partilerin ilimizdeki temsilcilerinin ve t\u00fcm se\u00e7ilmi\u015f milletvekillerinin \u00fczerindedir.<\/p>\n","protected":false},"excerpt":{"rendered":"<p>Mersin\u2019de 6 Kas\u0131m 2024\u00a0 tarihinde Akdeniz \u0130hracat\u00e7\u0131 Birlikleri -AK\u0130B- salonunda\u00a0 Mersin Valili\u011fi himayesinde yap\u0131lan Mersin Ekonomi Zirvesi Bilgilendirme toplant\u0131s\u0131, Mersin Ekonomi Platformu (MEP) ve Mersin Ticaret ve Sanayi Odas\u0131 (MTSO) organizasyonunda, Mersin Ticaret Borsas\u0131 (MTB), Mersin Deniz Ticaret Odas\u0131 (MDTO), Akdeniz \u0130hracat\u00e7\u0131 Birlikleri (AK\u0130B) ve \u00c7ukurova Kalk\u0131nma Ajans\u0131\u2019n\u0131n da (\u00c7KA) i\u015f birli\u011fiyle,\u00a0 Tar\u0131m, Lojistik, Enerji [&hellip;]<\/p>\n","protected":false},"author":13,"featured_media":86803,"comment_status":"open","ping_status":"open","sticky":false,"template":"","format":"standard","meta":{"footnotes":""},"categories":[28],"tags":[],"class_list":["post-86802","post","type-post","status-publish","format-standard","has-post-thumbnail","hentry","category-serdar-erkan"],"views":552,"_links":{"self":[{"href":"https:\/\/mersingazetesi.com\/index.php\/wp-json\/wp\/v2\/posts\/86802","targetHints":{"allow":["GET"]}}],"collection":[{"href":"https:\/\/mersingazetesi.com\/index.php\/wp-json\/wp\/v2\/posts"}],"about":[{"href":"https:\/\/mersingazetesi.com\/index.php\/wp-json\/wp\/v2\/types\/post"}],"author":[{"embeddable":true,"href":"https:\/\/mersingazetesi.com\/index.php\/wp-json\/wp\/v2\/users\/13"}],"replies":[{"embeddable":true,"href":"https:\/\/mersingazetesi.com\/index.php\/wp-json\/wp\/v2\/comments?post=86802"}],"version-history":[{"count":0,"href":"https:\/\/mersingazetesi.com\/index.php\/wp-json\/wp\/v2\/posts\/86802\/revisions"}],"wp:featuredmedia":[{"embeddable":true,"href":"https:\/\/mersingazetesi.com\/index.php\/wp-json\/wp\/v2\/media\/86803"}],"wp:attachment":[{"href":"https:\/\/mersingazetesi.com\/index.php\/wp-json\/wp\/v2\/media?parent=86802"}],"wp:term":[{"taxonomy":"category","embeddable":true,"href":"https:\/\/mersingazetesi.com\/index.php\/wp-json\/wp\/v2\/categories?post=86802"},{"taxonomy":"post_tag","embeddable":true,"href":"https:\/\/mersingazetesi.com\/index.php\/wp-json\/wp\/v2\/tags?post=86802"}],"curies":[{"name":"wp","href":"https:\/\/api.w.org\/{rel}","templated":true}]}}