{"id":86189,"date":"2024-11-22T12:41:03","date_gmt":"2024-11-22T09:41:03","guid":{"rendered":"https:\/\/mersingazetesi.com\/?p=86189"},"modified":"2024-11-22T12:57:20","modified_gmt":"2024-11-22T09:57:20","slug":"herkes-kendi-isini-yaparsa-bu-ulke-ucar","status":"publish","type":"post","link":"https:\/\/mersingazetesi.com\/index.php\/2024\/11\/22\/herkes-kendi-isini-yaparsa-bu-ulke-ucar\/","title":{"rendered":"HERKES KEND\u0130 \u0130\u015e\u0130N\u0130 YAPARSA BU \u00dcLKE U\u00c7AR!"},"content":{"rendered":"<div dir=\"ltr\">\n<div>Nobel \u00f6d\u00fcll\u00fc bilim insan\u0131m\u0131z Prof. Dr. Aziz Sancar, \u0130\u015f Bankas\u0131&#8217;n\u0131n 100. Kurulu\u015f Y\u0131l D\u00f6n\u00fcm\u00fcnde (26 A\u011fustos 2024&#8217;de) konu\u015fma yapmas\u0131 i\u00e7in \u0130stanbul&#8217;a davet edilmi\u015fti. Konu\u015fman\u0131n ana konusu, bilim ve teknolojide \u00c7in&#8217;in liderli\u011fi ele ge\u00e7irmesiydi.<\/div>\n<div>Aziz Sancar, &#8220;T\u00fcrk D\u00fcnyas\u0131 \u00dclkeleri ile \u00c7in, co\u011frafi b\u00fcy\u00fckl\u00fck ve do\u011fal zenginlik bak\u0131m\u0131ndan hemen hemen birbirine e\u015fittir. Bu ger\u00e7e\u011fe ra\u011fmen, \u00c7in bilimde ve teknolojide lider \u00fclke olurken, T\u00fcrk D\u00fcnyas\u0131 \u00e7ok geri kald\u0131. Bunun yedi (7) ana nedeni var!&#8221; diyerek, T\u00fcrk D\u00fcnyas\u0131 \u00dclkeleri ile \u00c7in&#8217;i k\u0131yaslad\u0131 ve aradaki fark\u0131n kapat\u0131labilmesi i\u00e7in yap\u0131lmas\u0131 gerekenleri \u015f\u00f6yle s\u0131ralad\u0131!<\/div>\n<div dir=\"ltr\"><\/div>\n<div>1-Teknoloji \u00fcretimi temel bilimlerden do\u011far. T\u00fcrk D\u00fcnyas\u0131 temel bilimlere \u00f6ncelik vermelidir.<\/div>\n<div>2-Deney ve g\u00f6zlem teoriden \u00f6nce gelir. T\u00fcrk D\u00fcnyas\u0131 deneye ve g\u00f6zleme \u00f6nem vermelidir.<\/div>\n<div>3-Siyaset\u00e7iler ve din adamlar\u0131 bilime kar\u0131\u015fmamal\u0131d\u0131r. T\u00fcrk D\u00fcnyas\u0131&#8217;nda bilime ve bilim insan\u0131na m\u00fcdahale etmek marifet san\u0131l\u0131yor.<\/div>\n<div>4-Bilim insanlar\u0131na \u015funu yap, bunu yapma \u015feklinde dayatma yap\u0131lmamal\u0131d\u0131r. T\u00fcrk D\u00fcnyas\u0131 bu saplant\u0131s\u0131ndan vazge\u00e7miyor.<\/div>\n<div>5-Bilim insanlar\u0131 siyasete ve dine kar\u0131\u015fmamal\u0131d\u0131r. T\u00fcrk D\u00fcnyas\u0131 bu i\u015fe bay\u0131l\u0131yor.<\/div>\n<div>6-K\u0131z ve erkek \u00e7ocuklara e\u015fit e\u011fitim f\u0131rsat\u0131 tan\u0131nmal\u0131d\u0131r. T\u00fcrk D\u00fcnyas\u0131 bu konuda eksik ya da yetersiz kal\u0131yor.<\/div>\n<div>7-Akademik d\u00fcnyadaki ve kamudaki terfilerde liyakat esas al\u0131nmal\u0131d\u0131r. T\u00fcrk D\u00fcnyas\u0131 liyakatli olana i\u015f vermeyip, liyakatsiz olan\u0131 i\u015fin ba\u015f\u0131na getiriyor.<\/div>\n<div dir=\"ltr\"><\/div>\n<div>Ku\u015fkusuz ki, T\u00fcrk D\u00fcnyas\u0131 \u00dclkeleri aras\u0131nda bilimde ve teknolojide en ileri \u00fclke T\u00fcrkiye&#8217;dir. \u00d6teki \u00fclkelerin hi\u00e7biri, bu anlamda T\u00fcrkiye&#8217;nin eline su d\u00f6kemez. Ama bu demek de\u011fildir ki, say\u0131n Sancar&#8217;\u0131n tespitlerinden \u00dclkemiz nasibini alm\u0131yor. Al\u0131yor! Hem de ziyadesiyle al\u0131yor. \u00c7\u00fcnk\u00fc ayn\u0131 ya da benzer durumlar \u00dclkemizde de ya\u015fan\u0131yor. \u00d6yle oldu\u011fu i\u00e7in de \u00dclkemiz bilimde ve teknolojide g\u00fc\u00e7l\u00fc bir atak yapam\u0131yor. Hi\u00e7 kimse kusura bakmas\u0131n! Bunun en b\u00fcy\u00fck sorumlusu siyaset kurumudur. Daha do\u011frusu, siyaset\u00e7ilerdir. Siyaset\u00e7iler, Devlet organlar\u0131n\u0131n kurumla\u015fmas\u0131n\u0131 ve g\u00fc\u00e7l\u00fc bir yap\u0131ya kavu\u015fmas\u0131n\u0131 istemiyorlar. Kurumsalla\u015fmay\u0131 siyasi ikballerinin \u00f6n\u00fcnde engel olarak g\u00f6r\u00fcyorlar. O y\u00fczdendir ki, kurumlarda kendi anlay\u0131\u015flar\u0131n\u0131 egemen k\u0131l\u0131p, yozla\u015fmalar\u0131na sebep oluyorlar. Haliyle, yozla\u015fma da bu t\u00fcr sorunlara yol a\u00e7\u0131yor. Siyaset\u00e7ilerin bu anlay\u0131\u015ftan vazge\u00e7ip, as\u0131l i\u015flerine y\u00f6nelmeleri ve bunu yaparken de kurumsalla\u015fmaya sayg\u0131 g\u00f6stermeleri laz\u0131m. G\u00fc\u00e7l\u00fc bir T\u00fcrkiye i\u00e7in kurumlar\u0131 daha da g\u00fc\u00e7lendirmeleri ve kendi i\u015flerine odaklanmalar\u0131n\u0131 sa\u011flamalar\u0131 laz\u0131m. En ba\u015fta da siyaset kurumunu kurumla\u015ft\u0131rmalar\u0131 ve g\u00f6rev s\u0131n\u0131rlar\u0131n\u0131 \u00e7izmeleri laz\u0131m. Her kurum kendi i\u015fine odakland\u0131\u011f\u0131nda, bu \u00dclke \u00e7eyrek as\u0131ra kalmaz, bilimde ve teknolojide \u00e7a\u011f atlar. Sadece bilimde ve teknolojide de\u011fil, her alanda \u00e7a\u011f atlar.<\/div>\n<div>Ger\u00e7ek\u00e7i olmak gerekirse, \u00dclkemizde b\u00f6yle bir potansiyel var! Yeter ki, herkes kendi i\u015fine baks\u0131n ve g\u00f6revinin s\u0131n\u0131rlar\u0131n\u0131 a\u015f\u0131p, olur olmaz i\u015flere burnunu sokmas\u0131n.<\/div>\n<\/div>\n<div dir=\"ltr\">Siyaset\u00e7i kendine i\u015f ar\u0131yorsa, sorun mu yok bu \u00dclke&#8217;de?<\/div>\n<div dir=\"ltr\">Da\u011f gibi y\u0131\u011f\u0131lm\u0131\u015f sorunu var bu \u00dclke&#8217;nin.<\/div>\n<div dir=\"ltr\">A\u015f sorunu var, i\u015f sorunu var, e\u011fitim sorunu var, sa\u011fl\u0131k sorunu var, adalet sorunu var, g\u00fcvenlik sorunu var, s\u0131\u011f\u0131nmac\u0131 sorunu var!<\/div>\n<div dir=\"ltr\">K\u0131sacas\u0131, birikmi\u015f ya da ertelenmi\u015f onlarca sorunu var! Vatanda\u015f siyaset\u00e7iden, kurumlar aras\u0131nda i\u015fbirli\u011fini ve koordinasyonu sa\u011flamas\u0131n\u0131 ve \u00dclke&#8217;nin birikmi\u015f ve ertelenmi\u015f sorunlar\u0131n\u0131 \u00e7\u00f6zmesini bekliyor&#8230;<\/div>\n<div id=\"m_5582738785482277956ms-outlook-mobile-signature\"><\/div>\n<div>\n<div dir=\"ltr\">SORU SORMA VE HAYAL KURMA<\/div>\n<div dir=\"ltr\"><\/div>\n<div>&#8220;Soru sorma ve hayal kurma becerisi kazand\u0131rmayan, merak uyand\u0131r\u0131p \u00fcmit ve heyecan yaratmayan bir e\u011fitim sistemi \u00e7a\u011f\u0131n gereklerine ve toplumun ihtiya\u00e7lar\u0131na uygun de\u011fildir.&#8221;<\/div>\n<div dir=\"ltr\"><\/div>\n<p>Biz, bug\u00fcnk\u00fc ezberci, yar\u0131\u015ft\u0131rmac\u0131 ve toku\u015fturmac\u0131 e\u011fitim sistemiyle bir yere varamay\u0131z. Var\u0131r\u0131z da, vard\u0131\u011f\u0131m\u0131z yer \u00e7a\u011fda\u015f uygarl\u0131k olmaz.<\/p>\n<div dir=\"ltr\"><\/div>\n<p>E\u011fitimin amac\u0131, insan\u0131 hayata haz\u0131rlamakt\u0131r. E\u011fitimin amac\u0131, ailesine, \u00e7evresine, toplumuna ve insanl\u0131\u011fa yararl\u0131 bireyler yeti\u015ftirmektir.<\/p>\n<div dir=\"ltr\"><\/div>\n<p>T\u00fcrk Toplumu (maalesef!) dilini, k\u00fclt\u00fcr\u00fcn\u00fc, tarihini ve de\u011ferlerini bilmiyor. De\u011fer \u00fcretip, bilim ve sanat yaratam\u0131yor<\/p>\n<div dir=\"ltr\"><\/div>\n<p>&#8220;De\u011fer \u00fcretemeyen ve bilim, sanat yaratamayan toplumlar de\u011fersizle\u015firler.&#8221;<\/p>\n<div dir=\"ltr\"><\/div>\n<p>B\u00f6lgemizde ve d\u00fcnyada lider \u00fclke olmak istiyorsak, bo\u015f i\u015flerle u\u011fra\u015fmay\u0131 b\u0131rak\u0131p, de\u011fer \u00fcretmemiz laz\u0131m.<\/p>\n<div dir=\"ltr\"><\/div>\n<p>De\u011fer \u00fcretebilen ve bilim, sanat yaratabilen bir toplum olmam\u0131z umut ve dile\u011fimle esen kal\u0131n!<\/p><\/div>\n","protected":false},"excerpt":{"rendered":"<p>Nobel \u00f6d\u00fcll\u00fc bilim insan\u0131m\u0131z Prof. Dr. Aziz Sancar, \u0130\u015f Bankas\u0131&#8217;n\u0131n 100. Kurulu\u015f Y\u0131l D\u00f6n\u00fcm\u00fcnde (26 A\u011fustos 2024&#8217;de) konu\u015fma yapmas\u0131 i\u00e7in \u0130stanbul&#8217;a davet edilmi\u015fti. Konu\u015fman\u0131n ana konusu, bilim ve teknolojide \u00c7in&#8217;in liderli\u011fi ele ge\u00e7irmesiydi. Aziz Sancar, &#8220;T\u00fcrk D\u00fcnyas\u0131 \u00dclkeleri ile \u00c7in, co\u011frafi b\u00fcy\u00fckl\u00fck ve do\u011fal zenginlik bak\u0131m\u0131ndan hemen hemen birbirine e\u015fittir. Bu ger\u00e7e\u011fe ra\u011fmen, \u00c7in bilimde [&hellip;]<\/p>\n","protected":false},"author":14,"featured_media":84437,"comment_status":"open","ping_status":"open","sticky":false,"template":"","format":"standard","meta":{"footnotes":""},"categories":[47],"tags":[],"class_list":["post-86189","post","type-post","status-publish","format-standard","has-post-thumbnail","hentry","category-erdogan-serin"],"views":73,"_links":{"self":[{"href":"https:\/\/mersingazetesi.com\/index.php\/wp-json\/wp\/v2\/posts\/86189","targetHints":{"allow":["GET"]}}],"collection":[{"href":"https:\/\/mersingazetesi.com\/index.php\/wp-json\/wp\/v2\/posts"}],"about":[{"href":"https:\/\/mersingazetesi.com\/index.php\/wp-json\/wp\/v2\/types\/post"}],"author":[{"embeddable":true,"href":"https:\/\/mersingazetesi.com\/index.php\/wp-json\/wp\/v2\/users\/14"}],"replies":[{"embeddable":true,"href":"https:\/\/mersingazetesi.com\/index.php\/wp-json\/wp\/v2\/comments?post=86189"}],"version-history":[{"count":0,"href":"https:\/\/mersingazetesi.com\/index.php\/wp-json\/wp\/v2\/posts\/86189\/revisions"}],"wp:featuredmedia":[{"embeddable":true,"href":"https:\/\/mersingazetesi.com\/index.php\/wp-json\/wp\/v2\/media\/84437"}],"wp:attachment":[{"href":"https:\/\/mersingazetesi.com\/index.php\/wp-json\/wp\/v2\/media?parent=86189"}],"wp:term":[{"taxonomy":"category","embeddable":true,"href":"https:\/\/mersingazetesi.com\/index.php\/wp-json\/wp\/v2\/categories?post=86189"},{"taxonomy":"post_tag","embeddable":true,"href":"https:\/\/mersingazetesi.com\/index.php\/wp-json\/wp\/v2\/tags?post=86189"}],"curies":[{"name":"wp","href":"https:\/\/api.w.org\/{rel}","templated":true}]}}