{"id":85354,"date":"2024-11-15T15:59:55","date_gmt":"2024-11-15T12:59:55","guid":{"rendered":"https:\/\/mersingazetesi.com\/?p=85354"},"modified":"2024-11-15T18:02:13","modified_gmt":"2024-11-15T15:02:13","slug":"liyakat-adalet-bekadir","status":"publish","type":"post","link":"https:\/\/mersingazetesi.com\/index.php\/2024\/11\/15\/liyakat-adalet-bekadir\/","title":{"rendered":"L\u0130YAKAT +  ADALET = BEKA&#8217;DIR"},"content":{"rendered":"<p>\u0130ktidar\u0131n ne zaman ba\u015f\u0131 s\u0131k\u0131\u015fsa, hemen beka meselesini ortaya atar ve bunu da malum (bildik, tan\u0131d\u0131k) d\u0131\u015f g\u00fc\u00e7lere ba\u011flar. Beka denilen \u015fey, daha \u00e7ok i\u00e7eriyle ilgili bir \u015feydir oysa! \u0130\u00e7 cephenin sa\u011flam olup olmamas\u0131yla ilgili bir \u015feydir. \u0130\u00e7 cepheniz sa\u011flam olursa, beka meseleniz olmaz.<\/p>\n<p>\u0130\u00e7 cepheyi sa\u011flam tutman\u0131n yolu da bellidir. Kay\u0131rmac\u0131l\u0131\u011fa ve kollamac\u0131l\u0131\u011fa son verip, y\u00f6netimde liyakati ve adaleti esas alacaks\u0131n\u0131z.<br \/>\nDaha a\u00e7\u0131k bir ifadeyle, i\u015fin ba\u015f\u0131na i\u015fin ehlini (hak edeni ya da lay\u0131k olan\u0131) getireceksiniz ve hayat\u0131n her alan\u0131nda hakk\u0131 ve adaleti egemen k\u0131lacaks\u0131n\u0131z.<br \/>\nBu arada, sosyal adaletin de adalet kavram\u0131 i\u00e7inde yer ald\u0131\u011f\u0131n\u0131 bileceksiniz.<br \/>\n\u00dclkemiz bu anlamda d\u00fcnyan\u0131n en s\u0131k\u0131nt\u0131l\u0131 \u00fclkelerinden biridir.<\/p>\n<p>\u00c7\u00fcnk\u00fc bu \u00dclke&#8217;de (deyim yerindeyse?!) torpilsiz i\u015fe giri\u015f olmaz.<br \/>\nOlursa da \u00e7aresizlikten olur. O i\u015fi yapacak ba\u015fka birini bulamad\u0131klar\u0131 i\u00e7in i\u015fe al\u0131rlar sizi.<br \/>\nMecbur kald\u0131klar\u0131 i\u00e7in i\u015fe al\u0131rlar yani.<br \/>\nBir i\u015fe girebilmeniz i\u00e7in mutlaka bir arkan\u0131z\u0131n (day\u0131n\u0131z\u0131n) olmas\u0131 ve sizi kay\u0131r\u0131p kollamas\u0131 gerekir. M\u00fclakat denilen ve (musalla ta\u015f\u0131 gibi) ba\u015f\u0131m\u0131z\u0131n belas\u0131 olan \u015fey de bu y\u00fczden vard\u0131r.<br \/>\nM\u00fclakat sayesinde liyakat sahibi olanlar\u0131 eler, kendinize yak\u0131n olanlar\u0131 ya da size sadakat g\u00f6sterenleri i\u015fe al\u0131rs\u0131n\u0131z.<br \/>\nKamu y\u00f6netiminde liyakat kadar sadakat de \u00f6nemlidir asl\u0131nda.<\/p>\n<p>Ama bu sadakat siyaset\u00e7iye olan sadakat de\u011fil, vatana ve millete olan sadakattir. \u00c7\u00fcnk\u00fc as\u0131l olan siyaset\u00e7i de\u011fil, vatan ve millettir. Siyaset\u00e7i bug\u00fcn vard\u0131r, yar\u0131n yoktur.<br \/>\nVatan ve millet ise baki ya da ebedidir.<br \/>\nDaha do\u011frusu, baki ya da ebedi olmak zorundad\u0131r.<br \/>\n\u0130\u015fte, liyakat ve adalet bunun i\u00e7in \u00f6nemlidir.<br \/>\nCumhuriyetimizi payidar k\u0131lacaksak, (ki k\u0131lmal\u0131y\u0131z) kamuda liyakati ve vatana, millete sadakati esas almak ve hakk\u0131, adaleti hayat\u0131n her alan\u0131nda egemen k\u0131lmak durumunday\u0131z.<\/p>\n<p>ADALET B\u0130TT\u0130\u011e\u0130NDE DEVLET \u00d6L\u00dcR!<\/p>\n<p>Rivayet o ki, Hristiyan&#8217;\u0131n biri \u00f6len k\u00f6pe\u011fini M\u00fcsl\u00fcman mezarl\u0131\u011f\u0131na g\u00f6mer.<br \/>\nBu durumu g\u00f6ren ahali, adam\u0131 zaman\u0131n kad\u0131s\u0131na \u015fikayet eder.<br \/>\nKad\u0131 adam\u0131 \u00e7a\u011f\u0131rt\u0131r ve i\u015fin asl\u0131n\u0131 sorar!<br \/>\nAdam &#8220;Do\u011fru s\u00f6ylemi\u015fler Efendim! G\u00f6md\u00fcm, \u00e7\u00fcnk\u00fc k\u00f6pe\u011fimin vasiyeti b\u00f6yleydi!&#8221; der.<br \/>\nKad\u0131 &#8220;Sen bizimle alay m\u0131 ediyorsun melun herif?&#8221; diyerek adama \u00e7\u0131k\u0131\u015f\u0131r.<\/p>\n<p>Adam &#8220;Ne haddimize kad\u0131 efendi?! Hem sonra, Size de bin dirhem alt\u0131n vermemi vasiyet etti!&#8221; der.<br \/>\nBunu duyan kad\u0131 &#8220;Yaz O\u011flum! Rahmetli k\u00f6pe\u011fin \u00f6l\u00fcm\u00fc bizi de ziyadesiyle \u00fczm\u00fc\u015ft\u00fcr.&#8221; diyerek \u00e7ark eder.<br \/>\nKad\u0131n\u0131n birden bire tav\u0131r de\u011fi\u015ftirdi\u011fini g\u00f6ren ahali &#8220;Hay\u0131rd\u0131r kad\u0131 efendi?! Bu nas\u0131l i\u015f b\u00f6yle?&#8221; diyerek tepki g\u00f6sterir.<br \/>\nKad\u0131 bunun \u00fczerine, &#8220;Rahmetlinin k\u00f6kenini ara\u015ft\u0131r\u0131rken g\u00f6rd\u00fcm ki, Ashab-\u0131 Kehf&#8217;in k\u00f6pe\u011fi olan K\u0131tmir&#8217;in soyundanm\u0131\u015f!&#8221; der.<br \/>\nFatih Sultan Mehmet Han der ki!<br \/>\n-KADIYI SATIN ALDI\u011eINIZDA ADALET \u00d6L\u00dcR!<br \/>\nADALET \u00d6LD\u00dc\u011e\u00dcNDE DE DEVLET \u00d6L\u00dcR!<br \/>\n(Ashab-\u0131 Kehf : Yedi Uyurlar)<\/p>\n<p>\u0130NG\u0130L\u0130Z YARGI\u00c7<\/p>\n<p>Bir \u0130ngiliz yarg\u0131\u00e7, gece yar\u0131s parkta tek ba\u015f\u0131na dola\u015fan bir gen\u00e7 k\u0131z\u0131 korkutan adama 7 y\u0131l 7 g\u00fcn hapis cezas\u0131 verince, gazeteciler kendisine sorarlar!<br \/>\n-7 y\u0131l 7 g\u00fcn hapis cezas\u0131 basit bir korkutma eylemi i\u00e7in \u00e7ok de\u011fil mi?<\/p>\n<p>Yarg\u0131\u00e7 cevap verir!<br \/>\n-7 g\u00fcnl\u00fck hapis cezas\u0131 gen\u00e7 k\u0131z\u0131 korkutman\u0131n, 7 y\u0131ll\u0131k hapis cezas\u0131 ise \u0130ngiliz k\u0131zlar\u0131n\u0131n gece yar\u0131s\u0131 parklarda \u00f6zg\u00fcrce dola\u015fmalar\u0131na m\u00fcdahale etmenin cezas\u0131d\u0131r.<\/p>\n","protected":false},"excerpt":{"rendered":"<p>\u0130ktidar\u0131n ne zaman ba\u015f\u0131 s\u0131k\u0131\u015fsa, hemen beka meselesini ortaya atar ve bunu da malum (bildik, tan\u0131d\u0131k) d\u0131\u015f g\u00fc\u00e7lere ba\u011flar. Beka denilen \u015fey, daha \u00e7ok i\u00e7eriyle ilgili bir \u015feydir oysa! \u0130\u00e7 cephenin sa\u011flam olup olmamas\u0131yla ilgili bir \u015feydir. \u0130\u00e7 cepheniz sa\u011flam olursa, beka meseleniz olmaz. \u0130\u00e7 cepheyi sa\u011flam tutman\u0131n yolu da bellidir. Kay\u0131rmac\u0131l\u0131\u011fa ve kollamac\u0131l\u0131\u011fa son [&hellip;]<\/p>\n","protected":false},"author":14,"featured_media":84437,"comment_status":"open","ping_status":"open","sticky":false,"template":"","format":"standard","meta":{"footnotes":""},"categories":[47],"tags":[],"class_list":["post-85354","post","type-post","status-publish","format-standard","has-post-thumbnail","hentry","category-erdogan-serin"],"views":74,"_links":{"self":[{"href":"https:\/\/mersingazetesi.com\/index.php\/wp-json\/wp\/v2\/posts\/85354","targetHints":{"allow":["GET"]}}],"collection":[{"href":"https:\/\/mersingazetesi.com\/index.php\/wp-json\/wp\/v2\/posts"}],"about":[{"href":"https:\/\/mersingazetesi.com\/index.php\/wp-json\/wp\/v2\/types\/post"}],"author":[{"embeddable":true,"href":"https:\/\/mersingazetesi.com\/index.php\/wp-json\/wp\/v2\/users\/14"}],"replies":[{"embeddable":true,"href":"https:\/\/mersingazetesi.com\/index.php\/wp-json\/wp\/v2\/comments?post=85354"}],"version-history":[{"count":0,"href":"https:\/\/mersingazetesi.com\/index.php\/wp-json\/wp\/v2\/posts\/85354\/revisions"}],"wp:featuredmedia":[{"embeddable":true,"href":"https:\/\/mersingazetesi.com\/index.php\/wp-json\/wp\/v2\/media\/84437"}],"wp:attachment":[{"href":"https:\/\/mersingazetesi.com\/index.php\/wp-json\/wp\/v2\/media?parent=85354"}],"wp:term":[{"taxonomy":"category","embeddable":true,"href":"https:\/\/mersingazetesi.com\/index.php\/wp-json\/wp\/v2\/categories?post=85354"},{"taxonomy":"post_tag","embeddable":true,"href":"https:\/\/mersingazetesi.com\/index.php\/wp-json\/wp\/v2\/tags?post=85354"}],"curies":[{"name":"wp","href":"https:\/\/api.w.org\/{rel}","templated":true}]}}