{"id":85123,"date":"2024-11-11T17:08:33","date_gmt":"2024-11-11T14:08:33","guid":{"rendered":"https:\/\/mersingazetesi.com\/?p=85123"},"modified":"2024-11-11T17:08:33","modified_gmt":"2024-11-11T14:08:33","slug":"abd-trump-doneminde-suriyeden-cekilecek-mi","status":"publish","type":"post","link":"https:\/\/mersingazetesi.com\/index.php\/2024\/11\/11\/abd-trump-doneminde-suriyeden-cekilecek-mi\/","title":{"rendered":"ABD Trump D\u00f6neminde Suriye\u2019den \u00c7ekilecek Mi?"},"content":{"rendered":"<div dir=\"ltr\">Donald Trump\u2019\u0131n ikinci d\u00f6neminde T\u00fcrkiye\u2019nin en b\u00fcy\u00fck beklentisi, ABD\u2019nin Suriye Demokrat G\u00fc\u00e7leri(SDG) destek sa\u011flamas\u0131n\u0131 kesmesi ve ABD askerlerinin Suriye\u2019nin kuzeyinden \u00e7ekilmesi.<\/div>\n<div dir=\"ltr\"><\/div>\n<div dir=\"ltr\">SDG\u2019nin altyap\u0131s\u0131n\u0131 Ankara ter\u00f6r \u00f6rg\u00fct\u00fc olarak nitelendirmekte ve Halk\u0131n Savunma Birlikleri(YPG) ile birlikte g\u00f6rmekte.<\/div>\n<div dir=\"ltr\"><\/div>\n<div dir=\"ltr\">2001\u2019de i\u00e7 sava\u015f\u0131n ba\u015flamas\u0131 ve o tarihten itibaren kaybetti\u011fi t\u00fcm topraklar\u0131 geri alma vaadi veren Suriye h\u00fck\u00fcmeti ise, YPG ve T\u00fcrkiye destekli Suriyeli muhalif gruplarla s\u00fcrekli \u00e7at\u0131\u015fma i\u00e7inde.<\/div>\n<div dir=\"ltr\"><\/div>\n<div dir=\"ltr\">SDG ayr\u0131ca;<\/div>\n<div dir=\"ltr\">aralar\u0131nda kendi \u00fclkelerine g\u00f6nderilmeyi reddeden ve yakla\u015f\u0131k 2 bin yabanc\u0131 sava\u015f\u00e7\u0131n\u0131n i\u00e7inde bulundu\u011fu, 10 binden fazla I\u015e\u0130D militan\u0131n\u0131 Suriye\u2019nin kuzeydo\u011fusunda g\u00f6zalt\u0131 merkezlerinde tutmakta.<\/div>\n<div dir=\"ltr\"><\/div>\n<div dir=\"ltr\">Ge\u00e7ti\u011fimiz y\u0131l ABD Senatosu, Amerikan askerlerinin Suriye\u2019nin kuzeyinde kalmas\u0131na karar verdi.<\/div>\n<div dir=\"ltr\"><\/div>\n<div dir=\"ltr\">ABD\u2019nin varl\u0131\u011f\u0131n\u0131 s\u00fcrmesini destekleyenler, \u0130ran\u2019a kar\u015f\u0131 koyma y\u00f6n\u00fcndeki stratejik at\u0131mlar\u0131n bir par\u00e7as\u0131 olarak yakla\u015f\u0131k 900 askerin Suriye\u2019de kalmas\u0131 gerekti\u011fi sonucuna var\u0131lm\u0131\u015ft\u0131.<\/div>\n<div dir=\"ltr\"><\/div>\n<div dir=\"ltr\">T\u00fcrkiye, ABD\u2019nin Suriye\u2019deki YPG g\u00fc\u00e7lerine deste\u011fini sonland\u0131rmas\u0131 i\u00e7in uzun zamand\u0131r bask\u0131 yapmakta.<\/div>\n<div dir=\"ltr\"><\/div>\n<div dir=\"ltr\">\u00d6te yandan ABD\u2019de ba\u015fkanl\u0131k yar\u0131\u015f\u0131nda Trump\u2019\u0131n lehine bulunan Robert Kennedy Jr, Amerikan askerlerinin T\u00fcrkiye ile Suriye\u2019deki sava\u015f\u00e7\u0131lar aras\u0131ndaki sava\u015fta \u2018yem\u2019 olmas\u0131ndan da endi\u015fe durdu\u011funu belirtiyor!<\/div>\n<div dir=\"ltr\"><\/div>\n<div dir=\"ltr\">Trump, 2018 y\u0131l\u0131nda \u00e7ekilme karar\u0131 alm\u0131\u015ft\u0131 ama ABD Savunma Bakanl\u0131\u011f\u0131(Pentagon) izin vermemi\u015fti.<\/div>\n<div dir=\"ltr\"><\/div>\n<div dir=\"ltr\">T\u00fcrkiye ise bu sefer Trump\u2019\u0131n bu kez s\u00fcreci tamamlayaca\u011f\u0131n\u0131 \u00fcmit ediliyor.<\/div>\n<div dir=\"ltr\"><\/div>\n<div dir=\"ltr\">2017-2021 aras\u0131 ba\u015fkanl\u0131k yapm\u0131\u015ft\u0131 Trump.<\/div>\n<div dir=\"ltr\"><\/div>\n<p>Bu d\u00f6rt sene aradan sonra Beyaz Saray\u2019a yeniden ba\u015fkan olarak d\u00f6nmesi de, T\u00fcrkiye taraf\u0131ndan bir \u00e7e\u015fit beklentiler sa\u011flamakta.<\/p>\n<div dir=\"ltr\"><\/div>\n<div dir=\"ltr\">Bu s\u00fcre\u00e7te T\u00fcrkiye-ABD ili\u015fkileri hem de b\u00f6lgesel a\u00e7\u0131dan i\u015fbirli\u011fini nas\u0131l geli\u015ftirebilece\u011fi merak konusu.<\/div>\n","protected":false},"excerpt":{"rendered":"<p>Donald Trump\u2019\u0131n ikinci d\u00f6neminde T\u00fcrkiye\u2019nin en b\u00fcy\u00fck beklentisi, ABD\u2019nin Suriye Demokrat G\u00fc\u00e7leri(SDG) destek sa\u011flamas\u0131n\u0131 kesmesi ve ABD askerlerinin Suriye\u2019nin kuzeyinden \u00e7ekilmesi. SDG\u2019nin altyap\u0131s\u0131n\u0131 Ankara ter\u00f6r \u00f6rg\u00fct\u00fc olarak nitelendirmekte ve Halk\u0131n Savunma Birlikleri(YPG) ile birlikte g\u00f6rmekte. 2001\u2019de i\u00e7 sava\u015f\u0131n ba\u015flamas\u0131 ve o tarihten itibaren kaybetti\u011fi t\u00fcm topraklar\u0131 geri alma vaadi veren Suriye h\u00fck\u00fcmeti ise, YPG ve [&hellip;]<\/p>\n","protected":false},"author":27,"featured_media":84440,"comment_status":"open","ping_status":"open","sticky":false,"template":"","format":"standard","meta":{"footnotes":""},"categories":[112],"tags":[],"class_list":["post-85123","post","type-post","status-publish","format-standard","has-post-thumbnail","hentry","category-umut-can-erkan"],"views":52,"_links":{"self":[{"href":"https:\/\/mersingazetesi.com\/index.php\/wp-json\/wp\/v2\/posts\/85123","targetHints":{"allow":["GET"]}}],"collection":[{"href":"https:\/\/mersingazetesi.com\/index.php\/wp-json\/wp\/v2\/posts"}],"about":[{"href":"https:\/\/mersingazetesi.com\/index.php\/wp-json\/wp\/v2\/types\/post"}],"author":[{"embeddable":true,"href":"https:\/\/mersingazetesi.com\/index.php\/wp-json\/wp\/v2\/users\/27"}],"replies":[{"embeddable":true,"href":"https:\/\/mersingazetesi.com\/index.php\/wp-json\/wp\/v2\/comments?post=85123"}],"version-history":[{"count":0,"href":"https:\/\/mersingazetesi.com\/index.php\/wp-json\/wp\/v2\/posts\/85123\/revisions"}],"wp:featuredmedia":[{"embeddable":true,"href":"https:\/\/mersingazetesi.com\/index.php\/wp-json\/wp\/v2\/media\/84440"}],"wp:attachment":[{"href":"https:\/\/mersingazetesi.com\/index.php\/wp-json\/wp\/v2\/media?parent=85123"}],"wp:term":[{"taxonomy":"category","embeddable":true,"href":"https:\/\/mersingazetesi.com\/index.php\/wp-json\/wp\/v2\/categories?post=85123"},{"taxonomy":"post_tag","embeddable":true,"href":"https:\/\/mersingazetesi.com\/index.php\/wp-json\/wp\/v2\/tags?post=85123"}],"curies":[{"name":"wp","href":"https:\/\/api.w.org\/{rel}","templated":true}]}}