{"id":85034,"date":"2024-11-10T10:11:26","date_gmt":"2024-11-10T07:11:26","guid":{"rendered":"https:\/\/mersingazetesi.com\/?p=85034"},"modified":"2024-11-10T10:11:26","modified_gmt":"2024-11-10T07:11:26","slug":"birikmis-ve-ertelenmis-bir-sorun-kurt-sorunu","status":"publish","type":"post","link":"https:\/\/mersingazetesi.com\/index.php\/2024\/11\/10\/birikmis-ve-ertelenmis-bir-sorun-kurt-sorunu\/","title":{"rendered":"B\u0130R\u0130KM\u0130\u015e VE ERTELENM\u0130\u015e B\u0130R SORUN!  K\u00dcRT SORUNU"},"content":{"rendered":"<div dir=\"ltr\">\n<div dir=\"ltr\">Gazete&#8217;deki &#8220;\u00dcLKEM\u0130Z\u0130N EN B\u00dcY\u00dcK SORUNU, K\u00dcRT SORUNU&#8221; ba\u015fl\u0131kl\u0131 k\u00f6\u015fe yaz\u0131ma, bir\u00e7o\u011fu da arkada\u015f\u0131m olan baz\u0131 okurlar\u0131mdan &#8220;\u00dcLKEM\u0130ZDE B\u00d6YLE B\u0130R SORUN YOK!&#8221; \u015feklinde itiraz geldi.<\/div>\n<div dir=\"ltr\">Daha do\u011frusu, mesaj atmak suretiyle bu konuda farkl\u0131 d\u00fc\u015f\u00fcnd\u00fcklerini dile getirdiler.<br \/>\nMeselenin anla\u015f\u0131lmas\u0131 ad\u0131na yaz\u0131yorum!<br \/>\nK\u00fcrt Sorunu denilen sorun, \u00f6z\u00fcnde demokrasi, hukuk, insan haklar\u0131 ve sosyal adalet sorunu olmakla birlikte, K\u00fcrt k\u00f6kenli karde\u015flerimizin bug\u00fcne kadar \u00e7\u00f6z\u00fclmeyen sorunlar\u0131d\u0131r.<\/div>\n<div dir=\"ltr\">Birikmi\u015f ve ertelenmi\u015f sorunlar\u0131d\u0131r yani.<br \/>\nFeodalizm -\u015f\u0131hl\u0131k, \u015feyhlik, a\u011fal\u0131k- K\u00fcrt Sorunu&#8217;dur mesela. (I\u015f\u0131klarda uyusun! K\u00fcrt k\u00f6kenli bir Arkada\u015f\u0131m, \u015f\u0131hl\u0131k, \u015feyhlik ve a\u011fal\u0131k i\u00e7in &#8220;Bunlar beynimizin bitidir!&#8221; derdi ve bitin pis ya da kirli yerlerde ya\u015fad\u0131\u011f\u0131n\u0131 belirtip, bu sorunu K\u00fcrtler&#8217;in cahil b\u0131rak\u0131lmalar\u0131na ba\u011flard\u0131.)<\/div>\n<div dir=\"ltr\">\nYine ayn\u0131 \u015fekilde, i\u015fsizlik, yoksulluk ve cehalet de K\u00fcrt Sorunu&#8217;dur.<\/div>\n<div dir=\"ltr\">Hani \u015fu ci\u011ferimizi yakan Narin Olay\u0131 var ya!<\/div>\n<div dir=\"ltr\">Aile \u00fcyelerinin, \u201cg\u00f6rmedik, duymad\u0131k, bilmiyoruz, hat\u0131rlam\u0131yoruz\u201d dedikleri Olay.<\/div>\n<div dir=\"ltr\">\u0130\u015fte, bu Olay da K\u00fcrt Sorunu&#8217;dur.<\/div>\n<div dir=\"ltr\">\u00c7\u00fcnk\u00fc a\u00e7\u0131k toplumlarda b\u00f6yle bir olay olmaz. Olsa bile gizli kapakl\u0131 kalmaz. Daha a\u00e7\u0131k bir ifadeyle, bu Olay&#8217;da oldu\u011fu gibi \u00f6rtbas edilmez.<br \/>\nK\u00fcrt Sorunu diye bir sorun olmasayd\u0131, Diyarbak\u0131rl\u0131, Mardinli, Batmanl\u0131, Urfal\u0131 mevsimlik i\u015f\u00e7iler k\u00fcrem k\u00fcrem Bat\u0131 illerine \u00e7al\u0131\u015fmaya (pamuk, zeytin, \u00e7ilek, f\u0131nd\u0131k vb. toplamaya) giderler miydi?<\/div>\n<div dir=\"ltr\">K\u00fcrt Sorunu diye bir sorun olmasayd\u0131, mevsimlik i\u015f\u00e7ilerin okul \u00e7a\u011f\u0131ndaki \u00e7ocuklar\u0131 da i\u015f\u00e7i olurlar m\u0131yd\u0131?<\/div>\n<div dir=\"ltr\">Akranlar\u0131 gibi okula gitmek varken, e\u011fitimden mahrum kal\u0131rlar m\u0131yd\u0131?<\/div>\n<div dir=\"ltr\">Bahar geldi\u011finde, K\u00fcrt k\u00f6kenli yurtta\u015flar\u0131n ya\u015fad\u0131klar\u0131 Do\u011fu ve G\u00fcneydo\u011fu illerinin k\u00f6ylerinde gen\u00e7 bulamazs\u0131n\u0131z.<\/div>\n<div dir=\"ltr\">&#8220;Nerede bu gen\u00e7ler?&#8221; diye sordu\u011funuzda, &#8220;Anadolu&#8217;ya \u00e7al\u0131\u015fmaya gitti&#8221; derler.<\/div>\n<div dir=\"ltr\">Siz bu \u00dclke&#8217;de, Bat\u0131&#8217;da ya\u015fayan gen\u00e7lerin Do\u011fu&#8217;ya ve G\u00fcneydo\u011fu&#8217;ya \u00e7al\u0131\u015fmaya gittiklerini g\u00f6rd\u00fcn\u00fcz m\u00fc hi\u00e7? G\u00f6remezsiniz!<\/div>\n<div dir=\"ltr\">\u00c7\u00fcnk\u00fc geli\u015fmi\u015f y\u00f6redekiler, geri kalm\u0131\u015f y\u00f6relere \u00e7al\u0131\u015fmaya gitmezler. Giderler de memur (asker, polis, \u00f6\u011fretmen, hem\u015fire, doktor vb.) olarak giderler. Siz bu \u00dclke&#8217;de, Bat\u0131&#8217;da ya\u015fayan hastalar\u0131n tedavi olmak i\u00e7in Do\u011fu&#8217;daki ve G\u00fcneydo\u011fu&#8217;daki hastanelere gittiklerini g\u00f6rd\u00fcn\u00fcz m\u00fc? G\u00f6remezsiniz!<\/div>\n<div dir=\"ltr\">\u00c7\u00fcnk\u00fc gitmezler.<\/div>\n<div dir=\"ltr\">Fakat Do\u011fu ve G\u00fcneydo\u011fu&#8217;da ya\u015fayan hastalar\u0131n Bat\u0131&#8217;daki hastanelere gittiklerini \u00e7ok g\u00f6rm\u00fc\u015fs\u00fcn\u00fczd\u00fcr.<br \/>\nCehaletin ve sefaletin t\u00fcmden yok edildi\u011fi ve hayat\u0131n her alan\u0131nda adaletin h\u00fck\u00fcm s\u00fcrd\u00fc\u011f\u00fc mutlu ve m\u00fcreffeh bir \u00dclkede huzur ve g\u00fcven i\u00e7inde ya\u015famam\u0131z umut ve dile\u011fimle esen kal\u0131n!<\/p>\n<p>G\u00dcN\u00dcN S\u00d6Z\u00dc:<\/p><\/div>\n<div dir=\"ltr\">\n&#8220;\u0130kbalini d\u00fc\u015f\u00fcnene siyaset\u00e7i, vatan\u0131n\u0131 ve milletini d\u00fc\u015f\u00fcnene devlet adam\u0131 denir.&#8221;<br \/>\nAtat\u00fcrk, kendisini vatan\u0131na ve milletine adam\u0131\u015f tam bir devlet adam\u0131yd\u0131.<\/div>\n<p><span dir=\"ltr\">Ruhu \u015fad, devri daim olsun!<\/span><\/div>\n<div id=\"m_6393320882199104808ms-outlook-mobile-signature\"><\/div>\n","protected":false},"excerpt":{"rendered":"<p>Gazete&#8217;deki &#8220;\u00dcLKEM\u0130Z\u0130N EN B\u00dcY\u00dcK SORUNU, K\u00dcRT SORUNU&#8221; ba\u015fl\u0131kl\u0131 k\u00f6\u015fe yaz\u0131ma, bir\u00e7o\u011fu da arkada\u015f\u0131m olan baz\u0131 okurlar\u0131mdan &#8220;\u00dcLKEM\u0130ZDE B\u00d6YLE B\u0130R SORUN YOK!&#8221; \u015feklinde itiraz geldi. Daha do\u011frusu, mesaj atmak suretiyle bu konuda farkl\u0131 d\u00fc\u015f\u00fcnd\u00fcklerini dile getirdiler. Meselenin anla\u015f\u0131lmas\u0131 ad\u0131na yaz\u0131yorum! K\u00fcrt Sorunu denilen sorun, \u00f6z\u00fcnde demokrasi, hukuk, insan haklar\u0131 ve sosyal adalet sorunu olmakla birlikte, K\u00fcrt [&hellip;]<\/p>\n","protected":false},"author":14,"featured_media":84437,"comment_status":"open","ping_status":"open","sticky":false,"template":"","format":"standard","meta":{"footnotes":""},"categories":[47],"tags":[],"class_list":["post-85034","post","type-post","status-publish","format-standard","has-post-thumbnail","hentry","category-erdogan-serin"],"views":75,"_links":{"self":[{"href":"https:\/\/mersingazetesi.com\/index.php\/wp-json\/wp\/v2\/posts\/85034","targetHints":{"allow":["GET"]}}],"collection":[{"href":"https:\/\/mersingazetesi.com\/index.php\/wp-json\/wp\/v2\/posts"}],"about":[{"href":"https:\/\/mersingazetesi.com\/index.php\/wp-json\/wp\/v2\/types\/post"}],"author":[{"embeddable":true,"href":"https:\/\/mersingazetesi.com\/index.php\/wp-json\/wp\/v2\/users\/14"}],"replies":[{"embeddable":true,"href":"https:\/\/mersingazetesi.com\/index.php\/wp-json\/wp\/v2\/comments?post=85034"}],"version-history":[{"count":0,"href":"https:\/\/mersingazetesi.com\/index.php\/wp-json\/wp\/v2\/posts\/85034\/revisions"}],"wp:featuredmedia":[{"embeddable":true,"href":"https:\/\/mersingazetesi.com\/index.php\/wp-json\/wp\/v2\/media\/84437"}],"wp:attachment":[{"href":"https:\/\/mersingazetesi.com\/index.php\/wp-json\/wp\/v2\/media?parent=85034"}],"wp:term":[{"taxonomy":"category","embeddable":true,"href":"https:\/\/mersingazetesi.com\/index.php\/wp-json\/wp\/v2\/categories?post=85034"},{"taxonomy":"post_tag","embeddable":true,"href":"https:\/\/mersingazetesi.com\/index.php\/wp-json\/wp\/v2\/tags?post=85034"}],"curies":[{"name":"wp","href":"https:\/\/api.w.org\/{rel}","templated":true}]}}