{"id":84806,"date":"2024-11-06T13:26:03","date_gmt":"2024-11-06T10:26:03","guid":{"rendered":"https:\/\/mersingazetesi.com\/?p=84806"},"modified":"2024-11-06T13:26:03","modified_gmt":"2024-11-06T10:26:03","slug":"genclik-calisanlari-yetkinlik-cercevesi-ve-egitim-programi-basladi","status":"publish","type":"post","link":"https:\/\/mersingazetesi.com\/index.php\/2024\/11\/06\/genclik-calisanlari-yetkinlik-cercevesi-ve-egitim-programi-basladi\/","title":{"rendered":"GEN\u00c7L\u0130K \u00c7ALI\u015eANLARI YETK\u0130NL\u0130K \u00c7ER\u00c7EVES\u0130 VE E\u011e\u0130T\u0130M PROGRAMI BA\u015eLADI"},"content":{"rendered":"<div class=\"x11i5rnm xat24cr x1mh8g0r x1vvkbs xtlvy1s x126k92a\">\n<div dir=\"auto\">Gen\u00e7lik ve Spor Bakanl\u0131\u011f\u0131 Gen\u00e7lik Hizmetleri Genel M\u00fcd\u00fcrl\u00fc\u011f\u00fc taraf\u0131ndan d\u00fczenlenen &#8220;Gen\u00e7lik \u00c7al\u0131\u015fanlar\u0131 Yetkinlik \u00c7er\u00e7evesi ve E\u011fitim Program\u0131&#8221; bug\u00fcn yap\u0131lan a\u00e7\u0131l\u0131\u015f program\u0131 ile ba\u015flad\u0131.<\/div>\n<\/div>\n<div class=\"x11i5rnm xat24cr x1mh8g0r x1vvkbs xtlvy1s x126k92a\">\n<div dir=\"auto\">Silifke Mehmet Akif Ersoy Gen\u00e7lik Kamp\u0131nda d\u00fczenlenen a\u00e7\u0131l\u0131\u015f t\u00f6renine Gen\u00e7lik Hizmetleri Genel M\u00fcd\u00fcr Yard\u0131mc\u0131s\u0131 Tuncay Ulusan, Daire Ba\u015fkan\u0131 \u0130smail Haspolat, Mersin Gen\u00e7lik ve Spor \u0130l M\u00fcd\u00fcrl\u00fc\u011f\u00fc Gen\u00e7lik Faaliyetleri \u015eube M\u00fcd\u00fcr\u00fc Cafer Bozkurt, e\u011fitmenler ve 104 Gen\u00e7lik \u00c7al\u0131\u015fan\u0131n\u0131n kat\u0131l\u0131m\u0131yla ger\u00e7ekle\u015ftirildi.<\/div>\n<\/div>\n<div class=\"x11i5rnm xat24cr x1mh8g0r x1vvkbs xtlvy1s x126k92a\">\n<div dir=\"auto\">Program\u0131n a\u00e7\u0131l\u0131\u015f\u0131nda konu\u015fan Gen\u00e7lik Hizmetleri Genel M\u00fcd\u00fcr Yard\u0131mc\u0131s\u0131 Tuncay Ulusan, Gelece\u011fimizin teminat\u0131 gen\u00e7ler i\u00e7in Gen\u00e7lik \u00c7al\u0131\u015fanlar\u0131n\u0131n \u00e7ok \u00f6nemli g\u00f6revler \u00fcstlendiklerini belirterek \u015funlar\u0131 s\u00f6yledi; &#8220;K\u0131ymetli Gen\u00e7lik \u00c7al\u0131\u015fanlar\u0131m\u0131z sizler gelece\u011fimizin teminat\u0131 gen\u00e7lerimizin, hayallerine y\u00f6n vermelerini sa\u011flamak ad\u0131na devletimizin sudu\u011fu imkanlar\u0131 onlar i\u00e7in daha ne kadar faydal\u0131 kullanabilir, cazip ve \u00e7ekici hale getirmek i\u00e7in hep birlikte \u00e7al\u0131\u015fmam\u0131z gerekiyor.<\/div>\n<\/div>\n<div class=\"x11i5rnm xat24cr x1mh8g0r x1vvkbs xtlvy1s x126k92a\">\n<div dir=\"auto\">Hepiniz \u00fclkemizin d\u00f6rt bir taraf\u0131nda sorumlulu\u011funun bilincinde birer Gen\u00e7lik \u00c7al\u0131\u015fan\u0131 olarak kurumunuzu temsil ediyorsunuz. Alanlar\u0131nda uzman e\u011fitmenler e\u015fli\u011finde \u00e7e\u015fitli e\u011fitimler alacaks\u0131n\u0131z. Ben \u015fimdiden hepinize tek tek ba\u015far\u0131lar diliyorum. Verimli ve e\u011flenceli bir e\u011fitim program\u0131 olaca\u011f\u0131na inan\u0131yor ve bu e\u011fitim program\u0131n\u0131n hayata ge\u00e7mesini sa\u011flayan ba\u015fta Gen\u00e7lik ve Spor Bakan\u0131m\u0131z say\u0131n Dr. Osman A\u015fk\u0131n Bak&#8217;a, Gen\u00e7lik Hizmetleri Genel M\u00fcd\u00fcr\u00fcm\u00fcz say\u0131n Enes Efendio\u011flu\u2019na, ev sahipli\u011fi yapan Mersin Gen\u00e7lik ve Spor \u0130l M\u00fcd\u00fcr\u00fcm\u00fcz G\u00f6ksun \u00d6z ve ekibine te\u015fekk\u00fcr ediyorum.\u201d dedi.<\/div>\n<\/div>\n<div class=\"x11i5rnm xat24cr x1mh8g0r x1vvkbs xtlvy1s x126k92a\">\n<div dir=\"auto\">05-11 Kas\u0131m tarihleri aras\u0131nda Mersin&#8217;in ev sahipli\u011finde ger\u00e7ekle\u015ftirilen &#8220;Gen\u00e7lik \u00c7al\u0131\u015fanlar\u0131 Yetkinlik \u00c7er\u00e7evesi ve E\u011fitim Program\u0131n\u0131n&#8221; 1. D\u00f6nemine G\u00fcneydo\u011fu Anadolu B\u00f6lgesinden gelen 104 Gen\u00e7lik \u00c7al\u0131\u015fan\u0131, alanlar\u0131nda uzman e\u011fitmenler e\u015fli\u011finde e\u011fitim g\u00f6recek.<\/div>\n<\/div>\n<div class=\"x11i5rnm xat24cr x1mh8g0r x1vvkbs xtlvy1s x126k92a\">\n<div dir=\"auto\">\u0130lk d\u00f6nemi bug\u00fcn ba\u015flayan, 6 D\u00f6nemden olu\u015fan ve T\u00fcrkiye geneli 1071 Gen\u00e7lik \u00c7al\u0131\u015fan\u0131n\u0131n kat\u0131l\u0131m\u0131yla ger\u00e7ekle\u015ftirilen E\u011fitim 23 Aral\u0131kta tamamlanacak.<\/div>\n<\/div>\n<div class=\"x11i5rnm xat24cr x1mh8g0r x1vvkbs xtlvy1s x126k92a\"><\/div>\n","protected":false},"excerpt":{"rendered":"<p>Gen\u00e7lik ve Spor Bakanl\u0131\u011f\u0131 Gen\u00e7lik Hizmetleri Genel M\u00fcd\u00fcrl\u00fc\u011f\u00fc taraf\u0131ndan d\u00fczenlenen &#8220;Gen\u00e7lik \u00c7al\u0131\u015fanlar\u0131 Yetkinlik \u00c7er\u00e7evesi ve E\u011fitim Program\u0131&#8221; bug\u00fcn yap\u0131lan a\u00e7\u0131l\u0131\u015f program\u0131 ile ba\u015flad\u0131. Silifke Mehmet Akif Ersoy Gen\u00e7lik Kamp\u0131nda d\u00fczenlenen a\u00e7\u0131l\u0131\u015f t\u00f6renine Gen\u00e7lik Hizmetleri Genel M\u00fcd\u00fcr Yard\u0131mc\u0131s\u0131 Tuncay Ulusan, Daire Ba\u015fkan\u0131 \u0130smail Haspolat, Mersin Gen\u00e7lik ve Spor \u0130l M\u00fcd\u00fcrl\u00fc\u011f\u00fc Gen\u00e7lik Faaliyetleri \u015eube M\u00fcd\u00fcr\u00fc Cafer Bozkurt, [&hellip;]<\/p>\n","protected":false},"author":2,"featured_media":84807,"comment_status":"open","ping_status":"open","sticky":false,"template":"","format":"standard","meta":{"footnotes":""},"categories":[6],"tags":[],"class_list":["post-84806","post","type-post","status-publish","format-standard","has-post-thumbnail","hentry","category-spor"],"views":33,"_links":{"self":[{"href":"https:\/\/mersingazetesi.com\/index.php\/wp-json\/wp\/v2\/posts\/84806","targetHints":{"allow":["GET"]}}],"collection":[{"href":"https:\/\/mersingazetesi.com\/index.php\/wp-json\/wp\/v2\/posts"}],"about":[{"href":"https:\/\/mersingazetesi.com\/index.php\/wp-json\/wp\/v2\/types\/post"}],"author":[{"embeddable":true,"href":"https:\/\/mersingazetesi.com\/index.php\/wp-json\/wp\/v2\/users\/2"}],"replies":[{"embeddable":true,"href":"https:\/\/mersingazetesi.com\/index.php\/wp-json\/wp\/v2\/comments?post=84806"}],"version-history":[{"count":0,"href":"https:\/\/mersingazetesi.com\/index.php\/wp-json\/wp\/v2\/posts\/84806\/revisions"}],"wp:featuredmedia":[{"embeddable":true,"href":"https:\/\/mersingazetesi.com\/index.php\/wp-json\/wp\/v2\/media\/84807"}],"wp:attachment":[{"href":"https:\/\/mersingazetesi.com\/index.php\/wp-json\/wp\/v2\/media?parent=84806"}],"wp:term":[{"taxonomy":"category","embeddable":true,"href":"https:\/\/mersingazetesi.com\/index.php\/wp-json\/wp\/v2\/categories?post=84806"},{"taxonomy":"post_tag","embeddable":true,"href":"https:\/\/mersingazetesi.com\/index.php\/wp-json\/wp\/v2\/tags?post=84806"}],"curies":[{"name":"wp","href":"https:\/\/api.w.org\/{rel}","templated":true}]}}