{"id":84557,"date":"2024-11-01T12:21:44","date_gmt":"2024-11-01T09:21:44","guid":{"rendered":"https:\/\/mersingazetesi.com\/?p=84557"},"modified":"2024-11-01T12:21:44","modified_gmt":"2024-11-01T09:21:44","slug":"ic-cepheyi-guclu-tutmanin-yolu","status":"publish","type":"post","link":"https:\/\/mersingazetesi.com\/index.php\/2024\/11\/01\/ic-cepheyi-guclu-tutmanin-yolu\/","title":{"rendered":"\u0130\u00c7 CEPHEY\u0130 G\u00dc\u00c7L\u00dc TUTMANIN YOLU!"},"content":{"rendered":"<div dir=\"ltr\">Bir \u00fclke i\u00e7in i\u00e7 cephenin g\u00fc\u00e7l\u00fc olmas\u0131 ya da g\u00fc\u00e7l\u00fc tutulmas\u0131 elbette \u00f6nemlidir. Bu husus, beka probleminin ya\u015fand\u0131\u011f\u0131 \u00e7at\u0131\u015fmal\u0131 d\u00f6nemlerde daha da \u00f6nemlidir.<\/div>\n<div dir=\"ltr\">Soyk\u0131r\u0131mc\u0131 \u0130srail&#8217;in \u00f6nlenemeyen ve durdurulamayan sald\u0131rganl\u0131\u011f\u0131ndan sonra, \u0130ktidar Cephesi s\u00fcrekli olarak i\u00e7 cepheyi g\u00fc\u00e7lendirmekten ve g\u00fc\u00e7l\u00fc tutmaktan s\u00f6z ediyor.<\/div>\n<div dir=\"ltr\">Gelin g\u00f6r\u00fcn ki, bu \u00e7a\u011fr\u0131y\u0131 yapanlar \u015fu yal\u0131n ger\u00e7e\u011fi ya g\u00f6rm\u00fcyor ya da g\u00f6rmek istemiyor.<\/div>\n<div dir=\"ltr\">\u0130\u00e7 cepheyi g\u00fc\u00e7lendirelim demekle i\u00e7 cephe g\u00fc\u00e7lenmez.<\/div>\n<div dir=\"ltr\">Salt \u00e7a\u011fr\u0131 yapmakla g\u00fc\u00e7lenmez yani.<\/div>\n<div dir=\"ltr\">\u0130\u00e7 cepheyi g\u00fc\u00e7lendirmek ve g\u00fc\u00e7l\u00fc tutmak i\u00e7in ayr\u0131\u015ft\u0131r\u0131c\u0131, \u00f6tekile\u015ftirici politikalardan ve yak\u0131c\u0131, ac\u0131t\u0131c\u0131 (ve hatta yaralay\u0131c\u0131) dilden ve s\u00f6ylemden uzak durmak laz\u0131m.<\/div>\n<div dir=\"ltr\">Daha do\u011frusu, vazge\u00e7mek laz\u0131m.<\/div>\n<div dir=\"ltr\">Sadece bu yetmez ama! Hakk\u0131n ve adaletin saf\u0131nda da olmak laz\u0131m.<\/div>\n<div dir=\"ltr\"><\/div>\n<div dir=\"ltr\">Elimizi vicdan\u0131m\u0131za koyup \u00f6yle s\u00f6yleyelim!<\/div>\n<div dir=\"ltr\">Bu \u00dclke&#8217;yi y\u00f6netme mevki ve sorumlulu\u011funda olanlar\u0131n, hakk\u0131n ve adaletin saf\u0131nda olduklar\u0131n\u0131 s\u00f6ylemek m\u00fcmk\u00fcn m\u00fc?<\/div>\n<div dir=\"ltr\">\u00d6yle olsayd\u0131, bu \u00dclke&#8217;de liyakate, adalete ve siyasete duyulan g\u00fcven bu kadar dip yapar m\u0131yd\u0131?<\/div>\n<div dir=\"ltr\">\u00d6yle olsayd\u0131, \u00dclkemizin en g\u00f6zde \u00fcniversitelerini bitiren p\u0131rlanta gibi gen\u00e7lerimiz yurt d\u0131\u015f\u0131na kapak atman\u0131n hesaplar\u0131n\u0131 yapar m\u0131yd\u0131? Hakk\u0131 bilen ve vicdan sahibi olan yediden yetmi\u015fe herkes biliyor ki, bu \u00dclke&#8217;de liyakatin L&#8217;sinden, adaletin A&#8217;s\u0131ndan, sosyal adaletin de SA&#8217;s\u0131ndan eser yok.<\/div>\n<div dir=\"ltr\">\u0130\u00e7 cepheyi g\u00fc\u00e7l\u00fc tutacaksak, \u00f6nce bu ay\u0131plardan kurtulmam\u0131z ve hayat\u0131n her alan\u0131nda hakk\u0131 ve adaleti egemen k\u0131lmam\u0131z laz\u0131m.<\/div>\n<div dir=\"ltr\">Hi\u00e7 kimse kusura bakmas\u0131n! Bu ay\u0131plardan ar\u0131nmadan ve hakk\u0131, adaleti hayat\u0131n her alan\u0131nda egemen k\u0131l\u0131p, tasada, kederde, k\u0131van\u00e7ta ve sevin\u00e7te duyguda\u015fl\u0131k yaratmadan i\u00e7 cephe g\u00fc\u00e7lenmez.<br \/>\n\u00dclkemizin bekas\u0131 ve Halk\u0131m\u0131z\u0131n da iyili\u011fi ve esenli\u011fi i\u00e7in t\u00fcm bu ger\u00e7ekleri g\u00f6r\u00fcp, ay\u0131plar\u0131m\u0131zdan tez zamanda ar\u0131nmam\u0131z umut ve dile\u011fimle esen kal\u0131n!<\/div>\n<div dir=\"ltr\"><\/div>\n<div dir=\"ltr\">ADALETE SUSAMI\u015e \u0130NSAN!<\/p>\n<p>&#8220;D\u00fcnyan\u0131n b\u00fct\u00fcn nehirlerini bir araya getirseniz, adalete susam\u0131\u015f bir insan\u0131n susuzlu\u011funu gideremezsiniz.&#8221;<\/p><\/div>\n<div dir=\"ltr\">\nSadi \u015eirazi (1210 &#8211; 1292)<br \/>\nT\u00fcrk k\u00f6kenli \u0130ranl\u0131 \u015fair ve d\u00fc\u015f\u00fcn\u00fcr.<\/div>\n","protected":false},"excerpt":{"rendered":"<p>Bir \u00fclke i\u00e7in i\u00e7 cephenin g\u00fc\u00e7l\u00fc olmas\u0131 ya da g\u00fc\u00e7l\u00fc tutulmas\u0131 elbette \u00f6nemlidir. Bu husus, beka probleminin ya\u015fand\u0131\u011f\u0131 \u00e7at\u0131\u015fmal\u0131 d\u00f6nemlerde daha da \u00f6nemlidir. Soyk\u0131r\u0131mc\u0131 \u0130srail&#8217;in \u00f6nlenemeyen ve durdurulamayan sald\u0131rganl\u0131\u011f\u0131ndan sonra, \u0130ktidar Cephesi s\u00fcrekli olarak i\u00e7 cepheyi g\u00fc\u00e7lendirmekten ve g\u00fc\u00e7l\u00fc tutmaktan s\u00f6z ediyor. Gelin g\u00f6r\u00fcn ki, bu \u00e7a\u011fr\u0131y\u0131 yapanlar \u015fu yal\u0131n ger\u00e7e\u011fi ya g\u00f6rm\u00fcyor ya da [&hellip;]<\/p>\n","protected":false},"author":14,"featured_media":84437,"comment_status":"open","ping_status":"open","sticky":false,"template":"","format":"standard","meta":{"footnotes":""},"categories":[47],"tags":[],"class_list":["post-84557","post","type-post","status-publish","format-standard","has-post-thumbnail","hentry","category-erdogan-serin"],"views":72,"_links":{"self":[{"href":"https:\/\/mersingazetesi.com\/index.php\/wp-json\/wp\/v2\/posts\/84557","targetHints":{"allow":["GET"]}}],"collection":[{"href":"https:\/\/mersingazetesi.com\/index.php\/wp-json\/wp\/v2\/posts"}],"about":[{"href":"https:\/\/mersingazetesi.com\/index.php\/wp-json\/wp\/v2\/types\/post"}],"author":[{"embeddable":true,"href":"https:\/\/mersingazetesi.com\/index.php\/wp-json\/wp\/v2\/users\/14"}],"replies":[{"embeddable":true,"href":"https:\/\/mersingazetesi.com\/index.php\/wp-json\/wp\/v2\/comments?post=84557"}],"version-history":[{"count":0,"href":"https:\/\/mersingazetesi.com\/index.php\/wp-json\/wp\/v2\/posts\/84557\/revisions"}],"wp:featuredmedia":[{"embeddable":true,"href":"https:\/\/mersingazetesi.com\/index.php\/wp-json\/wp\/v2\/media\/84437"}],"wp:attachment":[{"href":"https:\/\/mersingazetesi.com\/index.php\/wp-json\/wp\/v2\/media?parent=84557"}],"wp:term":[{"taxonomy":"category","embeddable":true,"href":"https:\/\/mersingazetesi.com\/index.php\/wp-json\/wp\/v2\/categories?post=84557"},{"taxonomy":"post_tag","embeddable":true,"href":"https:\/\/mersingazetesi.com\/index.php\/wp-json\/wp\/v2\/tags?post=84557"}],"curies":[{"name":"wp","href":"https:\/\/api.w.org\/{rel}","templated":true}]}}