{"id":81639,"date":"2024-09-20T15:39:06","date_gmt":"2024-09-20T12:39:06","guid":{"rendered":"https:\/\/mersingazetesi.com\/?p=81639"},"modified":"2024-09-20T15:41:58","modified_gmt":"2024-09-20T12:41:58","slug":"vali-pehlivandan-gaziler-sehitler-ve-aileleri-onuruna-yemek","status":"publish","type":"post","link":"https:\/\/mersingazetesi.com\/index.php\/2024\/09\/20\/vali-pehlivandan-gaziler-sehitler-ve-aileleri-onuruna-yemek\/","title":{"rendered":"VAL\u0130 PEHL\u0130VAN\u2019DAN GAZ\u0130LER, \u015eEH\u0130TLER VE A\u0130LELER\u0130 ONURUNA YEMEK"},"content":{"rendered":"<p>DEN\u0130Z KARAKU\u015e<br \/>\nMersin Valisi Ali Hamza Pehlivan, Gazileri ve aileleri ile \u015eehit ailelerini 19 Eyl\u00fcl Gaziler G\u00fcn\u00fc kapsam\u0131nda d\u00fczenlenen yemekli programda a\u011f\u0131rlad\u0131. Programa, Valimiz Ali Hamza Pehlivan ve e\u015fi Y\u0131ld\u0131z Pehlivan ile birlikte, Mersin Milletvekilleri, Akdeniz B\u00f6lge ve Garnizon Komutan\u0131, B\u00fcy\u00fck\u015fehir Belediye Ba\u015fkan\u0131, Cumhuriyet Ba\u015fsavc\u0131s\u0131, Baro Ba\u015fkan\u0131, Vali Yard\u0131mc\u0131lar\u0131, Akdeniz Kaymakam\u0131, Toroslar Kaymakam\u0131, Mezitli Kaymakam\u0131, Yeni\u015fehir Kaymakam\u0131, KKTC Mersin Konsolosu, \u0130l Emniyet M\u00fcd\u00fcr\u00fc, \u0130l Jandarma Komutan\u0131, Sahil G\u00fcvenlik Akdeniz B\u00f6lge Komutan\u0131 V. \u0130l M\u00fcd\u00fcrleri, Meslek Odalar\u0131, STK Temsilcileri, \u015eehit ailelerimiz, Gazilerimiz ve aileleri kat\u0131ld\u0131.<br \/>\nKur\u2019an-\u0131 Kerim tilavetiyle ba\u015flayan program, Vali Pehlivan\u2019\u0131n konu\u015fmas\u0131 ile devam etti.<\/p>\n<p>Pehlivan, \u201cBug\u00fcn malumunuz 19 Eyl\u00fcl Gaziler G\u00fcn\u00fc. Bug\u00fcn T\u00fcrkiye B\u00fcy\u00fck Millet Meclisi taraf\u0131ndan Mustafa Kemal Atat\u00fcrk&#8217;e 19 Eyl\u00fcl 1921 y\u0131l\u0131nda, 103 y\u0131l \u00f6nce \u2018Mare\u015fallik\u2019 r\u00fctbesinin ve \u2018Gazilik\u2019 unvan\u0131n\u0131n verildi\u011fi g\u00fcn. Bug\u00fcn b\u00fct\u00fcn yurtta, b\u00fct\u00fcn illerimizde, yurdumuz genelinde Gaziler G\u00fcn\u00fc olarak idrak ve icra ediliyor. Biz de Mersin \u0130limizde sabah saatlerinden itibaren bug\u00fcn\u00fcn anlam ve \u00f6nemine y\u00f6nelik programlar\u0131m\u0131z\u0131 ger\u00e7ekle\u015ftiriyoruz. \u00d6ncelikle sofram\u0131z\u0131 \u015fereflendirdi\u011finiz i\u00e7in, davetimize icabet etti\u011finiz i\u00e7in bir kere daha hepinize ayr\u0131 ayr\u0131 \u015f\u00fckranlar\u0131m\u0131 sunuyorum. Kahraman Gazilerimiz, aziz \u015eehitlerimizin yol arkada\u015f\u0131d\u0131r. \u015eehitlerin \u015fehadetinin tan\u0131\u011f\u0131d\u0131r. \u2018Ya \u015eehit olurum ya Gazi\u2019 anlay\u0131\u015f\u0131yla yola \u00e7\u0131km\u0131\u015ft\u0131r. \u015eehit olmay\u0131 g\u00f6ze alm\u0131\u015ft\u0131r. Ayn\u0131 m\u00fccadeleyi vermi\u015ftir. Ayn\u0131 me\u015fakkatli yollardan ge\u00e7mi\u015ftir. Gazilerimizin t\u0131pk\u0131 \u015eehitlerimizin oldu\u011fu gibi milletimizin her bireyinin g\u00f6nl\u00fcnde, zihninde, m\u00fcstesna bir yeri vard\u0131r. Tarih boyunca millet olarak, devlet olarak, yapm\u0131\u015f oldu\u011fumuz tarih ve medeniyet yolculu\u011funda \u00fclkemizin ayakta durmas\u0131, vatan\u0131m\u0131z\u0131n birlik ve b\u00fct\u00fcnl\u00fc\u011f\u00fcn\u00fcn muhafaza edilmesi u\u011frunda teredd\u00fct g\u00f6stermeden, sa\u011f\u0131na soluna, arkas\u0131na bakmadan yollara d\u00fc\u015fm\u00fc\u015f kahramanlar\u0131m\u0131zd\u0131r b\u00fct\u00fcn Gazilerimiz.\u201d dedi.<\/p>\n<p>\u2018Nefer \u015eehit Olmu\u015ftur, Ordu Gazi Olmu\u015ftur\u2019<\/p>\n<p>Pehlivan a\u00e7\u0131klamas\u0131na \u015f\u00f6yle devam etti;<br \/>\n\u201c Malazgirt&#8217;ten \u00c7anakkale&#8217;ye, Kurtulu\u015f Sava\u015f\u0131&#8217;ndan 15 Temmuz&#8217;a, i\u00e7 g\u00fcvenlik operasyonlar\u0131na, g\u00fcvenlik operasyonlar\u0131na kadar ordumuzun silahl\u0131 kuvvetlerimizin i\u00e7inde, jandarma te\u015fkilat\u0131m\u0131z\u0131n, polis te\u015fkilat\u0131m\u0131z\u0131n i\u00e7inde veya sivil olarak Gazilerimiz bu m\u00fccadeleye ortak olmu\u015ftur, ortak olmaya da devam etmektedir. Gazilerimizin, gaza ruhunun temsilcileri oldu\u011funu belirten Vali Pehlivan; \u2018\u2018Bu ruh tarih boyunca \u00e7ok \u00e7e\u015fitli vesilelerle tezah\u00fcr etmi\u015ftir. \u00c7anakkale bunun en b\u00fcy\u00fck \u00f6rneklerinden birisidir. \u00c7anakkale&#8217;de malumunuz y\u00fcz binlerce \u015eehidimiz var. Ayn\u0131 zamanda y\u00fcz binlerce de Gazimiz var. Biz milletimizi tan\u0131mlarken \u2018gazi millet\u2019 olarak tan\u0131mlar\u0131z. Asl\u0131nda devletimizi tan\u0131mlarken de \u2018gazi devlet\u2019 deriz. \u00c7\u00fcnk\u00fc t\u00fcrl\u00fc \u00e7e\u015fit, me\u015fakkatli m\u00fccadelelerin \u00fcstesinden gelerek bug\u00fcnlere ula\u015fm\u0131\u015ft\u0131r. \u00c7anakkale&#8217;yle ilgili pek \u00e7ok hik\u00e2ye var. Orada m\u00fccadele eden her bir neferimizin ismi bilinen, bilinmeyen \u015fanl\u0131 ecdad\u0131m\u0131z\u0131n, b\u00fcy\u00fcklerimizin, hat\u0131ralar\u0131 var. Onlar\u0131n hepsi birer \u2018Mehmet\u2019 idi. Mehmetler i\u00e7erisinde Bigal\u0131 Mehmet \u00c7avu\u015f hat\u0131rlad\u0131\u011f\u0131m\u0131z, sayg\u0131yla and\u0131\u011f\u0131m\u0131z binlerce Gazimizden birisidir. Bigal\u0131 Mehmet \u00c7avu\u015f malumunuz t\u00fcfe\u011fi kullan\u0131lamaz hale geldi\u011finde \u2018Bana bir k\u00fcrek, bir de y\u00fcrek yeter\u2019 demi\u015ftir ve istihkam k\u00fcre\u011fini eline alm\u0131\u015f, o k\u00fcrekle, ta\u015fla ve etrafta ne bulduysa m\u00fccadelesini d\u00fc\u015fmana kar\u015f\u0131 vermi\u015ftir. Yaralan\u0131p k\u00f6y\u00fcne d\u00f6nd\u00fc\u011f\u00fcnde \u2018Benim arkada\u015flar\u0131m cephede ben bu k\u00f6yde duramam. Beni yeniden cepheye g\u00f6nderin\u2019 demi\u015ftir. Bir cesaret abidesi, bir kararl\u0131l\u0131k abidesi, bir \u015fuur abidesidir bu anlay\u0131\u015f. Aradan y\u0131llar ge\u00e7mi\u015ftir. On y\u0131llar ge\u00e7mi\u015ftir. Ad\u0131 gene Mehmet olan veya farkl\u0131 isimlerle olan bir\u00e7ok karde\u015fimiz kahraman\u0131m\u0131z o ruhu i\u00e7 g\u00fcvenlik operasyonlar\u0131nda devam ettirmi\u015ftir. Van&#8217;la Hakk\u00e2ri aras\u0131nda Belbuka \u00dcs B\u00f6lgesi var. 1990\u2019l\u0131 y\u0131llarda orada al\u00e7ak ter\u00f6r \u00f6rg\u00fct\u00fcn\u00fcn sald\u0131r\u0131s\u0131 neticesinde ad\u0131 Mehmet olan t\u0131pk\u0131 Mehmet \u00c7avu\u015f gibi ad\u0131 Mehmet soyad\u0131 ise Korkmaz olan bir askerimiz, orada Gazi oluyor, yaralan\u0131yor ve gazi olduktan sonra \u2018\u00c7ok \u00fczg\u00fcn\u00fcm. \u015eehit olamad\u0131m. Ama vatan\u0131m i\u00e7in iki g\u00f6z\u00fcm\u00fc feda ettim. Gene olsa gene giderim gene bu m\u00fccadeleyi veririm geri durmam\u2019 diyor. Bu s\u00f6zler, \u00c7anakkale&#8217;deki ruhun devam etti\u011fini g\u00f6steriyor. \u0130ki g\u00f6z\u00fcn\u00fc, vatana feda etti\u011fi, millet i\u00e7in feda etti\u011fi halde \u2018bana g\u00f6rev versinler, ben bu g\u00f6revden geri durmam\u2019 diyor. \u0130\u015fte kahraman Gazilerimiz, i\u015fte kahraman \u015eehitlerimiz!\u201d<\/p>\n<p>\u201cBiz Bu Y\u00fczden Gururluyuz, Millet\u00e7e Gururluyuz\u201d<\/p>\n<p>\u201cMensubu olmaktan gurur duydu\u011fumuz necip T\u00fcrk Milletinin her bir ferdi olarak \u015eehitlerimizden, Gazilerimizden g\u00fc\u00e7 al\u0131yoruz. Siz sayg\u0131de\u011fer Gazilerimiz bizi onurland\u0131r\u0131yorsunuz. Sizlerin varl\u0131\u011f\u0131, gelece\u011fe olan umutlar\u0131m\u0131z\u0131 \u00e7o\u011falt\u0131yor, ye\u015fertiyor. Ge\u00e7ti\u011fimiz temmuz ay\u0131nda malumunuz K\u0131br\u0131s&#8217;\u0131n \u00f6zg\u00fcrl\u00fc\u011f\u00fcne kavu\u015fmas\u0131n\u0131n 50. y\u0131l d\u00f6n\u00fcm\u00fcyd\u00fc. Bu t\u00f6renler vesilesiyle Aile ve Sosyal Hizmetler Bakanl\u0131\u011f\u0131\u2019m\u0131z, Milli Savunma Bakanl\u0131\u011f\u0131m\u0131z ve \u0130limizde de Mersin Valili\u011fi&#8217;miz ile koordinasyon i\u00e7erisinde Gazilerimizi g\u00f6rev yapm\u0131\u015f olduklar\u0131, Gazi olmu\u015f olduklar\u0131 Kuzey K\u0131br\u0131s T\u00fcrk Cumhuriyeti&#8217;ne g\u00f6nderme karar\u0131 alm\u0131\u015ft\u0131. Garnizon Komutanl\u0131\u011f\u0131m\u0131z, Aile ve Sosyal \u0130l M\u00fcd\u00fcrl\u00fc\u011f\u00fcm\u00fcz ve ilgili kurumlar\u0131n katk\u0131 ve kat\u0131l\u0131mlar\u0131yla bir t\u00f6ren ger\u00e7ekle\u015ftirdik. Orada Gazilerimizin duru\u015funu ve g\u00f6zlerindeki ya\u015f\u0131 g\u00f6r\u00fcnce adeta sene 1974 ve Bar\u0131\u015f Harekat\u0131&#8217;na gidiyormu\u015f gibi orada heyecanlanmalar\u0131n\u0131 ve bir asker edas\u0131yla selama durmalar\u0131n\u0131 g\u00f6r\u00fcnce ger\u00e7ekten milletimizle, Gazilerimizle, \u015eehitlerimizle bir kere daha gurur duyduk. T\u00f6renlerimizde bug\u00fcn de ayn\u0131 \u015fekilde o g\u00f6r\u00fcnt\u00fcy\u00fc hep beraber izledik. Gazilerimizin o dik duru\u015fu, o vakurlu duru\u015fu hepimizi bir kere daha duyguland\u0131rd\u0131. Sanki bug\u00fcn g\u00f6rev verilsin ko\u015fa ko\u015fa giderim edas\u0131yla. Evet t\u0131pk\u0131 Mehmet \u00c7avu\u015flar gibi t\u0131pk\u0131 Mehmet Korkmazlar gibi t\u0131pk\u0131 binlerce, milyonlarca Mehmet gibi. Biz sizlerin sayesinde, sizlerin \u015fahs\u0131nda b\u00fct\u00fcn \u015eehitlerimizin ve Gazilerimizin sayesinde bu g\u00fcnlerimize eri\u015fti\u011fimizin fark\u0131nday\u0131z. Bu bilin\u00e7le hareket ediyoruz. Bu bilin\u00e7le hareket etmemiz gerekiyor. Gen\u00e7lerimize, \u00e7ocuklar\u0131m\u0131za sizleri, sizlerin kahramanl\u0131klar\u0131n\u0131 anlat\u0131yoruz, daha da \u00e7ok anlatmam\u0131z gerekiyor. Okullar\u0131m\u0131za sizler gidiyorsunuz, anlat\u0131yorsunuz, bundan sonraki s\u00fcre\u00e7lerde in\u015fallah yeni m\u00fcfredat \u00e7er\u00e7evesinde daha da \u00e7ok sizleri gen\u00e7lerimizle, \u00f6\u011frencilerimizle bulu\u015fturaca\u011f\u0131z. Onlar \u015eehitlik kavram\u0131n\u0131, Gazilik kavram\u0131n\u0131 \u00e7ok daha yak\u0131ndan in\u015fallah idrak edecekler.<\/p>\n<p>\u201cK\u00f6klerimizden beslenece\u011fiz\u201d<\/p>\n<p>\u201cBuradaki gayemiz \u015fudur; biz elbette ki \u00e7a\u011f\u0131n gerektirdi\u011fi \u015fekilde, \u00e7a\u011f\u0131n gerektirdi\u011fi bilimle, teknolojiyle, her alanda ileri d\u00fczeyde bilgiyle donanaca\u011f\u0131z. Gen\u00e7lerimizi bu bilgilerle donataca\u011f\u0131z. Bununla birlikte k\u00f6klerimizi unutmayaca\u011f\u0131z. K\u00f6klerimizden beslenece\u011fiz. A\u011fa\u00e7, k\u00f6ks\u00fcz ayakta duramaz. K\u00f6klerinden beslenir. A\u011fac\u0131n ye\u015fermesi i\u00e7in o k\u00f6klerinden gerekli g\u00fcc\u00fc almas\u0131 gerekir. Bizim devletimizde bir \u00e7\u0131nard\u0131r. K\u00f6klerinden beslenmi\u015ftir, dallanm\u0131\u015ft\u0131r, budaklanm\u0131\u015ft\u0131r. Bug\u00fcnlere gelmi\u015ftir. \u0130n\u015fallah yar\u0131nlara do\u011fru da o budaklanma, boy salma devam edecektir. Y\u00fckselerek muas\u0131r medeniyetler seviyesinin de \u00fcst\u00fcne in\u015fallah \u00e7\u0131kacakt\u0131r. Bu duygularla bir kere daha davetimize icabet etti\u011finiz i\u00e7in hepinize ayr\u0131 ayr\u0131 te\u015fekk\u00fcr ediyorum. Gaziler G\u00fcn\u00fc vesilesiyle ba\u015fta Gazi Mustafa Kemal Atat\u00fcrk olmak \u00fczere Mill\u00ee M\u00fccadele kahramanlar\u0131m\u0131z\u0131, aziz \u015eehitlerimizi, ebediyete infial etmi\u015f olan Gazilerimizi sayg\u0131yla, minnetle, rahmetle yad ediyorum. Hayatta olan siz k\u0131ymetli Gazilerimize ve sizin \u015fahs\u0131n\u0131zda b\u00fct\u00fcn Gazilerimize \u015f\u00fckranlar\u0131m\u0131 sunuyor, sa\u011fl\u0131kl\u0131, uzun \u00f6m\u00fcrler diliyor, sizleri sevgiyle sayg\u0131yla selaml\u0131yorum.\u201d<\/p>\n","protected":false},"excerpt":{"rendered":"<p>DEN\u0130Z KARAKU\u015e Mersin Valisi Ali Hamza Pehlivan, Gazileri ve aileleri ile \u015eehit ailelerini 19 Eyl\u00fcl Gaziler G\u00fcn\u00fc kapsam\u0131nda d\u00fczenlenen yemekli programda a\u011f\u0131rlad\u0131. Programa, Valimiz Ali Hamza Pehlivan ve e\u015fi Y\u0131ld\u0131z Pehlivan ile birlikte, Mersin Milletvekilleri, Akdeniz B\u00f6lge ve Garnizon Komutan\u0131, B\u00fcy\u00fck\u015fehir Belediye Ba\u015fkan\u0131, Cumhuriyet Ba\u015fsavc\u0131s\u0131, Baro Ba\u015fkan\u0131, Vali Yard\u0131mc\u0131lar\u0131, Akdeniz Kaymakam\u0131, Toroslar Kaymakam\u0131, Mezitli Kaymakam\u0131, [&hellip;]<\/p>\n","protected":false},"author":2,"featured_media":81647,"comment_status":"open","ping_status":"open","sticky":false,"template":"","format":"standard","meta":{"footnotes":""},"categories":[1,8],"tags":[],"class_list":["post-81639","post","type-post","status-publish","format-standard","has-post-thumbnail","hentry","category-gundem","category-mersin"],"views":73,"_links":{"self":[{"href":"https:\/\/mersingazetesi.com\/index.php\/wp-json\/wp\/v2\/posts\/81639","targetHints":{"allow":["GET"]}}],"collection":[{"href":"https:\/\/mersingazetesi.com\/index.php\/wp-json\/wp\/v2\/posts"}],"about":[{"href":"https:\/\/mersingazetesi.com\/index.php\/wp-json\/wp\/v2\/types\/post"}],"author":[{"embeddable":true,"href":"https:\/\/mersingazetesi.com\/index.php\/wp-json\/wp\/v2\/users\/2"}],"replies":[{"embeddable":true,"href":"https:\/\/mersingazetesi.com\/index.php\/wp-json\/wp\/v2\/comments?post=81639"}],"version-history":[{"count":0,"href":"https:\/\/mersingazetesi.com\/index.php\/wp-json\/wp\/v2\/posts\/81639\/revisions"}],"wp:featuredmedia":[{"embeddable":true,"href":"https:\/\/mersingazetesi.com\/index.php\/wp-json\/wp\/v2\/media\/81647"}],"wp:attachment":[{"href":"https:\/\/mersingazetesi.com\/index.php\/wp-json\/wp\/v2\/media?parent=81639"}],"wp:term":[{"taxonomy":"category","embeddable":true,"href":"https:\/\/mersingazetesi.com\/index.php\/wp-json\/wp\/v2\/categories?post=81639"},{"taxonomy":"post_tag","embeddable":true,"href":"https:\/\/mersingazetesi.com\/index.php\/wp-json\/wp\/v2\/tags?post=81639"}],"curies":[{"name":"wp","href":"https:\/\/api.w.org\/{rel}","templated":true}]}}