{"id":8083,"date":"2021-11-23T11:58:43","date_gmt":"2021-11-23T08:58:43","guid":{"rendered":"http:\/\/mersin.mesiad.org\/index.php\/2021\/11\/23\/mehmet-turkmen-annesini-kaybetti\/"},"modified":"2021-11-23T11:58:43","modified_gmt":"2021-11-23T08:58:43","slug":"mehmet-turkmen-annesini-kaybetti","status":"publish","type":"post","link":"https:\/\/mersingazetesi.com\/index.php\/2021\/11\/23\/mehmet-turkmen-annesini-kaybetti\/","title":{"rendered":"MEHMET T\u00dcRKMEN ANNES\u0130N\u0130 KAYBETT\u0130!"},"content":{"rendered":"<p>Sevilen i\u015f insan\u0131, Milliyet\u00e7i Hareket Partisi Akdeniz Belediyesi Meclis \u00dcyesi Mehmet T\u00fcrkmen, annesi Fatma T\u00fcrkmen\u2019i kaybetti.\u00a0<br \/>\nMerhume&#8217;nin cenazesi \u00f6\u011fle namaz\u0131na m\u00fcteakip Akbelen Mezarl\u0131\u011f\u0131na defnedilirken, cenazeye ba\u015fta Hamit Tuna olmak \u00fczere \u00e7ok say\u0131da isim kat\u0131ld\u0131.\u00a0<br \/>\nMehmet T\u00fcrkmen sosyal medyada da yaln\u0131z b\u0131rak\u0131lmayarak \u00e7ok say\u0131da ba\u015fsa\u011fl\u0131\u011f\u0131 mesaj\u0131 at\u0131ld\u0131, T\u00fcrkmen ailesine sab\u0131r dilendi.\u00a0<br \/>\nBiz de Mersin Gazetesi Ailesi olarak Merhumeye Allah&#8217;tan rahmet ba\u015fta Mehmet T\u00fcrkmen ve o\u011flu Emre T\u00fcrkmen olmak \u00fczere T\u00fcrkmen ailesine ba\u015fsa\u011fl\u0131\u011f\u0131 ve sab\u0131r diliyoruz.<\/p>\n<p>ARZU \u00d6ZER<\/p>\n","protected":false},"excerpt":{"rendered":"<p>Sevilen i\u015f insan\u0131, Milliyet\u00e7i Hareket Partisi Akdeniz Belediyesi Meclis \u00dcyesi Mehmet T\u00fcrkmen, annesi Fatma T\u00fcrkmen\u2019i kaybetti.\u00a0 Merhume&#8217;nin cenazesi \u00f6\u011fle namaz\u0131na m\u00fcteakip Akbelen Mezarl\u0131\u011f\u0131na defnedilirken, cenazeye ba\u015fta Hamit Tuna olmak \u00fczere \u00e7ok say\u0131da isim kat\u0131ld\u0131.\u00a0 Mehmet T\u00fcrkmen sosyal medyada da yaln\u0131z b\u0131rak\u0131lmayarak \u00e7ok say\u0131da ba\u015fsa\u011fl\u0131\u011f\u0131 mesaj\u0131 at\u0131ld\u0131, T\u00fcrkmen ailesine sab\u0131r dilendi.\u00a0 Biz de Mersin Gazetesi Ailesi [&hellip;]<\/p>\n","protected":false},"author":2,"featured_media":0,"comment_status":"open","ping_status":"open","sticky":false,"template":"","format":"standard","meta":{"footnotes":""},"categories":[],"tags":[],"class_list":["post-8083","post","type-post","status-publish","format-standard","hentry"],"views":27,"_links":{"self":[{"href":"https:\/\/mersingazetesi.com\/index.php\/wp-json\/wp\/v2\/posts\/8083","targetHints":{"allow":["GET"]}}],"collection":[{"href":"https:\/\/mersingazetesi.com\/index.php\/wp-json\/wp\/v2\/posts"}],"about":[{"href":"https:\/\/mersingazetesi.com\/index.php\/wp-json\/wp\/v2\/types\/post"}],"author":[{"embeddable":true,"href":"https:\/\/mersingazetesi.com\/index.php\/wp-json\/wp\/v2\/users\/2"}],"replies":[{"embeddable":true,"href":"https:\/\/mersingazetesi.com\/index.php\/wp-json\/wp\/v2\/comments?post=8083"}],"version-history":[{"count":0,"href":"https:\/\/mersingazetesi.com\/index.php\/wp-json\/wp\/v2\/posts\/8083\/revisions"}],"wp:attachment":[{"href":"https:\/\/mersingazetesi.com\/index.php\/wp-json\/wp\/v2\/media?parent=8083"}],"wp:term":[{"taxonomy":"category","embeddable":true,"href":"https:\/\/mersingazetesi.com\/index.php\/wp-json\/wp\/v2\/categories?post=8083"},{"taxonomy":"post_tag","embeddable":true,"href":"https:\/\/mersingazetesi.com\/index.php\/wp-json\/wp\/v2\/tags?post=8083"}],"curies":[{"name":"wp","href":"https:\/\/api.w.org\/{rel}","templated":true}]}}