{"id":80641,"date":"2024-09-05T15:23:22","date_gmt":"2024-09-05T12:23:22","guid":{"rendered":"https:\/\/mersingazetesi.com\/?p=80641"},"modified":"2024-09-06T09:48:25","modified_gmt":"2024-09-06T06:48:25","slug":"penceremden-chp-ve-turkiye-yeni-bir-doneme-giriyor","status":"publish","type":"post","link":"https:\/\/mersingazetesi.com\/index.php\/2024\/09\/05\/penceremden-chp-ve-turkiye-yeni-bir-doneme-giriyor\/","title":{"rendered":"PENCEREMDEN: CHP VE T\u00dcRK\u0130YE YEN\u0130 B\u0130R D\u00d6NEME G\u0130R\u0130YOR..!"},"content":{"rendered":"<p>CHP\u2019nin \u00f6n\u00fcm\u00fczdeki Ola\u011fan\u00fcst\u00fc T\u00fcz\u00fck Kurultay\u0131 ile CHP ve T\u00fcrkiye yeni bir d\u00f6neme giriyor..!<br \/>\n\u00dclkemizin kurucu partisi CHP\u2019nin 6-9 Eyl\u00fcl 2024 tarihinde yap\u0131lmas\u0131 planlanan ola\u011fan\u00fcst\u00fc t\u00fcz\u00fck kurultay\u0131 CHP ve \u00fclkemizin gelece\u011fi a\u00e7\u0131s\u0131ndan \u00e7ok \u00f6nemli bir d\u00f6nemin ba\u015flang\u0131c\u0131na kar\u015f\u0131l\u0131k gelmektedir.<\/p>\n<p>Bu nedenle ge\u00e7mi\u015f d\u00f6nem de (2008-2011) CHP Mersin il ba\u015fkan yard\u0131mc\u0131l\u0131\u011f\u0131 g\u00f6revinde bulunmu\u015f CHP li olarak CHP Genel Merkezine eposta ile 21 A\u011fustos 2024 itibariyle iletti\u011fim t\u00fcz\u00fck \u00f6nerilerini siz de\u011ferli okuyucular\u0131m ile de k\u00f6\u015femde payla\u015fmak istiyorum.<\/p>\n<p>\u201cCHP Genel Ba\u015fkanl\u0131\u011f\u0131na, \u00d6ncelikle CHP\u2019nin 4 Eyl\u00fcl 2024 tarihinde ba\u015flayacak OLA\u011eAN\u00dcST\u00dc T\u00dcZ\u00dcK GENEL KURULTAY\u2019\u0131n\u0131n ba\u015far\u0131l\u0131 ge\u00e7mesini dile\u011fiyle a\u015fa\u011f\u0131daki kurultay \u00f6nerilerimi bilgilerinize sunar\u0131m.<\/p>\n<p>1\/ T.C.\u2019nin kurulu\u015f ve uluslararas\u0131 tan\u0131n\u0131rl\u0131k belgesi olan LOZAN ANLA\u015eMASI\u2019n\u0131n y\u0131ld\u00f6n\u00fcmleri 1924 den itibaren Atat\u00fcrk\u2019\u00fcn talimat\u0131 ile 1950 de kadar bayram olarak kutlanm\u0131\u015ft\u0131r. Hatay\u2019\u0131n 23 Temmuz 1939 da anavatana kat\u0131lmas\u0131ndan sonra da birlikte kutlanmaya devam edilmi\u015ftir. Ancak 1950 y\u0131l\u0131ndan itibaren demokrat parti taraf\u0131ndan 2. Cumhurba\u015fkan\u0131m\u0131z \u0130smet \u0130n\u00f6n\u00fc\u2019y\u00fc \u00f6ne \u00e7\u0131kard\u0131\u011f\u0131 i\u00e7in siyasile\u015fti\u011fi gerek\u00e7esi ile kutlamam\u0131\u015f ve maalesef unutturulmu\u015ftur.<\/p>\n<p>Bu nedenle, Cumhuriyetimiz i\u00e7in bu iki \u00f6nemli diplomatik zaferi ve ta\u015f\u0131y\u0131c\u0131 s\u00fctunlar\u0131 olan T.C.\u2019nin kurucu partisi olarak unutturulmamal\u0131d\u0131r. Bu nedenle CHP\u2019nin \u00f6ncelikle \u00f6n\u00fcm\u00fczdeki ilk parti t\u00fcz\u00fck kurultay\u0131nda ele al\u0131narak toplumsal haf\u0131zada unutulmamas\u0131 i\u00e7in Lozan kutlamalar\u0131n t\u00fcz\u00fck maddesi haline getirilmesi kan\u0131mca \u00f6nemlidir.<\/p>\n<p>Tamamen partimizin ilk ve ikinci genel ba\u015fkanlar\u0131n\u0131n \u00e7ok b\u00fcy\u00fck ve \u00f6zverili ki\u015fisel gayret ve \u00e7abalar\u0131 ile sa\u011flanan Lozan Anla\u015fmas\u0131n\u0131n ve Hatay\u2019\u0131n anavatana kat\u0131lmas\u0131, K\u0131br\u0131s Harekat\u0131n\u0131n y\u0131ld\u00f6n\u00fcmlerinde (23-24 Temmuz) t\u00fcm CHP il ve il\u00e7e \u00f6rg\u00fct ve temsilciliklerimizde ve partimizin aday\u0131n\u0131n se\u00e7ildi\u011fi t\u00fcm yerel y\u00f6netimlerde bir bayram havas\u0131nda LOZAN BARI\u015e FEST\u0130VAL\u0130 olarak kutlanmas\u0131, LOZAN ANLA\u015eMASININ partimiz \u00fcyelerinin ve halk\u0131m\u0131z\u0131n haf\u0131zas\u0131nda sonsuza kadar unutturulmamas\u0131n\u0131 sa\u011flayacakt\u0131r.<\/p>\n<p>Bu nedenle, tarihlerde t\u00fcm il ve il\u00e7e \u00f6rg\u00fctlerimizde ya bas\u0131n a\u00e7\u0131klamas\u0131 ve di\u011fer kanallarla (bilboard vb) toplumsal fark\u0131ndal\u0131\u011f\u0131n\u0131n art\u0131r\u0131lmas\u0131n\u0131 ve yerel y\u00f6netimlerde gerekirse hafta boyunca Lozan festivali ve etkinlikleri d\u00fczenlenmesi istenen amaca ula\u015f\u0131lmas\u0131nda yararl\u0131 olacakt\u0131r.<\/p>\n<p>\u00d6te yandan, bu iki \u00f6nemli olay\u0131n resmi bayram olarak kutlanmas\u0131 i\u00e7in TBMM ne ilk f\u0131rsatta meclis \u00f6nergesi verilmelidir.<\/p>\n<p>2\/ CHP\u2019nin k\u00f6keni Kuvvai Milliye Halk \u00f6rg\u00fctlenmesine dayanmaktad\u0131r.<\/p>\n<p>Kurucu liderimiz, Mustafa Kemal Atat\u00fcrk, bizzat kat\u0131ld\u0131\u011f\u0131 5 A\u011fustos 1920 Pozant\u0131 kongresinde, ola\u011fan\u00fcst\u00fc sava\u015f ko\u015fullar\u0131nda dahi M\u00fcdafai Hukuk Cemiyeti ba\u015fkan\u0131n\u0131 se\u00e7ilirken, kat\u0131lan t\u00fcm kongre \u00fcyelerinin \u00f6n\u00fcne bizzat se\u00e7im sand\u0131\u011f\u0131 konularak se\u00e7ilmesini sa\u011flam\u0131\u015ft\u0131r.<\/p>\n<p>Ayr\u0131ca ge\u00e7mi\u015fteki b\u00fct\u00fcn kutlama ve bayramlarda ve halka a\u00e7\u0131k CHP toplant\u0131lar\u0131nda bir \u2018halk k\u00fcrs\u00fcs\u00fc\u2019 konulmu\u015ftur. (Eski foto\u011fraflarda bayram ve toplant\u0131larda bu k\u00fcrs\u00fc g\u00f6r\u00fclmektedir.).<\/p>\n<p>Bu noktadan hareketle CHP\u2019nin tarihi ve ruhu ile ba\u011fda\u015fmayan ve hala partimizde g\u00f6r\u00fclen ve toplumsal haf\u0131zada k\u00f6t\u00fc an\u0131lmas\u0131na neden olan DELEGE PAZARI VE PAZARLIKLARININ ortadan kald\u0131racak, \u0130ST\u0130SNASIZ HER KADEMEDE \u00dcYELERLE VE \u00c7AR\u015eAF L\u0130STE \u0130LE \u00d6NSE\u00c7\u0130M UYGULAMASINA GE\u00c7\u0130LMES\u0130, MUSTAFA KEMAL ATAT\u00dcRK\u2019\u00dcN KATILDI\u011eI \u2018POZANTI KONGRES\u0130N\u0130N RUHUNA\u2019 UYGUN OLACAKTIR.<\/p>\n<p>Bu ama\u00e7la;<\/p>\n<p>2.1 ge\u00e7mi\u015f d\u00f6nemin sa\u011fl\u0131kl\u0131 de\u011ferlendirmesinin sa\u011fl\u0131kl\u0131 yap\u0131labilmesi i\u00e7in kurultaylar\u0131n en az 4 g\u00fcn, t\u00fcm il kongrelerinin en az 3 ve il\u00e7e kongrelerinin en az 2 g\u00fcn s\u00fcreli olmas\u0131; son g\u00fcn hari\u00e7 di\u011fer g\u00fcnlerin faaliyet raporlar\u0131n\u0131n ve komisyon raporlar\u0131n\u0131n okunmas\u0131 ve tart\u0131\u015f\u0131lmas\u0131n\u0131n her \u00fcyenin konu\u015faca\u011f\u0131 \u015fekilde planlanmal\u0131d\u0131r. , Son g\u00fcnde se\u00e7imlerin yap\u0131lacak \u015fekilde planlanmas\u0131 kongrelerden beklenen faydan\u0131n ve motivasyonun yarat\u0131lmas\u0131nda etkili olacakt\u0131r.<\/p>\n<p>2.2 CHP \u00f6zel bir yaz\u0131l\u0131mla yap\u0131lacak ve parti \u00fcyelerinin kendi \u00f6zel \u015fifreleri ile girebilecekleri CHP CEP MOB\u0130L uygulamas\u0131na ge\u00e7ilerek, buradan her kademe adaylar aras\u0131nda \u00c7AR\u015eAF L\u0130STE ESASINDA tercih yaparak \u00e7a\u011f\u0131m\u0131z\u0131n ko\u015fullar\u0131na uygun, b\u00fct\u00fcn D\u00fcnya\u2019ya \u00f6rnek olacak daha etkin ve etkili D\u0130G\u0130TAL DEMOKRAS\u0130\u2019ye ge\u00e7ilmesi sa\u011flanmal\u0131d\u0131r.<\/p>\n<p>B\u00f6ylelikle MEKAN BA\u011eIMLILI\u011eI KALMAYACAK, CHP DO\u011eRUDAN DEMOKRAS\u0130YE GE\u00c7ECEK , \u0130l ve il\u00e7e \u00dcyeleri her yerden belirtilen bir s\u00fcre i\u00e7inde oy kullanabilecektir.<\/p>\n<p>3\/ T\u00fcm parti il ve il\u00e7e y\u00f6netimleri se\u00e7imle gelmeli , zorunlu durumlarda yap\u0131lacak il ve il\u00e7e atamalar\u0131 enge\u00e7 \u00fc\u00e7 ay i\u00e7inde \u00fcyeler ile tekrar se\u00e7ime gidecek \u015fekilde t\u00fcz\u00fck maddeleri d\u00fczenlenmelidir.<\/p>\n<p>4\/ PM \u00fcyeli\u011fi hari\u00e7, hi\u00e7 bir parti \u00fcyesi ayn\u0131 anda iki parti g\u00f6revi \u00fcstlenmemeli y\u00f6netim ve kollarda RESM\u0130 G\u00d6REV ALMAMALIDIR. (\u00d6rne\u011fin son g\u00fcnlerde ya\u015fand\u0131\u011f\u0131 gibi kad\u0131n milletvekili, kad\u0131n kollar\u0131 genel ba\u015fkan\u0131 olmamal\u0131d\u0131r). B\u00f6ylelikle daha fazla \u00fcyenin partide sorumluluk almas\u0131 sa\u011flanmal\u0131d\u0131r.<\/p>\n<p>5\/ T\u00fcm \u00fcyelikler bir seferberlikle g\u00fcncellenmeli, aktifle\u015ftirilmelidir. Y\u0131ll\u0131k \u00fcyelik \u00f6dentilerini, iki kongre aras\u0131nda ve yap\u0131lacak kongrelerden \u00fc\u00e7 ay \u00f6ncesine kadar \u00f6denti bor\u00e7lar\u0131n\u0131 \u00f6demeyenlerin, kongrelerde oy kullanmas\u0131n\u0131n engellenerek daha sonraki ilk kongreye kadar \u00fcyeli\u011finin ask\u0131ya al\u0131nmas\u0131 sa\u011flanmal\u0131d\u0131r.\u201d<\/p>\n<p>&nbsp;<\/p>\n","protected":false},"excerpt":{"rendered":"<p>CHP\u2019nin \u00f6n\u00fcm\u00fczdeki Ola\u011fan\u00fcst\u00fc T\u00fcz\u00fck Kurultay\u0131 ile CHP ve T\u00fcrkiye yeni bir d\u00f6neme giriyor..! \u00dclkemizin kurucu partisi CHP\u2019nin 6-9 Eyl\u00fcl 2024 tarihinde yap\u0131lmas\u0131 planlanan ola\u011fan\u00fcst\u00fc t\u00fcz\u00fck kurultay\u0131 CHP ve \u00fclkemizin gelece\u011fi a\u00e7\u0131s\u0131ndan \u00e7ok \u00f6nemli bir d\u00f6nemin ba\u015flang\u0131c\u0131na kar\u015f\u0131l\u0131k gelmektedir. Bu nedenle ge\u00e7mi\u015f d\u00f6nem de (2008-2011) CHP Mersin il ba\u015fkan yard\u0131mc\u0131l\u0131\u011f\u0131 g\u00f6revinde bulunmu\u015f CHP li olarak CHP [&hellip;]<\/p>\n","protected":false},"author":13,"featured_media":80654,"comment_status":"open","ping_status":"open","sticky":false,"template":"","format":"standard","meta":{"footnotes":""},"categories":[28],"tags":[],"class_list":["post-80641","post","type-post","status-publish","format-standard","has-post-thumbnail","hentry","category-serdar-erkan"],"views":339,"_links":{"self":[{"href":"https:\/\/mersingazetesi.com\/index.php\/wp-json\/wp\/v2\/posts\/80641","targetHints":{"allow":["GET"]}}],"collection":[{"href":"https:\/\/mersingazetesi.com\/index.php\/wp-json\/wp\/v2\/posts"}],"about":[{"href":"https:\/\/mersingazetesi.com\/index.php\/wp-json\/wp\/v2\/types\/post"}],"author":[{"embeddable":true,"href":"https:\/\/mersingazetesi.com\/index.php\/wp-json\/wp\/v2\/users\/13"}],"replies":[{"embeddable":true,"href":"https:\/\/mersingazetesi.com\/index.php\/wp-json\/wp\/v2\/comments?post=80641"}],"version-history":[{"count":0,"href":"https:\/\/mersingazetesi.com\/index.php\/wp-json\/wp\/v2\/posts\/80641\/revisions"}],"wp:featuredmedia":[{"embeddable":true,"href":"https:\/\/mersingazetesi.com\/index.php\/wp-json\/wp\/v2\/media\/80654"}],"wp:attachment":[{"href":"https:\/\/mersingazetesi.com\/index.php\/wp-json\/wp\/v2\/media?parent=80641"}],"wp:term":[{"taxonomy":"category","embeddable":true,"href":"https:\/\/mersingazetesi.com\/index.php\/wp-json\/wp\/v2\/categories?post=80641"},{"taxonomy":"post_tag","embeddable":true,"href":"https:\/\/mersingazetesi.com\/index.php\/wp-json\/wp\/v2\/tags?post=80641"}],"curies":[{"name":"wp","href":"https:\/\/api.w.org\/{rel}","templated":true}]}}