{"id":8051,"date":"2021-11-23T11:58:40","date_gmt":"2021-11-23T08:58:40","guid":{"rendered":"http:\/\/mersin.mesiad.org\/index.php\/2021\/11\/23\/kumru-kamyonetin-silecegine-yuva-yapinca-ciftci-kontak-kapatti\/"},"modified":"2021-11-23T11:58:40","modified_gmt":"2021-11-23T08:58:40","slug":"kumru-kamyonetin-silecegine-yuva-yapinca-ciftci-kontak-kapatti","status":"publish","type":"post","link":"https:\/\/mersingazetesi.com\/index.php\/2021\/11\/23\/kumru-kamyonetin-silecegine-yuva-yapinca-ciftci-kontak-kapatti\/","title":{"rendered":"Kumru, kamyonetin silece\u011fine yuva yap\u0131nca \u00e7ift\u00e7i kontak kapatt\u0131"},"content":{"rendered":"<p>Mersin&#8217;in Erdemli il\u00e7esinde bir \u00e7ift\u00e7i, silece\u011fi \u00fczerine kumrular\u0131n yuva yapt\u0131\u011f\u0131 kamyonetini yerinden k\u0131p\u0131rdatam\u0131yor. Yavrular yumurtadan \u00e7\u0131k\u0131p b\u00fcy\u00fcy\u00fcnceye kadar kamyonetini \u00e7al\u0131\u015ft\u0131rmamaya karar veren \u00e7ift\u00e7i \u0130smet Ate\u015f, k\u0131yamad\u0131\u011f\u0131 i\u00e7in ku\u015flar\u0131n yumurtadan \u00e7\u0131kmas\u0131n\u0131 sab\u0131rla bekledi\u011fini belirtti. Yavrular\u0131n yumurtadan \u00e7\u0131k\u0131p b\u00fcy\u00fcmesinin 2 ay\u0131 bulabilece\u011fini ifade eden Ate\u015f, i\u015flerini ise kom\u015fular\u0131ndan ald\u0131\u011f\u0131 emanet kamyonetle devam ettiriyor.\u00a0<\/p>\n<p>Silecekte yuvay\u0131 g\u00f6r\u00fcnce \u015fa\u015fk\u0131nl\u0131k ya\u015fad\u0131<br \/>\n\u00a0<br \/>\nErdemli il\u00e7esi Esenp\u0131nar Mahallesi A\u011fl\u0131ca mevkisinde \u00e7ift\u00e7ilik yapan \u0130smet Ate\u015f, kamyonetini birka\u00e7 g\u00fcnl\u00fc\u011f\u00fcne evinin biti\u015fi\u011findeki g\u00f6lgeli\u011fin alt\u0131na park etti. Sebze ta\u015f\u0131mak i\u00e7in kamyonetinin s\u00fcr\u00fcc\u00fc koltu\u011funu oturan Ate\u015f, sa\u011f \u00f6n silecek \u00fczerinde kumrular\u0131n yuva yapt\u0131\u011f\u0131n\u0131 ve yuvada 2 yumurtan\u0131n oldu\u011funu g\u00f6r\u00fcnce b\u00fcy\u00fck \u015fa\u015fk\u0131nl\u0131k ya\u015fad\u0131. Ate\u015f ailesiyle birlikte yuvay\u0131 da\u011f\u0131tmamaya ve yavrular \u00e7\u0131k\u0131ncaya kadar kamyoneti hareket ettirmemeye karar verdi.\u00a0<\/p>\n<p>&#8220;Sab\u0131rla bekleyece\u011fiz&#8221;<br \/>\n\u00a0<br \/>\nAte\u015f, &#8220;3, 4 g\u00fcn kullanmad\u0131\u011f\u0131m\u0131z kamyonetimize bindi\u011fimde, kumrular\u0131n silecek \u00fczerine yuva yapt\u0131\u011f\u0131n\u0131 g\u00f6rd\u00fcm. Yuvan\u0131n i\u00e7inde 2 tane de yumurta vard\u0131. Onun i\u00e7in kamyonetimizi kullanmamaya karar verdik. Emanet ara\u00e7la i\u015flerimizi hallediyoruz. Hem \u00f6rf\u00fcm\u00fcz adetimiz gere\u011fi, hem de yuva bozmak g\u00fcnah oldu\u011fu i\u00e7in yuvay\u0131 bozamad\u0131k. Yavrular\u0131n yumurtadan \u00e7\u0131k\u0131p b\u00fcy\u00fcmelerini sab\u0131rla bekliyoruz&#8221; dedi.\u00a0<\/p>\n<p>&#8220;Arac\u0131 kullanmamam\u0131z i\u00e7in, belki de bu bir i\u015faret&#8221;<br \/>\n\u00a0<br \/>\nKu\u015flar\u0131n yumurtadan \u00e7\u0131k\u0131p b\u00fcy\u00fcmesinin uzun soluklu bir s\u00fcre\u00e7 oldu\u011funu anlatan Ate\u015f, &#8220;Yavrular\u0131n 21 g\u00fcnde \u00e7\u0131kaca\u011f\u0131n\u0131 tahmin ediyoruz. Yavrular\u0131n b\u00fcy\u00fcmesiyle beraber s\u00fcrecin 1,5 belki de 2 ay\u0131 bulaca\u011f\u0131n\u0131 tahmin ediyoruz. Sab\u0131rla b\u00fcy\u00fcmelerini bekliyoruz ve elimizden gelen her t\u00fcrl\u00fc yard\u0131m\u0131 yapaca\u011f\u0131z. Arac\u0131 kullanmamam\u0131z i\u00e7in, belki de bu bir i\u015faret. Belki de ba\u015f\u0131m\u0131za k\u00f6t\u00fc bir i\u015f gelecek. Onun i\u00e7in kamyonetimizi kullanmayaca\u011f\u0131z, sab\u0131rla bekleyece\u011fiz&#8221; diye konu\u015ftu. \u00a0<\/p>\n<p>\u0130HA<\/p>\n","protected":false},"excerpt":{"rendered":"<p>Mersin&#8217;in Erdemli il\u00e7esinde bir \u00e7ift\u00e7i, silece\u011fi \u00fczerine kumrular\u0131n yuva yapt\u0131\u011f\u0131 kamyonetini yerinden k\u0131p\u0131rdatam\u0131yor. Yavrular yumurtadan \u00e7\u0131k\u0131p b\u00fcy\u00fcy\u00fcnceye kadar kamyonetini \u00e7al\u0131\u015ft\u0131rmamaya karar veren \u00e7ift\u00e7i \u0130smet Ate\u015f, k\u0131yamad\u0131\u011f\u0131 i\u00e7in ku\u015flar\u0131n yumurtadan \u00e7\u0131kmas\u0131n\u0131 sab\u0131rla bekledi\u011fini belirtti. Yavrular\u0131n yumurtadan \u00e7\u0131k\u0131p b\u00fcy\u00fcmesinin 2 ay\u0131 bulabilece\u011fini ifade eden Ate\u015f, i\u015flerini ise kom\u015fular\u0131ndan ald\u0131\u011f\u0131 emanet kamyonetle devam ettiriyor.\u00a0 Silecekte yuvay\u0131 g\u00f6r\u00fcnce \u015fa\u015fk\u0131nl\u0131k [&hellip;]<\/p>\n","protected":false},"author":2,"featured_media":0,"comment_status":"open","ping_status":"open","sticky":false,"template":"","format":"standard","meta":{"footnotes":""},"categories":[],"tags":[],"class_list":["post-8051","post","type-post","status-publish","format-standard","hentry"],"views":19,"_links":{"self":[{"href":"https:\/\/mersingazetesi.com\/index.php\/wp-json\/wp\/v2\/posts\/8051","targetHints":{"allow":["GET"]}}],"collection":[{"href":"https:\/\/mersingazetesi.com\/index.php\/wp-json\/wp\/v2\/posts"}],"about":[{"href":"https:\/\/mersingazetesi.com\/index.php\/wp-json\/wp\/v2\/types\/post"}],"author":[{"embeddable":true,"href":"https:\/\/mersingazetesi.com\/index.php\/wp-json\/wp\/v2\/users\/2"}],"replies":[{"embeddable":true,"href":"https:\/\/mersingazetesi.com\/index.php\/wp-json\/wp\/v2\/comments?post=8051"}],"version-history":[{"count":0,"href":"https:\/\/mersingazetesi.com\/index.php\/wp-json\/wp\/v2\/posts\/8051\/revisions"}],"wp:attachment":[{"href":"https:\/\/mersingazetesi.com\/index.php\/wp-json\/wp\/v2\/media?parent=8051"}],"wp:term":[{"taxonomy":"category","embeddable":true,"href":"https:\/\/mersingazetesi.com\/index.php\/wp-json\/wp\/v2\/categories?post=8051"},{"taxonomy":"post_tag","embeddable":true,"href":"https:\/\/mersingazetesi.com\/index.php\/wp-json\/wp\/v2\/tags?post=8051"}],"curies":[{"name":"wp","href":"https:\/\/api.w.org\/{rel}","templated":true}]}}