{"id":797,"date":"2021-11-23T11:47:50","date_gmt":"2021-11-23T08:47:50","guid":{"rendered":"http:\/\/mersin.mesiad.org\/index.php\/2021\/11\/23\/konteyner-limani-mersinin\/"},"modified":"2021-11-23T11:47:50","modified_gmt":"2021-11-23T08:47:50","slug":"konteyner-limani-mersinin","status":"publish","type":"post","link":"https:\/\/mersingazetesi.com\/index.php\/2021\/11\/23\/konteyner-limani-mersinin\/","title":{"rendered":"Konteyner Liman\u0131 Mersin&#8217;in"},"content":{"rendered":"<p>11. Kalk\u0131nma Plan\u0131&#8217;n\u0131n Plan ve B\u00fct\u00e7e Komisyonu&#8217;ndaki g\u00f6r\u00fc\u015fmeleri s\u00fcr\u00fcyor. Plan&#8217;da yer alan bir ifade Mersin kamuoyunu bir s\u00fcredir me\u015fgul ediyordu. Buna g\u00f6re Mersin&#8217;de yap\u0131lacak Konteyner Liman\u0131&#8217;ndan \u201cDo\u011fu Akdeniz&#8217;de yap\u0131lacak bir liman\u201d diye bahsediliyordu. \u0130\u015fte bu ifade Mersin kamuoyunda liman\u0131n Mersin d\u0131\u015f\u0131nda bir ile kayd\u0131r\u0131laca\u011f\u0131, Mersin&#8217;in bu yat\u0131r\u0131m\u0131 kaybetti\u011fi iddialar\u0131n\u0131 g\u00fcndeme ta\u015f\u0131d\u0131.<\/p>\n<p>\u0130\u015fte t\u00fcm bu iddialar \u00fczerine TBMM Plan ve B\u00fct\u00e7e Komisyonu Ba\u015fkan\u0131 ve Mersin Milletvekili L\u00fctfi Elvan devreye girdi. Elvan, 11. Kalk\u0131nma Plan\u0131&#8217;n\u0131n g\u00f6r\u00fc\u015fmeleri s\u0131ras\u0131nda konuyu g\u00fcndeme getirdi ve h\u00fck\u00fcmet ad\u0131na Plan&#8217;\u0131 sunan Cumhurba\u015fkan\u0131 Yard\u0131mc\u0131s\u0131 Fuat Oktay&#8217;a \u201cDo\u011fu Akdeniz&#8217;de yap\u0131lacak bir liman ifadeniz var, buradaki kast\u0131n\u0131z \u00a0nedir?\u201d sorusunu y\u00f6neltti. Oktay&#8217;\u0131n soruya cevab\u0131 \u201cMersin\u2019de yap\u0131lacak liman\u0131 kastediyoruz.\u201d oldu. B\u00f6ylece liman\u0131n ba\u015fka bir ile yap\u0131laca\u011f\u0131 iddialar\u0131 en yetkili a\u011f\u0131zdan yalanlanm\u0131\u015f oldu.<\/p>\n<p>haber merkezi<\/p>\n","protected":false},"excerpt":{"rendered":"<p>Bir s\u00fcredir Mersin kamuoyunu me\u015fgul eden yeni yap\u0131lacak Konteyner Liman\u0131&#8217;n\u0131n Mersin&#8217;den ba\u015fka bir ile kayd\u0131r\u0131laca\u011f\u0131 iddialar\u0131na nokta kondu. Konuyu TBMM Plan ve B\u00fct\u00e7e Komisyonu&#8217;nda g\u00fcndeme getiren Komisyon Ba\u015fkan\u0131 L\u00fctfi Elvan, konteyner liman\u0131n\u0131n Mersin&#8217;de yap\u0131laca\u011f\u0131n\u0131 h\u00fck\u00fcmetten teyit etti.<\/p>\n","protected":false},"author":2,"featured_media":0,"comment_status":"open","ping_status":"open","sticky":false,"template":"","format":"standard","meta":{"footnotes":""},"categories":[],"tags":[],"class_list":["post-797","post","type-post","status-publish","format-standard","hentry"],"views":18,"_links":{"self":[{"href":"https:\/\/mersingazetesi.com\/index.php\/wp-json\/wp\/v2\/posts\/797","targetHints":{"allow":["GET"]}}],"collection":[{"href":"https:\/\/mersingazetesi.com\/index.php\/wp-json\/wp\/v2\/posts"}],"about":[{"href":"https:\/\/mersingazetesi.com\/index.php\/wp-json\/wp\/v2\/types\/post"}],"author":[{"embeddable":true,"href":"https:\/\/mersingazetesi.com\/index.php\/wp-json\/wp\/v2\/users\/2"}],"replies":[{"embeddable":true,"href":"https:\/\/mersingazetesi.com\/index.php\/wp-json\/wp\/v2\/comments?post=797"}],"version-history":[{"count":0,"href":"https:\/\/mersingazetesi.com\/index.php\/wp-json\/wp\/v2\/posts\/797\/revisions"}],"wp:attachment":[{"href":"https:\/\/mersingazetesi.com\/index.php\/wp-json\/wp\/v2\/media?parent=797"}],"wp:term":[{"taxonomy":"category","embeddable":true,"href":"https:\/\/mersingazetesi.com\/index.php\/wp-json\/wp\/v2\/categories?post=797"},{"taxonomy":"post_tag","embeddable":true,"href":"https:\/\/mersingazetesi.com\/index.php\/wp-json\/wp\/v2\/tags?post=797"}],"curies":[{"name":"wp","href":"https:\/\/api.w.org\/{rel}","templated":true}]}}