{"id":79563,"date":"2024-08-19T17:50:05","date_gmt":"2024-08-19T14:50:05","guid":{"rendered":"https:\/\/mersingazetesi.com\/?p=79563"},"modified":"2024-08-19T17:50:52","modified_gmt":"2024-08-19T14:50:52","slug":"penceremden-50-yilda-kocatepe-gazileriyle-kktcde-3","status":"publish","type":"post","link":"https:\/\/mersingazetesi.com\/index.php\/2024\/08\/19\/penceremden-50-yilda-kocatepe-gazileriyle-kktcde-3\/","title":{"rendered":"PENCEREMDEN: 50. YILDA KOCATEPE GAZ\u0130LER\u0130YLE KKTC\u2019DE\u2026-3"},"content":{"rendered":"<div>\n<div class=\"nH\">\n<div class=\"nH\">\n<div class=\"nH aqk aql bkL\">\n<div class=\"nH bkK\">\n<div class=\"nH\">\n<div class=\"nH ar4 z\">\n<div class=\"aeI\">\n<div class=\"AO\">\n<div id=\":3\" class=\"Tm aeJ\">\n<div id=\":1\" class=\"aeF\">\n<div class=\"nH\">\n<div class=\"nH\" role=\"main\">\n<div class=\"nH g\">\n<div class=\"nH a98 iY\">\n<div class=\"nH\">\n<div class=\"aHU hx\">\n<div role=\"list\">\n<div class=\"h7 ie\" tabindex=\"-1\" role=\"listitem\" aria-expanded=\"true\">\n<div class=\"Bk\">\n<div class=\"G3 G2\">\n<div id=\":326\">\n<div class=\"adn ads\" data-message-id=\"#msg-f:1807827299100430664\" data-legacy-message-id=\"1916b159aa229148\">\n<div class=\"gs\">\n<div class=\"\">\n<div id=\":31a\" class=\"ii gt\">\n<div id=\":31b\" class=\"a3s aiL \">\n<div dir=\"auto\">\n<div dir=\"ltr\">\n<div dir=\"ltr\">\n<div dir=\"ltr\">\n<p dir=\"auto\"><img loading=\"lazy\" decoding=\"async\" class=\"alignnone wp-image-79565\" src=\"http:\/\/mersingazetesi.com\/wp-content\/uploads\/2024\/08\/image_123650291-1.jpg\" alt=\"\" width=\"368\" height=\"245\" srcset=\"https:\/\/mersingazetesi.com\/wp-content\/uploads\/2024\/08\/image_123650291-1.jpg 1600w, https:\/\/mersingazetesi.com\/wp-content\/uploads\/2024\/08\/image_123650291-1-540x360.jpg 540w, https:\/\/mersingazetesi.com\/wp-content\/uploads\/2024\/08\/image_123650291-1-272x182.jpg 272w\" sizes=\"auto, (max-width: 368px) 100vw, 368px\" \/><\/p>\n<\/div>\n<\/div>\n<div dir=\"ltr\">\n<div dir=\"ltr\">\n<p dir=\"auto\">24 Temmuz ve 7 A\u011fustos 2024 tarihinde bu k\u00f6\u015femde payla\u015ft\u0131\u011f\u0131m yaz\u0131m\u0131n 1. ve 2. b\u00f6l\u00fcm\u00fcnde, E. Gazi Dz. Yrb. \u00d6zhan Bakkalba\u015f\u0131o\u011flu\u2019nun davetiyle KKTC\u2019deki t\u00f6renlere kat\u0131ld\u0131\u011f\u0131m\u0131 yazm\u0131\u015ft\u0131m. Bu b\u00f6l\u00fcmde, 18 Temmuz gecesi Ta\u015fucu Liman\u0131\u2019ndan bindi\u011fim Via Marie y\u00fck\u00a0gemisi ile ertesi sabah 08:00 dolaylar\u0131nda Girne Liman\u0131\u2019na vard\u0131ktan sonraki 19-21 Temmuz 2024 tarihleri aras\u0131ndaki \u00a03 g\u00fcn i\u00e7inde ya\u015fad\u0131\u011f\u0131m unutulmaz tarihi an\u0131lar\u0131m\u0131 yazmay\u0131 bu yaz\u0131mla tamaml\u0131yorum.<\/p>\n<\/div>\n<\/div>\n<div dir=\"ltr\">\n<div dir=\"ltr\">\n<p>\u00c7\u00fcnk\u00fc 21 Temmuz g\u00fcn\u00fc \u00f6zellikle Kocatepe gazileri i\u00e7in \u00e7ok \u00f6nemliydi.<\/p>\n<\/div>\n<div dir=\"ltr\">\n<div>\n<div>\n<div>\n<p>21 Temmuz 2024 g\u00fcn\u00fc kendi u\u00e7aklar\u0131m\u0131z taraf\u0131ndan\u00a0 G\u00fcneyde Baf a\u00e7\u0131klar\u0131nda bat\u0131r\u0131lan Kocatepe muhribinden kurtulan gaziler i\u00e7in\u00a0 geleneksel olarak d\u00fczenlenen denize \u00e7elenk b\u0131rakma t\u00f6reni i\u00e7in 9:00 da Lapta\u2019da bulunan otelimizden Girne Liman\u0131\u2019na hareket ettik.<\/p>\n<p dir=\"auto\">Limanda bekleyen I\u015f\u0131n askeri gemisi ile Girne a\u00e7\u0131klar\u0131nda \u00f6nceden belirlenen yere gemiyle gelirken, Kocatepe gazileri y\u0131llar sonra kendileri yine geminin k\u00f6pr\u00fc \u00fcst\u00fcnde olmalar\u0131ndan dolay\u0131 heyecan i\u00e7indeydiler. Geminin komutlarla \u00f6nce\u00a0 liman i\u00e7inden \u00e7\u0131k\u0131\u015f\u0131, sonra belirlenen noktaya geli\u015fine kadar birbirleriyle an\u0131lar\u0131n\u0131 tazelediler.\u00a0 Belirlenen noktada \u00f6nce E. Dz. Kur. Yrb. \u00d6zhan Bakkalba\u015f\u0131o\u011flu k\u0131sa bir anma konu\u015fmas\u0131ndan sonra, Gemi komutan\u0131 rahmetli G\u00fcven Erkaya\u2019n\u0131n e\u015fi ile birlikte denize \u00e7elengi b\u0131rakt\u0131lar. Kocatepe\u2019nin 54 \u015fehidinin an\u0131s\u0131na \u00e7elenk b\u0131rak\u0131lm\u0131\u015ft\u0131. Buradaki t\u00f6rene, Kocatepe \u015eehidi Te\u011fmen Caner G\u00f6nyeli ve rahmetli Oramiral G\u00fcven Erkaya\u2019n\u0131n e\u015fleride kat\u0131ld\u0131. Caner G\u00f6nyeli\u2018nin e\u015fi \u00e7elenge birde mektup ili\u015ftirdi. Daha sonrada harekatta \u00f6len t\u00fcm \u015fehitler ad\u0131na denize \u00e7elenk b\u0131rak\u0131ld\u0131. \u00c7elenk ak\u0131nt\u0131 h\u0131zla gemiden uzakla\u015f\u0131rken duygusal anlar ya\u015fand\u0131.<\/p>\n<p>&nbsp;<\/p>\n<p>T\u00f6ren sonras\u0131 otob\u00fcslerle Lefko\u015fe\u2019nin kuzey do\u011fusundaki 14. z\u0131rhl\u0131\u00a0 tugaya hareket edildi. Tugay nizamiyesi giri\u015finden itibaren askerlerin yolun iki taraf\u0131na s\u0131ralan\u0131p selamlamas\u0131 \u00e7ok duygusal anlar ya\u015fatt\u0131. Tugay Komutan\u0131 ve e\u015fi yemekhanenin kap\u0131s\u0131nda bizleri kar\u015f\u0131lad\u0131. Sonras\u0131nda asker yemekhanesinde asker karavanas\u0131ndan t\u00fcm gaziler ve e\u015fleri \u00f6\u011fle yeme\u011fini yediler. Tugay komutan\u0131n yemek \u00f6ncesi yapt\u0131\u011f\u0131 duygusal konu\u015fma ile gaziler yine duygusal bir an daha ya\u015fad\u0131lar.<\/p>\n<p>Daha sonra ilk \u00e7\u0131karman\u0131n yap\u0131ld\u0131\u011f\u0131 plaja yak\u0131n bulunan \u015eehit Albay Karao\u011flano\u011flu \u015fehitli\u011fi ziyaret edildi. Buradaki sayg\u0131 duru\u015fu \u00f6ncesi bilgi veren er havan\u0131n s\u0131cakl\u0131\u011f\u0131ndan fenala\u015ft\u0131. Sayg\u0131 duru\u015fu sonras\u0131 otele gitmeden \u00f6nce KKTC\u2019li bir i\u015fadam\u0131n\u0131n davetiyle bir pastahanede \u00e7ay molas\u0131 verildi. Daha sonra Lapta\u2019daki otelimize d\u00f6nd\u00fck. Ak\u015famda, Girne\u2019de \u00fcnl\u00fc bir otelde ak\u015fam yeme\u011fi davetine kat\u0131ld\u0131k.\u00a0 Gece 22:00 sular\u0131nda otelimize tekrar d\u00f6nd\u00fc\u011f\u00fcm\u00fczde otob\u00fcsteki herkes yo\u011funluktan odalar\u0131na \u00e7ekildi. 22 Temmuz\u00a0 sabah\u0131, gazilerle\u00a0 duygusal vedala\u015fma dan sonra, saat\u00a0 10:00\u2019da Girne\u2019den Mersin\u2019e hareket eden h\u0131zl\u0131 feribota binerek 14:30 sular\u0131nda Mersin liman\u0131na vard\u0131k.<\/p>\n<p>Ancak, hem hem Bar\u0131\u015f Harekat\u0131\u2019n\u0131n 50. Y\u0131l bulu\u015fmas\u0131nda Kocatepe gazileriyle birlikte olman\u0131n unutulmaz an\u0131lar\u0131n\u0131 ya\u015fam\u0131\u015f olman\u0131n mutlulu\u011funu, hem de yo\u011fun ve yorucu ge\u00e7en bir program\u0131n a\u011f\u0131r yorgunlu\u011funu hissediyordum.<\/p>\n<p>Ancak, ertesi g\u00fcn ADD Mersin \u015eube olarak 27 Temmuz 2024 Cumartesi g\u00fcn\u00fc G\u00f6zne\u2019de yapaca\u011f\u0131m\u0131z geleneksel \u015fenli\u011fin haz\u0131rl\u0131klar\u0131n\u0131 yapmak zorundayd\u0131k.<\/p>\n<p>Bu gezide olmam\u0131 sa\u011flayan ba\u015fta E. Dz. Kur. Yrb. \u00d6zhan Bakkalba\u015f\u0131\u2019na ve birlikte bizlerle her \u015feylerini payla\u015fan m\u00fctevazi ve onurlu 22 Gazimize ve tak\u0131nlat\u0131na te\u015fekk\u00fcrlerimi bu k\u00f6\u015feden yazmay\u0131 bir bor\u00e7 biliyorum.<\/p>\n<p>Bu yaz\u0131 dizimi burada sonland\u0131r\u0131rken, bug\u00fcn\u00a0 T\u00fcrkiye Cumhuriyeti\u2019nin Do\u011fu Akdeniz\u2019deki ve Mavi Vatan\u2019daki \u00e7\u0131karlar\u0131 i\u00e7in stratejik ve hayati \u00f6neme sahip olan KKTC\u2019nin kurulu\u015fu i\u00e7in hayatlar\u0131n\u0131 feda eden t\u00fcm m\u00fccahit ve \u015fehitlerimizi sayg\u0131yla ve minnetle an\u0131yorum.<\/p>\n<p>Ayr\u0131ca K\u0131br\u0131s\u2019taki soyda\u015flar\u0131m\u0131za soyk\u0131r\u0131m uygulayan Fa\u015fist EOKA-B Ter\u00f6r \u00f6rg\u00fct\u00fcn\u00fc etkisiz k\u0131l\u0131nmas\u0131nda Bar\u0131\u015f Harekat\u0131\u2019n\u0131n karar\u0131n\u0131 alan, B\u00fclent Ecevit ve Necmeddin Erbakan\u2019\u0131\u00a0 ve h\u00fck\u00fcmet \u00fcyelerini Genel Kurmay ve kuvvet komutanlar\u0131 ile karargah\u0131n\u0131 sayg\u0131yla an\u0131yorum\u2026<\/p>\n<\/div>\n<\/div>\n<\/div>\n<\/div>\n<\/div>\n<div dir=\"ltr\">\n<div dir=\"ltr\">\n<div>\n<div>\n<div>\n<p><img loading=\"lazy\" decoding=\"async\" class=\"alignnone wp-image-79566\" src=\"http:\/\/mersingazetesi.com\/wp-content\/uploads\/2024\/08\/image_123650291-2.jpg\" alt=\"\" width=\"856\" height=\"570\" srcset=\"https:\/\/mersingazetesi.com\/wp-content\/uploads\/2024\/08\/image_123650291-2.jpg 1600w, https:\/\/mersingazetesi.com\/wp-content\/uploads\/2024\/08\/image_123650291-2-540x360.jpg 540w, https:\/\/mersingazetesi.com\/wp-content\/uploads\/2024\/08\/image_123650291-2-272x182.jpg 272w\" sizes=\"auto, (max-width: 856px) 100vw, 856px\" \/><\/p>\n<\/div>\n<\/div>\n<\/div>\n<\/div>\n<\/div>\n<\/div>\n<\/div>\n<\/div>\n<\/div>\n<\/div>\n<\/div>\n<\/div>\n<\/div>\n<\/div>\n<\/div>\n<\/div>\n<\/div>\n<\/div>\n<\/div>\n<\/div>\n<\/div>\n<\/div>\n<\/div>\n<\/div>\n<\/div>\n<\/div>\n<\/div>\n<\/div>\n<\/div>\n<\/div>\n<\/div>\n<\/div>\n<\/div>\n<\/div>\n","protected":false},"excerpt":{"rendered":"<p>24 Temmuz ve 7 A\u011fustos 2024 tarihinde bu k\u00f6\u015femde payla\u015ft\u0131\u011f\u0131m yaz\u0131m\u0131n 1. ve 2. b\u00f6l\u00fcm\u00fcnde, E. Gazi Dz. Yrb. \u00d6zhan Bakkalba\u015f\u0131o\u011flu\u2019nun davetiyle KKTC\u2019deki t\u00f6renlere kat\u0131ld\u0131\u011f\u0131m\u0131 yazm\u0131\u015ft\u0131m. Bu b\u00f6l\u00fcmde, 18 Temmuz gecesi Ta\u015fucu Liman\u0131\u2019ndan bindi\u011fim Via Marie y\u00fck\u00a0gemisi ile ertesi sabah 08:00 dolaylar\u0131nda Girne Liman\u0131\u2019na vard\u0131ktan sonraki 19-21 Temmuz 2024 tarihleri aras\u0131ndaki \u00a03 g\u00fcn i\u00e7inde ya\u015fad\u0131\u011f\u0131m [&hellip;]<\/p>\n","protected":false},"author":13,"featured_media":79564,"comment_status":"open","ping_status":"open","sticky":false,"template":"","format":"standard","meta":{"footnotes":""},"categories":[28],"tags":[],"class_list":["post-79563","post","type-post","status-publish","format-standard","has-post-thumbnail","hentry","category-serdar-erkan"],"views":228,"_links":{"self":[{"href":"https:\/\/mersingazetesi.com\/index.php\/wp-json\/wp\/v2\/posts\/79563","targetHints":{"allow":["GET"]}}],"collection":[{"href":"https:\/\/mersingazetesi.com\/index.php\/wp-json\/wp\/v2\/posts"}],"about":[{"href":"https:\/\/mersingazetesi.com\/index.php\/wp-json\/wp\/v2\/types\/post"}],"author":[{"embeddable":true,"href":"https:\/\/mersingazetesi.com\/index.php\/wp-json\/wp\/v2\/users\/13"}],"replies":[{"embeddable":true,"href":"https:\/\/mersingazetesi.com\/index.php\/wp-json\/wp\/v2\/comments?post=79563"}],"version-history":[{"count":0,"href":"https:\/\/mersingazetesi.com\/index.php\/wp-json\/wp\/v2\/posts\/79563\/revisions"}],"wp:featuredmedia":[{"embeddable":true,"href":"https:\/\/mersingazetesi.com\/index.php\/wp-json\/wp\/v2\/media\/79564"}],"wp:attachment":[{"href":"https:\/\/mersingazetesi.com\/index.php\/wp-json\/wp\/v2\/media?parent=79563"}],"wp:term":[{"taxonomy":"category","embeddable":true,"href":"https:\/\/mersingazetesi.com\/index.php\/wp-json\/wp\/v2\/categories?post=79563"},{"taxonomy":"post_tag","embeddable":true,"href":"https:\/\/mersingazetesi.com\/index.php\/wp-json\/wp\/v2\/tags?post=79563"}],"curies":[{"name":"wp","href":"https:\/\/api.w.org\/{rel}","templated":true}]}}