{"id":7929,"date":"2021-11-23T11:58:32","date_gmt":"2021-11-23T08:58:32","guid":{"rendered":"http:\/\/mersin.mesiad.org\/index.php\/2021\/11\/23\/vahsi-depolama-alanlari-kalkiyor-yeralti-sulari-cevre-hava-ve-akdeniz-temizleniyor\/"},"modified":"2021-11-23T11:58:32","modified_gmt":"2021-11-23T08:58:32","slug":"vahsi-depolama-alanlari-kalkiyor-yeralti-sulari-cevre-hava-ve-akdeniz-temizleniyor","status":"publish","type":"post","link":"https:\/\/mersingazetesi.com\/index.php\/2021\/11\/23\/vahsi-depolama-alanlari-kalkiyor-yeralti-sulari-cevre-hava-ve-akdeniz-temizleniyor\/","title":{"rendered":"VAH\u015e\u0130 DEPOLAMA ALANLARI KALKIYOR, YERALTI SULARI, \u00c7EVRE, HAVA VE AKDEN\u0130Z TEM\u0130ZLEN\u0130YOR"},"content":{"rendered":"<p><span style=\"line-height: 1.6em;\">Mersin B\u00fcy\u00fck\u015fehir Belediye Ba\u015fkan\u0131 Vahap Se\u00e7er, hem mevcut \u00e7evre sorunlar\u0131n\u0131 hem de olu\u015fabilecek \u00e7evre sorunlar\u0131n\u0131 en aza indirebilmek ad\u0131na s\u00fcrd\u00fcr\u00fclebilir bir \u00e7evre politikas\u0131 ile \u00f6nemli bir \u00e7al\u0131\u015fmaya daha imza att\u0131. Ba\u015fkan Se\u00e7er, Mersin\u2019in baz\u0131 il\u00e7elerinde bulunan vah\u015fi depolama alanlar\u0131n\u0131n tamamen ortadan kald\u0131r\u0131lmas\u0131 i\u00e7in \u00f6nemli bir \u00e7al\u0131\u015fma ba\u015flatarak \u00e7evreye olan duyarl\u0131l\u0131\u011f\u0131n\u0131 bir kez daha ispatlad\u0131.<\/span><\/p>\n<p>\u00c7evre Koruma ve Kontrol Dairesi Ba\u015fkanl\u0131\u011f\u0131 taraf\u0131ndan Haziran ay\u0131 itibariyle 13 il\u00e7enin tamam\u0131na hizmet verecek \u015fekilde il\u00e7e belediyelerine yak\u0131n alanlara 9 adet kat\u0131 at\u0131k aktarma istasyonu konu\u015fland\u0131r\u0131ld\u0131. \u0130l\u00e7elerin at\u0131klar\u0131 art\u0131k do\u011fada vah\u015fi depolanm\u0131yor ve bu istasyonlara ta\u015f\u0131n\u0131yor. Bu istasyonlara getirilen kat\u0131 at\u0131klar, B\u00fcy\u00fck\u015fehir taraf\u0131ndan toplanarak bertaraf tesisine g\u00f6t\u00fcr\u00fcl\u00fcyor. Mersin B\u00fcy\u00fck\u015fehir Belediyesi bu \u00e7al\u0131\u015fmas\u0131 ile say\u0131l\u0131 b\u00fcy\u00fck\u015fehirlerden biri haline geldi.<\/p>\n<p>Y\u00fcksek maliyete ra\u011fmen bu hizmeti \u00fcstlenen Mersin B\u00fcy\u00fck\u015fehir Belediyesi, toplanan at\u0131klar\u0131 elektrik enerjisine d\u00f6n\u00fc\u015ft\u00fcr\u00fcrken, \u00e7\u00f6plerin toprak yoluyla tar\u0131m alanlar\u0131na, yer alt\u0131 sular\u0131 yoluyla denize ve olu\u015fan zararl\u0131 gazlarla havaya kar\u0131\u015fmas\u0131na engel oluyor. Ekosistem d\u00f6ng\u00fcs\u00fc i\u00e7in hayati \u00f6nem ta\u015f\u0131yan bu hizmetle havaya sal\u0131nan metan gaz\u0131n\u0131n \u00f6n\u00fcne ge\u00e7ilerek, t\u00fcm d\u00fcnyan\u0131n m\u00fccadele etti\u011fi k\u00fcresel \u0131s\u0131nmaya pozitif katk\u0131 sa\u011flan\u0131yor.<\/p>\n<p><span style=\"line-height: 1.6em;\">Mersin B\u00fcy\u00fck\u015fehir Belediye Ba\u015fkan\u0131 Vahap Se\u00e7er, \u00e7evre konusundaki duyarl\u0131l\u0131\u011f\u0131n\u0131 \u00f6nemli bir projeyle en \u00fcst seviyeye ta\u015f\u0131d\u0131. Ba\u015fkan Se\u00e7er\u2019in ald\u0131\u011f\u0131 kararla Mersin\u2019in 13 il\u00e7esindeki vah\u015fi depolama alanlar\u0131 birer birer ortadan kald\u0131r\u0131l\u0131yor. Bunun yerine il\u00e7elerden toplanan at\u0131klar, B\u00fcy\u00fck\u015fehir Belediyesi arac\u0131l\u0131\u011f\u0131yla kat\u0131 at\u0131k bertaraf tesislerine ta\u015f\u0131nacak. Y\u00fcksek maliyet ve insan kayna\u011f\u0131na ra\u011fmen hayata ge\u00e7irilen proje, denizlere, topra\u011fa, havaya, do\u011faya ve ekosisteme at\u0131klar nedeniyle verilen zarar\u0131 ortadan kald\u0131racak.<\/span><\/p>\n<p>Hazirandan bu yana vah\u015fi depolama yap\u0131lm\u0131yor<\/p>\n<p>B\u00fcy\u00fck\u015fehir Belediyesi \u00c7evre Koruma ve Kontrol Dairesi Ba\u015fkanl\u0131\u011f\u0131 taraf\u0131ndan Haziran ay\u0131 itibariyle 13 il\u00e7enin tamam\u0131na hizmet verecek \u015fekilde il\u00e7e belediyelerine yak\u0131n alanlara konu\u015fland\u0131r\u0131lan 9 adet kat\u0131 at\u0131k aktarma istasyonlar\u0131 ile kat\u0131 at\u0131klar vah\u015fi depolanm\u0131yor. \u0130l\u00e7elerde biriken \u00e7\u00f6pler, belediyelerin ta\u015f\u0131yabilece\u011fi en yak\u0131n alanlara kurulan aktarma istasyonlar\u0131 sayesinde do\u011faya b\u0131rak\u0131lm\u0131yor ve bu aktarma istasyonlar\u0131na ta\u015f\u0131n\u0131yor. Bu noktadan sonra Mersin B\u00fcy\u00fck\u015fehir Belediyesi devreye girerek, t\u00fcm maliyeti ve i\u015f g\u00fcc\u00fcn\u00fc \u00fcstleniyor ve kat\u0131 at\u0131klar\u0131 en uzak il\u00e7elerden alarak bertaraf tesisine g\u00f6t\u00fcr\u00fcyor.<\/p>\n<p>Ba\u015fkan Se\u00e7er\u2019den \u00e7evre i\u00e7in \u00f6nemli ad\u0131m<\/p>\n<p>Mersin B\u00fcy\u00fck\u015fehir Belediye Ba\u015fkan\u0131 Vahap Se\u00e7er, hem mevcut \u00e7evre sorunlar\u0131n\u0131 hem de olu\u015fabilecek \u00e7evre sorunlar\u0131n\u0131 en aza indirebilmek ad\u0131na s\u00fcrd\u00fcr\u00fclebilir bir \u00e7evre politikas\u0131 ile \u00f6nemli \u00e7al\u0131\u015fmalara imza at\u0131yor. Ba\u015fkan Se\u00e7er\u2019in \u00e7evre ad\u0131na yapt\u0131\u011f\u0131 devrim niteli\u011findeki son \u00e7al\u0131\u015fma da vah\u015fi depolama alanlar\u0131n\u0131n \u0131slah\u0131na y\u00f6nelik oldu. Ba\u015fkan Se\u00e7er, Mersin\u2019in baz\u0131 il\u00e7elerinde bulunan vah\u015fi depolama alanlar\u0131n\u0131n tamamen ortadan kald\u0131r\u0131lmas\u0131 i\u00e7in \u00e7al\u0131\u015fma ba\u015flatarak \u00e7evreye olan duyarl\u0131l\u0131\u011f\u0131n\u0131 bir kez daha ispatlad\u0131. Haziran ay\u0131nda ba\u015flayan uygulama ile Mersin B\u00fcy\u00fck\u015fehir Belediyesi say\u0131l\u0131 b\u00fcy\u00fck\u015fehirlerden biri haline geldi.<\/p>\n<p>Kat\u0131 at\u0131k aktarma istasyonlar\u0131 13 il\u00e7enin tamam\u0131na hizmet verecek \u015fekilde kuruldu<\/p>\n<p>B\u00fcy\u00fck\u015fehir, \u00f6zellikle Mersin merkezine uzak kalan il\u00e7elerde daha fazla hissedilen kat\u0131 at\u0131klar\u0131n bertaraf\u0131 problemine s\u00fcrd\u00fcr\u00fclebilir bir \u00e7\u00f6z\u00fcm \u00fcretmek amac\u0131yla ba\u015flatt\u0131\u011f\u0131 kat\u0131 at\u0131k aktarma istasyonlar\u0131 projesi ile ilk etapta Yeni\u015fehir, Toroslar, \u00a0Tarsus, Akdeniz, Mezitli, Erdemli ve Silifke il\u00e7elerinin kat\u0131 at\u0131klar\u0131n\u0131 topluyor. \u0130kinci etapta \u00c7aml\u0131yayla ve G\u00fclnar il\u00e7elerinde hayata ge\u00e7irilen hizmet, Ba\u015fkan Se\u00e7er\u2019in \u00f6nemli ad\u0131mlar\u0131 ile Anamur, Ayd\u0131nc\u0131k, Bozyaz\u0131 ve Mut il\u00e7elerine de geni\u015fletilerek 13 il\u00e7enin tamam\u0131na hizmet vermeye ba\u015flad\u0131.<\/p>\n<p>\u0130l\u00e7elerin 1500 ton at\u0131\u011f\u0131 her g\u00fcn ta\u015f\u0131n\u0131yor<\/p>\n<p>B\u00fcy\u00fck\u015fehir Belediyesi \u00c7evre Koruma ve Kontrol Dairesi Ba\u015fkanl\u0131\u011f\u0131, t\u00fcm maliyeti ve i\u015f y\u00fck\u00fcn\u00fc \u00fcstlenerek, her g\u00fcn il\u00e7e belediyeleri taraf\u0131ndan toplanan ve 1500 tona yakla\u015fan evsel nitelikli kat\u0131 at\u0131\u011f\u0131 aktarma istasyonlar\u0131 arac\u0131l\u0131\u011f\u0131 ile Mersin merkez, Tarsus ve Silifke\u2019de bulunan Kat\u0131 At\u0131k D\u00fczenli Depolama Tesisleri\u2019ne ta\u015f\u0131yor.<\/p>\n<p>At\u0131klar \u00f6nce ayr\u0131\u015ft\u0131r\u0131l\u0131yor, sonra bertaraf ediliyor<\/p>\n<p>D\u00fczenli depolama sahalar\u0131na ta\u015f\u0131nan kat\u0131 at\u0131klar, \u00f6nce ayr\u0131\u015ft\u0131rmaya tabi tutuluyor ve geri d\u00f6n\u00fc\u015ft\u00fcr\u00fclebilir at\u0131klar geri d\u00f6n\u00fc\u015f\u00fcme g\u00f6nderiliyor. Arta kalan organik at\u0131klar d\u00fczenli depolanarak ortaya \u00e7\u0131kan metan gaz\u0131ndan elektrik enerjisi \u00fcretiliyor. \u00dcretilen elektrik enerjisi ile hem kent ekonomisine hem de \u00fclke ekonomisine katk\u0131 sa\u011flan\u0131yor. B\u00fcy\u00fck\u015fehir Belediyesi\u2019nin 60 bin konutun ayd\u0131nlanmas\u0131n\u0131 sa\u011flayacak elektrik enerjisi \u00fcretti\u011fi bertaraf tesisleri bundan sonra daha fazla elektrik \u00fcretecek.<\/p>\n<p>Y\u00fczey sular\u0131 ve yeralt\u0131 sular\u0131 art\u0131k kirlenmeyecek<\/p>\n<p>\u00d6zellikle temiz su havzalar\u0131nda biriktirilen kat\u0131 at\u0131klardan ortaya \u00e7\u0131kan s\u0131z\u0131nt\u0131 sular\u0131 yerin alt\u0131na inerek hem topra\u011f\u0131 hem de suyu kirletiyor. Zaman zaman i\u00e7me suyuna kar\u0131\u015fan bu s\u0131z\u0131nt\u0131 sular\u0131 insan sa\u011fl\u0131\u011f\u0131na zarar veriyor. S\u0131z\u0131nt\u0131 sular\u0131n\u0131n kar\u0131\u015ft\u0131\u011f\u0131 yeralt\u0131 sular\u0131 ise tar\u0131m alanlar\u0131n\u0131n sulamas\u0131nda kullan\u0131l\u0131nca \u00fcr\u00fcnler zarar g\u00f6r\u00fcyor. \u00d6nce topra\u011f\u0131 kirleten ve i\u00e7erisinde bar\u0131nan canl\u0131lara zarar veren s\u0131z\u0131nt\u0131 sular\u0131 kar\u0131\u015ft\u0131\u011f\u0131 sular\u0131 kirleterek daha sonra tar\u0131m alanlar\u0131na ve i\u00e7me suyuna zarar veriyor.<\/p>\n<p>Yeralt\u0131ndan denizlere ula\u015fmay\u0131 ba\u015faran s\u0131z\u0131nt\u0131 sular\u0131, hem Akdeniz\u2019e hem de i\u00e7erisinde bar\u0131nd\u0131rd\u0131\u011f\u0131 binlerce t\u00fcr deniz canl\u0131s\u0131na zarar veriyor. Adeta do\u011fa ve insan katili olan bu s\u0131z\u0131nt\u0131 sular\u0131, vah\u015fi depolama alanlar\u0131n\u0131n varl\u0131\u011f\u0131 ile y\u00fczlerce y\u0131ld\u0131r do\u011faya ciddi zararlar veriyor. Ba\u015fkan Se\u00e7er\u2019in att\u0131\u011f\u0131 ad\u0131mla vah\u015fi depolama alanlar\u0131n\u0131n su ve toprak rezervlerine verdi\u011fi zararlar bundan sonra ortadan kald\u0131r\u0131lm\u0131\u015f olacak.<\/p>\n<p>\u0130klim de\u011fi\u015fikli\u011fine sebep olan metan gaz\u0131n\u0131n \u00f6n\u00fcne ge\u00e7ilecek<\/p>\n<p>Metan gaz\u0131 patlay\u0131c\u0131l\u0131k \u00f6zelli\u011finin yan\u0131 s\u0131ra iklim de\u011fi\u015fikli\u011fine olumsuz etkileri bak\u0131mdan karbondioksite g\u00f6re 21 kat daha zararl\u0131 bir sera gaz\u0131 niteli\u011fi ta\u015f\u0131yor. Vah\u015fi y\u00f6ntemlerle depolanan at\u0131klar depoland\u0131\u011f\u0131 yerde bekleme s\u00fcresi i\u00e7erisinde son derece tehlikeli olan metan gaz\u0131 \u00fcretiyor. Kendili\u011finden patlama \u00f6zelli\u011fi olan bu gazlar uygun y\u00f6ntemlerle tahliye edilmedi\u011fi takdirde patl\u0131yor ve s\u00f6nd\u00fcr\u00fclemeyen yang\u0131nlara yol a\u00e7arak, \u00e7evreye ciddi zararlar veriyor. T\u00fcm bu etkenleri g\u00f6z \u00f6n\u00fcnde bulunduran B\u00fcy\u00fck\u015fehir Belediyesi, vah\u015fi depolama alanlar\u0131n\u0131 ortadan kald\u0131rarak metan gaz\u0131n\u0131n patlamas\u0131na ve \u00e7evreye zarar vermesine engel oluyor.<\/p>\n<p>Kat\u0131 at\u0131k aktarma istasyonlar\u0131 ile havaya sal\u0131nan emisyon azalt\u0131l\u0131yor<\/p>\n<p>Kurdu\u011fu aktarma istasyonlar\u0131 vas\u0131tas\u0131 ile Mersin B\u00fcy\u00fck\u015fehir Belediyesi, il\u00e7e belediyelerinin y\u00fck\u00fcn\u00fc \u00fcstlenerek ta\u015f\u0131ma i\u015fi yapan ara\u00e7 say\u0131s\u0131n\u0131 azalt\u0131yor ve trafik y\u00fck\u00fcn\u00fc en aza indiriyor. Azalan ara\u00e7 say\u0131s\u0131 ile motorlu ta\u015f\u0131tlardan kaynaklanan emisyonlar azal\u0131yor. B\u00fcy\u00fck\u015fehir, sadece k\u00fcresel \u0131s\u0131nmay\u0131 tetiklemekle kalmayan, ayn\u0131 zamanda ozon tabakas\u0131n\u0131 deforme eden ve bir\u00e7ok canl\u0131 organizmay\u0131 olumsuz etkileyen zararl\u0131 emisyonlar\u0131 azalt\u0131yor. B\u00f6ylece bu emisyonlar\u0131n hava, \u00e7evre ve ekosistem \u00fczerindeki etkilerini azaltm\u0131\u015f oluyor. Azalan ara\u00e7 say\u0131s\u0131 ile g\u00fcr\u00fclt\u00fc kirlili\u011finin \u00f6n\u00fcne de ge\u00e7ilirken, ayn\u0131 zamanda gereksiz i\u015f y\u00fck\u00fc, i\u015f g\u00fcc\u00fc ve zaman kayb\u0131 da engellenmi\u015f oluyor.<\/p>\n<p>G\u00f6r\u00fcnt\u00fc kirlili\u011finin \u00f6n\u00fcne ge\u00e7iliyor<\/p>\n<p>Hayata ge\u00e7irdi\u011fi proje ile ekonomiye ve ekolojik d\u00f6ng\u00fcye \u00e7ok y\u00f6nl\u00fc katk\u0131 sa\u011flayan Mersin B\u00fcy\u00fck\u015fehir Belediyesi, vah\u015fi depolamaya son vererek, g\u00f6r\u00fcnt\u00fc kirlili\u011finin de \u00f6n\u00fcne ge\u00e7mi\u015f oluyor. Denizi, do\u011fas\u0131 ve tarihi ile \u00f6nemli bir turizm potansiyeline sahip olan Mersin\u2019de, il\u00e7elerde tarihi g\u00fczelliklerin yak\u0131n\u0131na b\u0131rak\u0131lan at\u0131klar bu proje ile ortadan kalk\u0131yor ve g\u00f6r\u00fcnt\u00fc kirlili\u011finin \u00f6n\u00fcne ge\u00e7iliyor.<\/p>\n<p>\u0130kinci ad\u0131m y\u00fczlerce y\u0131ld\u0131r \u00e7\u00f6p d\u00f6k\u00fclen do\u011fal alanlar\u0131n rehabilite edilmesi<\/p>\n<p>Aktarma istasyonlar\u0131 ile bundan sonra do\u011faya \u00e7\u00f6p b\u0131rak\u0131lmas\u0131n\u0131n \u00f6n\u00fcne ge\u00e7en B\u00fcy\u00fck\u015fehir Belediyesi, bundan sonraki ad\u0131mda \u00e7evreye zararlar\u0131 maksimum d\u00fczeyde olan vah\u015fi depolama alanlar\u0131n\u0131 rehabilite \u00e7al\u0131\u015fmalar\u0131na ba\u015flayacak. Ta\u015f\u0131nmas\u0131 m\u00fcmk\u00fcn olmayan ve y\u0131llard\u0131r biriken \u00e7\u00f6pler, B\u00fcy\u00fck\u015fehir\u2019in planl\u0131 rehabilite \u00e7al\u0131\u015fmalar\u0131 ile tarihe kar\u0131\u015facak.<\/p>\n<p>Mikrop ve ha\u015ferenin \u00f6n\u00fcne ge\u00e7ilecek<\/p>\n<p>Mikroplar ve hastal\u0131k ta\u015f\u0131y\u0131c\u0131 canl\u0131lar (ku\u015flar, sinekler, kemirgenler vb.) i\u00e7in \u00e7ok m\u00fcsait bir \u00fcreme ortam\u0131 olan vah\u015fi depolama alanlar\u0131n\u0131n ortadan kald\u0131r\u0131lmas\u0131 ile bu hayvanlardan kaynakl\u0131 bula\u015f\u0131c\u0131 hastal\u0131klar\u0131n \u00e7evreye yay\u0131lmas\u0131n\u0131n da \u00f6n\u00fcne ge\u00e7mi\u015f olacak. B\u00fcy\u00fck\u015fehir, ilk ad\u0131mda bu alanlara yeniden \u00e7\u00f6p b\u0131rak\u0131lmas\u0131n\u0131n \u00f6n\u00fcne ge\u00e7mi\u015f oldu. \u0130kinci ad\u0131mda \u00e7\u00f6p sahalar\u0131 tamamen rehabilite edilince t\u00fcm bu tehlikelerin \u00f6n\u00fcne ge\u00e7ilecek.<\/p>\n<p>\u201c13 il\u00e7emizin \u00e7\u00f6p\u00fc d\u00fczenli depolama alanlar\u0131m\u0131za ta\u015f\u0131n\u0131yor\u201d<\/p>\n<p>B\u00fcy\u00fck\u015fehir Belediyesi \u00c7evre Koruma ve Kontrol Dairesi Ba\u015fkan\u0131 Dr. B\u00fclent Halisdemir, yakla\u015f\u0131k 2 milyon n\u00fcfusa sahip Mersin\u2019de kat\u0131 at\u0131k y\u00fck\u00fcn\u00fcn \u00e7ok ciddi oranlarda oldu\u011funu belirtti. B\u00fcy\u00fck\u015fehir taraf\u0131ndan Mersin\u2019de bulunan vah\u015fi depolama alanlar\u0131 olarak belirtilen 43 d\u00fczensiz kat\u0131 at\u0131k depolama alan\u0131n\u0131n halk ve \u00e7evre sa\u011fl\u0131\u011f\u0131 i\u00e7in kald\u0131r\u0131ld\u0131\u011f\u0131n\u0131 dile getiren Halisdemir, \u201c13 il\u00e7emizde \u00e7\u00f6p aktarma istasyonu kurduk, 13 il\u00e7emizin \u00e7\u00f6p\u00fc d\u00fczenli depolama alanlar\u0131m\u0131za ta\u015f\u0131n\u0131yor. Vah\u015fi \u00e7\u00f6p depolama alanlar\u0131 yeralt\u0131 sular\u0131m\u0131z\u0131 kirletiyordu, yang\u0131nlara neden oluyordu. Y\u00fczey sular\u0131m\u0131z\u0131 kirletiyordu, koku, ha\u015fere olu\u015fuyordu ve sera etkisi dedi\u011fimiz iklim de\u011fi\u015fikli\u011fine neden olan karbondioksitten 21 kat daha tehlikeli metan gaz\u0131n\u0131n olu\u015fumuna neden oluyordu. Biz bu metan\u0131n faydaya d\u00f6n\u00fc\u015ft\u00fcr\u00fclmesi yolunda \u00e7al\u0131\u015fmalar yap\u0131yoruz, b\u00f6ylece at\u0131l durumdaki bir at\u0131\u011f\u0131 faydaya d\u00f6n\u00fc\u015ft\u00fcrm\u00fc\u015f oluyoruz\u201d dedi<\/p>\n<p>\u201c\u00c7\u00f6p\u00fc ekonomiye kazand\u0131rma nihai hedefimiz \u00fczerinde \u00e7al\u0131\u015f\u0131yoruz\u201d<\/p>\n<p>B\u00fclent Halisdemir, metandan elektrik \u00fcreterek 60 bin konutun elektri\u011finin kar\u015f\u0131land\u0131\u011f\u0131n\u0131 ifade ederek, \u201cYeralt\u0131 sular\u0131n\u0131, y\u00fczey sular\u0131n\u0131 korumu\u015f olduk. Denizlerimizi ormanlar\u0131m\u0131z\u0131 havam\u0131z\u0131 korumu\u015f olduk. Bu alanlarda kullanm\u0131\u015f oldu\u011fumuz ha\u015fere ila\u00e7lar\u0131m\u0131z\u0131 azaltt\u0131k. \u00a0Biz kat\u0131 at\u0131k d\u00fczenli depolama alanlar\u0131m\u0131zda Mersin\u2019de \u00fcretilen t\u00fcm at\u0131klar\u0131 d\u00fczenli olarak depoluyoruz. Bunun i\u00e7in Ba\u015fkan\u0131m\u0131z \u2018Halk\u0131m\u0131z\u0131n refah\u0131, sa\u011fl\u0131\u011f\u0131, sa\u011fl\u0131kl\u0131 ve huzurlu bir ortamda ya\u015famas\u0131\u2019 dedi, \u00e7ok ciddi maliyeti g\u00f6ze ald\u0131. Mersin\u2019de hepimiz ya\u015famak istiyoruz. \u00a0Denize girmek, ormandan faydalanmak istiyoruz. Biz \u00e7\u00f6p\u00fc faydaya d\u00f6n\u00fc\u015ft\u00fcrd\u00fck. \u00c7\u00f6p\u00fc ekonomiye kazand\u0131rma nihai hedefimiz \u00fczerinde \u00e7al\u0131\u015f\u0131yoruz. Bu konuda yat\u0131r\u0131mlar\u0131m\u0131z devam ediyor\u201d ifadelerine yer verdi.<\/p>\n<p>Haber Merkezi<\/p>\n","protected":false},"excerpt":{"rendered":"<p>Mersin B\u00fcy\u00fck\u015fehir Belediye Ba\u015fkan\u0131 Vahap Se\u00e7er, hem mevcut \u00e7evre sorunlar\u0131n\u0131 hem de olu\u015fabilecek \u00e7evre sorunlar\u0131n\u0131 en aza indirebilmek ad\u0131na s\u00fcrd\u00fcr\u00fclebilir bir \u00e7evre politikas\u0131 ile \u00f6nemli bir \u00e7al\u0131\u015fmaya daha imza att\u0131. Ba\u015fkan Se\u00e7er, Mersin\u2019in baz\u0131 il\u00e7elerinde bulunan vah\u015fi depolama alanlar\u0131n\u0131n tamamen ortadan kald\u0131r\u0131lmas\u0131 i\u00e7in \u00f6nemli bir \u00e7al\u0131\u015fma ba\u015flatarak \u00e7evreye olan duyarl\u0131l\u0131\u011f\u0131n\u0131 bir kez daha ispatlad\u0131. \u00c7evre [&hellip;]<\/p>\n","protected":false},"author":2,"featured_media":0,"comment_status":"open","ping_status":"open","sticky":false,"template":"","format":"standard","meta":{"footnotes":""},"categories":[],"tags":[],"class_list":["post-7929","post","type-post","status-publish","format-standard","hentry"],"views":18,"_links":{"self":[{"href":"https:\/\/mersingazetesi.com\/index.php\/wp-json\/wp\/v2\/posts\/7929","targetHints":{"allow":["GET"]}}],"collection":[{"href":"https:\/\/mersingazetesi.com\/index.php\/wp-json\/wp\/v2\/posts"}],"about":[{"href":"https:\/\/mersingazetesi.com\/index.php\/wp-json\/wp\/v2\/types\/post"}],"author":[{"embeddable":true,"href":"https:\/\/mersingazetesi.com\/index.php\/wp-json\/wp\/v2\/users\/2"}],"replies":[{"embeddable":true,"href":"https:\/\/mersingazetesi.com\/index.php\/wp-json\/wp\/v2\/comments?post=7929"}],"version-history":[{"count":0,"href":"https:\/\/mersingazetesi.com\/index.php\/wp-json\/wp\/v2\/posts\/7929\/revisions"}],"wp:attachment":[{"href":"https:\/\/mersingazetesi.com\/index.php\/wp-json\/wp\/v2\/media?parent=7929"}],"wp:term":[{"taxonomy":"category","embeddable":true,"href":"https:\/\/mersingazetesi.com\/index.php\/wp-json\/wp\/v2\/categories?post=7929"},{"taxonomy":"post_tag","embeddable":true,"href":"https:\/\/mersingazetesi.com\/index.php\/wp-json\/wp\/v2\/tags?post=7929"}],"curies":[{"name":"wp","href":"https:\/\/api.w.org\/{rel}","templated":true}]}}