{"id":78790,"date":"2024-08-07T12:48:06","date_gmt":"2024-08-07T09:48:06","guid":{"rendered":"https:\/\/mersingazetesi.com\/?p=78790"},"modified":"2024-08-07T12:48:06","modified_gmt":"2024-08-07T09:48:06","slug":"penceremden-50-yilda-kocatepe-gazileriyle-kktcde-2","status":"publish","type":"post","link":"https:\/\/mersingazetesi.com\/index.php\/2024\/08\/07\/penceremden-50-yilda-kocatepe-gazileriyle-kktcde-2\/","title":{"rendered":"PENCEREMDEN: 50. YILDA KOCATEPE GAZ\u0130LER\u0130YLE KKTC\u2019DE\u2026-2"},"content":{"rendered":"<p>24 Temmuz 3024 tarihinde bu k\u00f6\u015femde payla\u015ft\u0131\u011f\u0131m yaz\u0131m\u0131n 2. b\u00f6l\u00fcm\u00fcnde, E. Gazi Dz. Yrb. \u00d6zhan Bakkalba\u015f\u0131o\u011flu\u2019nun davetiyle kat\u0131ld\u0131\u011f\u0131m KKTC\u2019deki t\u00f6renlere kat\u0131ld\u0131\u011f\u0131m\u0131 yazm\u0131\u015ft\u0131m.<\/p>\n<p>Bu b\u00f6l\u00fcmde, 18 Temmuz gecesi Ta\u015fucu liman\u0131ndan bindi\u011fim Via Marie y\u00fck gemisi ile ertesi sabah\u00a0<span dir=\"ltr\">08:00<\/span>\u00a0dolaylar\u0131nda Girne liman\u0131na vard\u0131ktan sonraki 19-21 Temmuz 2024 tarihleri aras\u0131ndaki \u00a03 g\u00fcn i\u00e7inde ya\u015fad\u0131\u011f\u0131m unutulmaz tarihi an\u0131lar\u0131m\u0131 yazmaya devam ediyorum.<\/p>\n<p dir=\"auto\">K\u0131br\u0131s\u2019\u0131n kuzeyindeki Lapta il\u00e7esinde KKTC\u2019nin misafiri olarak La Chateu Rambossa otelinde gazilerle bulu\u015ftum\u2026<\/p>\n<div>\n<div class=\"nH\">\n<div class=\"nH\">\n<div class=\"nH aqk aql bkL\">\n<div class=\"nH bkK\">\n<div class=\"nH\">\n<div class=\"nH ar4 z\">\n<div class=\"aeI\">\n<div class=\"AO\">\n<div id=\":3\" class=\"Tm aeJ\">\n<div id=\":1\" class=\"aeF\">\n<div class=\"nH\">\n<div class=\"nH\" role=\"main\">\n<div class=\"nH g\">\n<div class=\"nH a98 iY\">\n<div class=\"nH\">\n<div class=\"aHU hx\">\n<div role=\"list\">\n<div class=\"h7 ie\" tabindex=\"-1\" role=\"listitem\" aria-expanded=\"true\">\n<div class=\"Bk\">\n<div class=\"G3 G2\">\n<div>\n<div id=\":1cc\">\n<div class=\"adn ads\" data-message-id=\"#msg-f:1806709934165523329\" data-legacy-message-id=\"1912b91cde1afb81\">\n<div class=\"gs\">\n<div class=\"\">\n<div id=\":rk\" class=\"ii gt\">\n<div id=\":1c3\" class=\"a3s aiL \">\n<div dir=\"auto\">\n<blockquote>\n<div dir=\"ltr\">\n<div dir=\"auto\">\n<div>\n<div>\n<p dir=\"auto\">K\u0131br\u0131s\u2019\u0131n kuzeyindeki Lapta il\u00e7esinde KKTC\u2019nin misafiri olarak La Chateu Rambossa otelinde gazilerle bulu\u015ftuk. Ak\u015fama KKTC Meclis Ba\u015fkanl\u0131\u011f\u0131\u2019n\u0131n Lefko\u015fe\u2019de meclis binas\u0131n\u0131n bah\u00e7esinde verdi\u011fi resepsiyona T\u00fcrkiye\u2019den gelen di\u011fer 90 ki\u015filik gazi grubu ile birlikte kat\u0131ld\u0131k. Resepsiyona TBMM Bakan Vekili Bekir Bozda\u011f, CHP Genel Ba\u015fkan\u0131 \u00d6zg\u00fcr \u00d6zel, eski CHP Genel Ba\u015fkanlar\u0131 Murat Karayal\u00e7\u0131n, Hikmet \u00c7etin , \u0130yi Parti Genel Ba\u015fkan\u0131 M\u00fcsevat Dervi\u015fo\u011flu, KKTC \u00fcst d\u00fczey b\u00fcrokrat ve milletvekilleri, KKTC B\u00fcy\u00fckel\u00e7ili\u011fi b\u00fcrokratlar\u0131 di\u011fer konuklar, yabanc\u0131 temsilcilikler( Azerbaycan) da kat\u0131ld\u0131.<\/p>\n<\/div>\n<\/div>\n<\/div>\n<\/div>\n<\/blockquote>\n<blockquote>\n<div dir=\"ltr\">\n<div dir=\"auto\">\n<div>\n<div>\n<p dir=\"auto\">A\u00e7\u0131l\u0131\u015f\u0131nda KKTC Meclis Ba\u015fkan\u0131 ve Ulusal Birlik Partisi Milletvekili Zorlu T\u00f6re, K\u0131br\u0131s Davas\u0131n\u0131 \u00f6zetleyen \u00e7ok g\u00fczel bir konu\u015fma yapt\u0131.<\/p>\n<\/div>\n<\/div>\n<\/div>\n<\/div>\n<\/blockquote>\n<blockquote>\n<div dir=\"ltr\">\n<div dir=\"auto\">\n<div>\n<div>\n<p dir=\"auto\">Kusursuz bir konukseverlik ile ge\u00e7en gecede herkesin y\u00fcz\u00fcnde mutluluk ve gurur vard\u0131. Gece Lapta\u2019da otele d\u00f6nd\u00fc\u011f\u00fcm\u00fczde herkezde mutlu bir yorgunluk vard\u0131.<\/p>\n<p dir=\"auto\">Ertesi g\u00fcn, 20 Temmuz sabah\u0131 Bar\u0131\u015f Harekat\u0131n\u0131n 50. Y\u0131l\u0131 \u00a0resmi t\u00f6renine kat\u0131lmak \u00fczere tekrar Lefko\u015fe\u2019ye KKTC\u2019nin sa\u011flad\u0131\u011f\u0131 otob\u00fcslerle hareket ettik.<\/p>\n<\/div>\n<\/div>\n<\/div>\n<\/div>\n<\/blockquote>\n<blockquote>\n<div dir=\"ltr\">\n<div dir=\"auto\">\n<div>\n<div>\n<p dir=\"auto\">\u00c7o\u015fkulu kutlama t\u00f6reni \u00a0KKTC Ba\u015fbakan\u0131 Ersin Tatar\u2019\u0131n konu\u015fmas\u0131 ile ba\u015flad\u0131.<\/p>\n<\/div>\n<\/div>\n<\/div>\n<\/div>\n<\/blockquote>\n<blockquote>\n<div dir=\"ltr\">\n<div dir=\"auto\">\n<div>\n<div>\n<p dir=\"auto\">T.C.\u2019den CHP\u00a0 Genel Ba\u015fkan\u0131 \u00d6zg\u00fcr \u00d6zel, M\u00fcsevat Dervi\u015fo\u011flu ve di\u011fer \u00fcst d\u00fczey konuklar\u0131n\u0131n kat\u0131ld\u0131\u011f\u0131 t\u00f6rende Cumhurba\u015fkan\u0131 Recep Tayyip Erdo\u011fan\u2019\u0131n konu\u015fmas\u0131 sonras\u0131, M\u00fccahit ve K\u0131br\u0131s Bar\u0131\u015f Kuvvetlerinin co\u015fkulu resmi ge\u00e7it t\u00f6renleri ba\u015flad\u0131. T\u00fcrk Y\u0131ld\u0131zlar\u0131 u\u00e7aklar\u0131n\u0131n muhte\u015fem g\u00f6steri u\u00e7u\u015flar\u0131 ile tamamland\u0131.<\/p>\n<\/div>\n<\/div>\n<\/div>\n<\/div>\n<\/blockquote>\n<blockquote>\n<div dir=\"ltr\">\n<div dir=\"auto\">\n<div>\n<div>\n<p dir=\"auto\">Havan\u0131n \u00e7ok s\u0131cak olmas\u0131 nedeniyle T\u00f6ren sonras\u0131 tekrar otob\u00fcslerle hemen Lapta\u2019da otele d\u00f6nd\u00fck. Ak\u015fama KKTC Cumhurba\u015fkan\u0131 Ersin TATAR\u2019\u0131n resepsiyonuna kat\u0131lmak \u00fczere tekrar Lefko\u015fe\u2019ye gitmek \u00fczere dinlenmeye \u00e7ekildik.<\/p>\n<\/div>\n<\/div>\n<\/div>\n<\/div>\n<\/blockquote>\n<blockquote>\n<div dir=\"ltr\">\n<div dir=\"auto\">\n<div>\n<div>\n<p dir=\"auto\">Ak\u015fam saat 18:30 da tekrar Lefko\u015fe\u2019ye hareket ederek, KKTC Cumhurba\u015fkanl\u0131\u011f\u0131 saray\u0131na vard\u0131k. Resepsiyonda m\u00fctevazi ki\u015fili\u011fiyle Cumhurba\u015fkan\u0131 Ersin Tatar ve KKTC milletvekilleri tek masalar\u0131 dola\u015farak\u00a0 b\u00fct\u00fcn konuklarla ilgilendiler. Kusursuz ge\u00e7en resepsiyonda Ersin Tatar ile tan\u0131\u015fma\u00a0 ve foto\u011fraf \u00e7ektirme f\u0131rsat\u0131m\u0131z oldu.<\/p>\n<\/div>\n<\/div>\n<\/div>\n<\/div>\n<\/blockquote>\n<blockquote>\n<div dir=\"ltr\">\n<div dir=\"auto\">\n<div>\n<div>\n<p dir=\"auto\">\u00c7ok renkli ge\u00e7en gece sonunda ge\u00e7 saatlerde\u00a0 otob\u00fcslerle Lapta\u2019ya geri d\u00f6nd\u00fck. O yorgunlukla hemen odalar\u0131m\u0131za \u00e7ekildik. \u00c7\u00fcnk\u00fc 21 Temmuz g\u00fcn\u00fc \u00f6zellikle Kocatepe gazileri i\u00e7in \u00e7ok \u00f6nemliydi.<\/p>\n<\/div>\n<\/div>\n<\/div>\n<\/div>\n<\/blockquote>\n<blockquote>\n<div dir=\"ltr\">\n<div dir=\"auto\">\n<div>\n<div>\n<p dir=\"auto\">21 Temmuz 2024 g\u00fcn\u00fc kendi u\u00e7aklar\u0131m\u0131z taraf\u0131ndan\u00a0 G\u00fcneyde Baf a\u00e7\u0131klar\u0131nda bat\u0131r\u0131lan Kocatepe muhribinden kurtulan gaziler i\u00e7in\u00a0 geleneksel olarak d\u00fczenlenen denize \u00e7elenk b\u0131rakma t\u00f6renine kat\u0131lacakt\u0131k.<\/p>\n<\/div>\n<\/div>\n<\/div>\n<\/div>\n<\/blockquote>\n<blockquote>\n<div dir=\"ltr\">\n<div dir=\"auto\">\n<div>\n<div><\/div>\n<\/div>\n<\/div>\n<\/div>\n<\/blockquote>\n<\/div>\n<\/div>\n<\/div>\n<\/div>\n<\/div>\n<\/div>\n<\/div>\n<\/div>\n<\/div>\n<\/div>\n<\/div>\n<\/div>\n<\/div>\n<\/div>\n<\/div>\n<\/div>\n<\/div>\n<\/div>\n<\/div>\n<\/div>\n<\/div>\n<\/div>\n<\/div>\n<\/div>\n<\/div>\n<\/div>\n<\/div>\n<\/div>\n<\/div>\n","protected":false},"excerpt":{"rendered":"<p>24 Temmuz 3024 tarihinde bu k\u00f6\u015femde payla\u015ft\u0131\u011f\u0131m yaz\u0131m\u0131n 2. b\u00f6l\u00fcm\u00fcnde, E. Gazi Dz. Yrb. \u00d6zhan Bakkalba\u015f\u0131o\u011flu\u2019nun davetiyle kat\u0131ld\u0131\u011f\u0131m KKTC\u2019deki t\u00f6renlere kat\u0131ld\u0131\u011f\u0131m\u0131 yazm\u0131\u015ft\u0131m. Bu b\u00f6l\u00fcmde, 18 Temmuz gecesi Ta\u015fucu liman\u0131ndan bindi\u011fim Via Marie y\u00fck gemisi ile ertesi sabah\u00a008:00\u00a0dolaylar\u0131nda Girne liman\u0131na vard\u0131ktan sonraki 19-21 Temmuz 2024 tarihleri aras\u0131ndaki \u00a03 g\u00fcn i\u00e7inde ya\u015fad\u0131\u011f\u0131m unutulmaz tarihi an\u0131lar\u0131m\u0131 yazmaya devam [&hellip;]<\/p>\n","protected":false},"author":13,"featured_media":78791,"comment_status":"open","ping_status":"open","sticky":false,"template":"","format":"standard","meta":{"footnotes":""},"categories":[28],"tags":[],"class_list":["post-78790","post","type-post","status-publish","format-standard","has-post-thumbnail","hentry","category-serdar-erkan"],"views":197,"_links":{"self":[{"href":"https:\/\/mersingazetesi.com\/index.php\/wp-json\/wp\/v2\/posts\/78790","targetHints":{"allow":["GET"]}}],"collection":[{"href":"https:\/\/mersingazetesi.com\/index.php\/wp-json\/wp\/v2\/posts"}],"about":[{"href":"https:\/\/mersingazetesi.com\/index.php\/wp-json\/wp\/v2\/types\/post"}],"author":[{"embeddable":true,"href":"https:\/\/mersingazetesi.com\/index.php\/wp-json\/wp\/v2\/users\/13"}],"replies":[{"embeddable":true,"href":"https:\/\/mersingazetesi.com\/index.php\/wp-json\/wp\/v2\/comments?post=78790"}],"version-history":[{"count":0,"href":"https:\/\/mersingazetesi.com\/index.php\/wp-json\/wp\/v2\/posts\/78790\/revisions"}],"wp:featuredmedia":[{"embeddable":true,"href":"https:\/\/mersingazetesi.com\/index.php\/wp-json\/wp\/v2\/media\/78791"}],"wp:attachment":[{"href":"https:\/\/mersingazetesi.com\/index.php\/wp-json\/wp\/v2\/media?parent=78790"}],"wp:term":[{"taxonomy":"category","embeddable":true,"href":"https:\/\/mersingazetesi.com\/index.php\/wp-json\/wp\/v2\/categories?post=78790"},{"taxonomy":"post_tag","embeddable":true,"href":"https:\/\/mersingazetesi.com\/index.php\/wp-json\/wp\/v2\/tags?post=78790"}],"curies":[{"name":"wp","href":"https:\/\/api.w.org\/{rel}","templated":true}]}}