{"id":77978,"date":"2024-07-24T16:25:26","date_gmt":"2024-07-24T13:25:26","guid":{"rendered":"https:\/\/mersingazetesi.com\/?p=77978"},"modified":"2024-07-24T16:33:31","modified_gmt":"2024-07-24T13:33:31","slug":"penceremden-kocatepe-gazileriyle-50-yilda-kktcde-1","status":"publish","type":"post","link":"https:\/\/mersingazetesi.com\/index.php\/2024\/07\/24\/penceremden-kocatepe-gazileriyle-50-yilda-kktcde-1\/","title":{"rendered":"PENCEREMDEN: KOCATEPE GAZ\u0130LER\u0130YLE 50. YILDA KKTC\u2019DE\u2026 -1"},"content":{"rendered":"<p>Bu yaz\u0131, K\u0131br\u0131s Bar\u0131\u015f Harekat\u0131\u2019n\u0131n 50. Y\u0131l\u0131 nedeniyle KKTC\u2019de yap\u0131lan kutlamalara kat\u0131lmak \u00fczere adaya yapt\u0131m ziyaretle ilgilidir.<br \/>\n21 Temmuz 1974 tarihinde Baf a\u00e7\u0131klar\u0131nda kendi u\u00e7aklar\u0131m\u0131z taraf\u0131ndan yanl\u0131\u015fl\u0131kla bat\u0131r\u0131lan, Kocatepe Muhribi\u2019nden kurtulan gazilerle birlikte onur ve gururla ge\u00e7irdi\u011fim tarihi anlar\u0131 k\u00f6\u015femde sizlerle payla\u015fmak i\u00e7in yaz\u0131yorum.<\/p>\n<p>E. Gazi Dz. Yarbay \u00d6zhan Bakkalba\u015f\u0131o\u011flu\u2019nun davetiyle kat\u0131ld\u0131\u011f\u0131m ve 19-21 Temmuz 2024 tarihleri aras\u0131ndaki 3 g\u00fcn i\u00e7inde ya\u015fad\u0131\u011f\u0131m unutulmaz tarihi anlar\u0131 ve gururunu yaz\u0131yla anlatabilmem ne derece m\u00fcmk\u00fcn olabilecek bilmiyorum.<\/p>\n<p>Ancak seyahatimi ba\u015f\u0131ndan itibaren anlatmaya \u00e7al\u0131\u015faca\u011f\u0131m.<\/p>\n<p>TA\u015eUCU L\u0130MANI TOZ TOPRAK \u0130\u00c7\u0130NDE..! BAKIMDAN GE\u00c7MES\u0130 GEREK\u0130YOR<\/p>\n<p>Denizcilik firmas\u0131n\u0131n V\u0130A MAR\u0130E y\u00fck gemisiyle gece 03:00 da ba\u015flayan deniz yolculu\u011funun ba\u015flad\u0131\u011f\u0131, Ta\u015fucu liman sahas\u0131n\u0131n zemininin son derece bak\u0131ms\u0131z, d\u00f6kme sar\u0131 toprak ve toz duman i\u00e7inde olu\u015fu dikkat \u00e7ekiciydi. G\u00fcmr\u00fck ve pasaport kontrol\u00fcnden sonra tel \u00f6rg\u00fcler i\u00e7indeki gerek valizlerle bekleme alan\u0131n ve binalar\u0131n toz toprak i\u00e7inde kad\u0131n, erkek, \u00e7oluk \u00e7ocuk yolcular\u0131n kalabal\u0131k valizleri ile atakta beklemeleri dikkat \u00e7ekiyordu.<\/p>\n<p>Yolcular\u0131n, ya tel \u00f6rg\u00fc i\u00e7indeki kafede oturmalar\u0131 gerekiyor ki, y\u00fcksek \u00fccretli \u00e7ay ve su bedelleri \u00f6deyecekler!<\/p>\n<p>Ya da ayakta tel \u00f6rg\u00fc i\u00e7inde gemi giri\u015f kap\u0131s\u0131nda bekledikleri g\u00f6r\u00fcn\u00fcyordu. Liman i\u015fletmecisinin ayakta bekleyen 100\u2019den fazla yolcu i\u00e7in oturma banklar\u0131 bile koymamas\u0131 ger\u00e7ekten anla\u015f\u0131l\u0131r gibi de\u011fildi..!<\/p>\n<p>Yakla\u015f\u0131k gece saat 21:00\u2019den 23:30\u2019a kadar, gemiye, ara\u00e7 ve TIR bu arada \u00f6zel ara\u00e7lar milim milim y\u00fcklendi.<\/p>\n<p>Yolcular ellerinde a\u011f\u0131r valizleri ile ta\u015f\u0131ma arabalar\u0131nda veya tozlu zeminde ayakta TIR\u2019lar\u0131n y\u00fckleni\u015fini beklemek zorunda kald\u0131lar.<\/p>\n<p>Liman i\u015fletmecisi firman\u0131n yolcular\u0131n bindi\u011fi o alan\u0131 peyzaj ile hem s\u00fcsleyerek, binalar\u0131 hem de oturacak, banklar koyarak daha estetik ve ihtiyaca hizmet edecek \u015fekle getirmesi gerekiyor.<\/p>\n<p>23:30\u2019dan sonra i\u00e7eri al\u0131n\u0131p girebilen yolcular geminin Girne\u2019ye sabah saat 3:00\u2019e kadar geminin i\u00e7inde koltuklar\u0131nda, oturma yerlerinde veya a\u00e7\u0131k havada bulunan yan oturma koltuklar\u0131nda ve yang\u0131n aletlerinin bulundu\u011fu k\u0131rm\u0131z\u0131 ah\u015fap kutular \u00fczerinde ge\u00e7irdi. Baz\u0131 yolcular ise yast\u0131k pike ile kah yatarak, kah uzanarak Sabah 08;00\u2019de Girne Liman\u0131\u2019na ininceye kadar kadar zaman ge\u00e7irmek durumunda kald\u0131k. Bindi\u011fimiz y\u00fck gemisinin (Via Marie) i\u00e7indeki yaz\u0131lar , haritalar, Balt\u0131k \u00dclkelerinden sat\u0131n al\u0131nd\u0131\u011f\u0131 g\u00f6steriyordu.<\/p>\n<p>Gemide \u00fc\u00e7 kat y\u00fck platformunda<\/p>\n<p>Yakla\u015f\u0131k 30 TIR kamyonu ve 20 kadar normal kamyon ve K\u0131br\u0131s plakal\u0131 binek ara\u00e7lar ile 19 Temmuz sabah\u0131 Girne liman\u0131na yana\u015ft\u0131k.<\/p>\n<p>Daha sonra pasaport kontrol\u00fcnden sonra Gazilerle bulu\u015fmak \u00fczere Lapta\u2019ya yola \u00e7\u0131kt\u0131m.<\/p>\n<p>(Devam edecek)<\/p>\n","protected":false},"excerpt":{"rendered":"<p>Bu yaz\u0131, K\u0131br\u0131s Bar\u0131\u015f Harekat\u0131\u2019n\u0131n 50. Y\u0131l\u0131 nedeniyle KKTC\u2019de yap\u0131lan kutlamalara kat\u0131lmak \u00fczere adaya yapt\u0131m ziyaretle ilgilidir. 21 Temmuz 1974 tarihinde Baf a\u00e7\u0131klar\u0131nda kendi u\u00e7aklar\u0131m\u0131z taraf\u0131ndan yanl\u0131\u015fl\u0131kla bat\u0131r\u0131lan, Kocatepe Muhribi\u2019nden kurtulan gazilerle birlikte onur ve gururla ge\u00e7irdi\u011fim tarihi anlar\u0131 k\u00f6\u015femde sizlerle payla\u015fmak i\u00e7in yaz\u0131yorum. E. Gazi Dz. Yarbay \u00d6zhan Bakkalba\u015f\u0131o\u011flu\u2019nun davetiyle kat\u0131ld\u0131\u011f\u0131m ve 19-21 Temmuz [&hellip;]<\/p>\n","protected":false},"author":13,"featured_media":77994,"comment_status":"open","ping_status":"open","sticky":false,"template":"","format":"standard","meta":{"footnotes":""},"categories":[28],"tags":[],"class_list":["post-77978","post","type-post","status-publish","format-standard","has-post-thumbnail","hentry","category-serdar-erkan"],"views":215,"_links":{"self":[{"href":"https:\/\/mersingazetesi.com\/index.php\/wp-json\/wp\/v2\/posts\/77978","targetHints":{"allow":["GET"]}}],"collection":[{"href":"https:\/\/mersingazetesi.com\/index.php\/wp-json\/wp\/v2\/posts"}],"about":[{"href":"https:\/\/mersingazetesi.com\/index.php\/wp-json\/wp\/v2\/types\/post"}],"author":[{"embeddable":true,"href":"https:\/\/mersingazetesi.com\/index.php\/wp-json\/wp\/v2\/users\/13"}],"replies":[{"embeddable":true,"href":"https:\/\/mersingazetesi.com\/index.php\/wp-json\/wp\/v2\/comments?post=77978"}],"version-history":[{"count":0,"href":"https:\/\/mersingazetesi.com\/index.php\/wp-json\/wp\/v2\/posts\/77978\/revisions"}],"wp:featuredmedia":[{"embeddable":true,"href":"https:\/\/mersingazetesi.com\/index.php\/wp-json\/wp\/v2\/media\/77994"}],"wp:attachment":[{"href":"https:\/\/mersingazetesi.com\/index.php\/wp-json\/wp\/v2\/media?parent=77978"}],"wp:term":[{"taxonomy":"category","embeddable":true,"href":"https:\/\/mersingazetesi.com\/index.php\/wp-json\/wp\/v2\/categories?post=77978"},{"taxonomy":"post_tag","embeddable":true,"href":"https:\/\/mersingazetesi.com\/index.php\/wp-json\/wp\/v2\/tags?post=77978"}],"curies":[{"name":"wp","href":"https:\/\/api.w.org\/{rel}","templated":true}]}}