{"id":7792,"date":"2021-11-23T11:58:23","date_gmt":"2021-11-23T08:58:23","guid":{"rendered":"http:\/\/mersin.mesiad.org\/index.php\/2021\/11\/23\/kizkalesi-plaji-turkiyenin-en-temiz-plajlari-arasinda-gosterildi\/"},"modified":"2021-11-23T11:58:23","modified_gmt":"2021-11-23T08:58:23","slug":"kizkalesi-plaji-turkiyenin-en-temiz-plajlari-arasinda-gosterildi","status":"publish","type":"post","link":"https:\/\/mersingazetesi.com\/index.php\/2021\/11\/23\/kizkalesi-plaji-turkiyenin-en-temiz-plajlari-arasinda-gosterildi\/","title":{"rendered":"K\u0131zkalesi Plaj\u0131 T\u00fcrkiye&#8217;nin en temiz plajlar\u0131 aras\u0131nda g\u00f6sterildi"},"content":{"rendered":"<p>Unesco D\u00fcnya Miras\u0131 Ge\u00e7ici Listesi&#8217;nde de yer alan, T\u00fcrkiye&#8217;nin ismini d\u00fcnyaya duyuran e\u015fsiz K\u0131zkalesi Plaj\u0131, tatil organizasyonu yapan internet sitelerince, en temiz plajlar aras\u0131nda g\u00f6sterildi. Kurban Bayram\u0131 \u00f6ncesi yap\u0131lan bu de\u011ferlendirme hem b\u00f6lgedeki i\u015fletmeler, hem de K\u0131zkalesi&#8217;ne tatil i\u00e7in gelenler taraf\u0131ndan memnuniyetle kar\u015f\u0131land\u0131.\u00a0<br \/>\nK\u0131zkalesi&#8217;ne tatil i\u00e7in gelen vatanda\u015flardan Eylem Erda\u011f, &#8220;Tatilimizi K\u0131zkalesi&#8217;nde ge\u00e7irmemizin sebebi, internetten ara\u015ft\u0131rm\u0131\u015ft\u0131k. \u00c7ok temiz, g\u00fczel bir sahili oldu\u011funu g\u00f6rd\u00fck. Biz de hi\u00e7 teredd\u00fcts\u00fcz geldik. Ger\u00e7ekten alt\u0131n gibi bir kumu var, denizin alt\u0131n\u0131 direkt g\u00f6rebiliyorsunuz. \u015eeffaf, temiz, g\u00fcvenilir bir yer. Esnaflar\u0131 da \u00e7ok nazik. \u0130yi ki de buray\u0131 tercih etmi\u015fiz. \u00c7ok sakin, rahat bir tatil ge\u00e7iriyoruz&#8221; dedi.\u00a0<br \/>\nK\u0131zkalesi Mahallesi Muhtar\u0131 Murat Kale de, K\u0131zkalesi ile ilgili yap\u0131lan tespitin do\u011fru oldu\u011funu belirterek, &#8220;Bu tespiti yapanlara te\u015fekk\u00fcr ediyoruz. K\u0131zkalesi sahili, kumuyla, masmavi deniziyle ailelerin tercih etti\u011fi bir b\u00f6lge. \u00d6zellikle sahilimizin s\u0131\u011f olmas\u0131, \u00e7ocuklu ailelerin tercihlerini etkiliyor. G\u00fcvenli bir \u015fekilde denize girme imkan\u0131 sa\u011flan\u0131yor. Pandemiden dolay\u0131 belediyemiz ve i\u015fletmelerimiz gerekli tedbirleri ald\u0131lar. B\u00f6lgemizde bir vakaya rastlanmad\u0131. \u0130n\u015fallah da rastlanmaz. Herkesi K\u0131zkalesi&#8217;ne tatil yapmaya davet ediyoruz&#8221; diye konu\u015ftu.<br \/>\nK\u0131zkalesi Turizm ve K\u00fclt\u00fcr Derne\u011fi Ba\u015fkan\u0131 H\u00fcseyin \u00c7al\u0131\u015fkan ise, &#8220;Ke\u015fke g\u00f6rmeyen herkes gelse de buradaki deniz ve kumu g\u00f6rebilse. 50 metre, 100 metre gidiyorsun deniz diz boyu. Kumumuz bir harika, al eline b\u0131rak elin tertemiz. \u0130nce kum ve T\u00fcrkiye&#8217;nin hi\u00e7bir yerinde yok&#8221; dedi.\u00a0<br \/>\nPandemiyle ilgili b\u00fct\u00fcn tedbirlerin al\u0131nd\u0131\u011f\u0131n\u0131 da aktaran \u00c7al\u0131\u015fkan, herkesi K\u0131zkalesi&#8217;ne tatil yapmaya beklediklerini s\u00f6yledi.\u00a0<\/p>\n<p>\u0130HA<\/p>\n","protected":false},"excerpt":{"rendered":"<p>Unesco D\u00fcnya Miras\u0131 Ge\u00e7ici Listesi&#8217;nde de yer alan, T\u00fcrkiye&#8217;nin ismini d\u00fcnyaya duyuran e\u015fsiz K\u0131zkalesi Plaj\u0131, tatil organizasyonu yapan internet sitelerince, en temiz plajlar aras\u0131nda g\u00f6sterildi. Kurban Bayram\u0131 \u00f6ncesi yap\u0131lan bu de\u011ferlendirme hem b\u00f6lgedeki i\u015fletmeler, hem de K\u0131zkalesi&#8217;ne tatil i\u00e7in gelenler taraf\u0131ndan memnuniyetle kar\u015f\u0131land\u0131.\u00a0 K\u0131zkalesi&#8217;ne tatil i\u00e7in gelen vatanda\u015flardan Eylem Erda\u011f, &#8220;Tatilimizi K\u0131zkalesi&#8217;nde ge\u00e7irmemizin sebebi, internetten [&hellip;]<\/p>\n","protected":false},"author":2,"featured_media":0,"comment_status":"open","ping_status":"open","sticky":false,"template":"","format":"standard","meta":{"footnotes":""},"categories":[],"tags":[],"class_list":["post-7792","post","type-post","status-publish","format-standard","hentry"],"views":13,"_links":{"self":[{"href":"https:\/\/mersingazetesi.com\/index.php\/wp-json\/wp\/v2\/posts\/7792","targetHints":{"allow":["GET"]}}],"collection":[{"href":"https:\/\/mersingazetesi.com\/index.php\/wp-json\/wp\/v2\/posts"}],"about":[{"href":"https:\/\/mersingazetesi.com\/index.php\/wp-json\/wp\/v2\/types\/post"}],"author":[{"embeddable":true,"href":"https:\/\/mersingazetesi.com\/index.php\/wp-json\/wp\/v2\/users\/2"}],"replies":[{"embeddable":true,"href":"https:\/\/mersingazetesi.com\/index.php\/wp-json\/wp\/v2\/comments?post=7792"}],"version-history":[{"count":0,"href":"https:\/\/mersingazetesi.com\/index.php\/wp-json\/wp\/v2\/posts\/7792\/revisions"}],"wp:attachment":[{"href":"https:\/\/mersingazetesi.com\/index.php\/wp-json\/wp\/v2\/media?parent=7792"}],"wp:term":[{"taxonomy":"category","embeddable":true,"href":"https:\/\/mersingazetesi.com\/index.php\/wp-json\/wp\/v2\/categories?post=7792"},{"taxonomy":"post_tag","embeddable":true,"href":"https:\/\/mersingazetesi.com\/index.php\/wp-json\/wp\/v2\/tags?post=7792"}],"curies":[{"name":"wp","href":"https:\/\/api.w.org\/{rel}","templated":true}]}}