{"id":7758,"date":"2021-11-23T11:58:22","date_gmt":"2021-11-23T08:58:22","guid":{"rendered":"http:\/\/mersin.mesiad.org\/index.php\/2021\/11\/23\/1-kafe-ilk-misafirlerini-agirladi\/"},"modified":"2021-11-23T11:58:22","modified_gmt":"2021-11-23T08:58:22","slug":"1-kafe-ilk-misafirlerini-agirladi","status":"publish","type":"post","link":"https:\/\/mersingazetesi.com\/index.php\/2021\/11\/23\/1-kafe-ilk-misafirlerini-agirladi\/","title":{"rendered":"&#8216;+1 kafe&#8217; ilk misafirlerini a\u011f\u0131rlad\u0131"},"content":{"rendered":"<p>&#8216;D\u00fcnya +1 ile daha g\u00fczel&#8217; slogan\u0131 ile Tarsus Belediyesi taraf\u0131ndan \u00d6\u011fretmenler Mahallesi&#8217;nde yap\u0131lan ve ge\u00e7ti\u011fimiz g\u00fcnlerde a\u00e7\u0131l\u0131\u015f\u0131 ger\u00e7ekle\u015ftirilen &#8216;+1 kafe&#8217; ilk ziyaret\u00e7ilerini a\u011f\u0131rlad\u0131.\u00a0<br \/>\nTarsus Belediye Ba\u015fkan\u0131 Haluk Bozdo\u011fan\u2019\u0131n down sendromlu ve engelli bireylere hizmet vermesi i\u00e7in projelendirdi\u011fi ve ge\u00e7ti\u011fimiz g\u00fcnlerde a\u00e7\u0131l\u0131\u015f\u0131n\u0131 ger\u00e7ekle\u015ftirdi\u011fi &#8216;+1 kafe&#8217;yi, \u00f6zel bir rehabilitasyon merkezinin \u00f6\u011frencileri ziyaret etti. \u00d6\u011fretmenleri e\u015fli\u011finde &#8216;+1 kafe&#8217;de Tarsus Belediyesi&#8217;nin g\u00f6revlileri taraf\u0131ndan a\u011f\u0131rlanan rehabilitasyon merkezi \u00f6\u011frencileri, kendilerine ikramda bulunan g\u00f6revlilere alk\u0131\u015flar \u00e7alarak te\u015fekk\u00fcrlerini sunarlarken, olduk\u00e7a g\u00fczel vakit ge\u00e7irdiler. \u00c7e\u015fitli aktivitelerin d\u00fczenlenece\u011fi ve engelli bireylerin zihinsel geli\u015fimine katk\u0131da bulunacak ortam\u0131n da sa\u011fland\u0131\u011f\u0131 kafeyi ziyaret eden merkezin M\u00fcd\u00fcr Yard\u0131mc\u0131s\u0131 Faruk Turkay, down sendromlu ve engelli bireylere hizmet verecek olan yerin a\u00e7\u0131lmas\u0131nda eme\u011fi ge\u00e7en herkese te\u015fekk\u00fcr etti. Turkay, &#8220;\u00c7ocuklar\u0131m\u0131z\u0131n geli\u015fimi i\u00e7in \u00e7ok faydal\u0131 bir yer oldu. \u00c7e\u015fitli aktivitelerimizi bundan sonra burada yapmak istiyoruz. \u00d6\u011frencilerimiz ad\u0131na eme\u011fi ge\u00e7en herkese sonsuz te\u015fekk\u00fcrlerimizi iletiyoruz&#8221; dedi.\u00a0<\/p>\n<p>\u0130HA<\/p>\n","protected":false},"excerpt":{"rendered":"<p>&#8216;D\u00fcnya +1 ile daha g\u00fczel&#8217; slogan\u0131 ile Tarsus Belediyesi taraf\u0131ndan \u00d6\u011fretmenler Mahallesi&#8217;nde yap\u0131lan ve ge\u00e7ti\u011fimiz g\u00fcnlerde a\u00e7\u0131l\u0131\u015f\u0131 ger\u00e7ekle\u015ftirilen &#8216;+1 kafe&#8217; ilk ziyaret\u00e7ilerini a\u011f\u0131rlad\u0131.\u00a0 Tarsus Belediye Ba\u015fkan\u0131 Haluk Bozdo\u011fan\u2019\u0131n down sendromlu ve engelli bireylere hizmet vermesi i\u00e7in projelendirdi\u011fi ve ge\u00e7ti\u011fimiz g\u00fcnlerde a\u00e7\u0131l\u0131\u015f\u0131n\u0131 ger\u00e7ekle\u015ftirdi\u011fi &#8216;+1 kafe&#8217;yi, \u00f6zel bir rehabilitasyon merkezinin \u00f6\u011frencileri ziyaret etti. \u00d6\u011fretmenleri e\u015fli\u011finde &#8216;+1 kafe&#8217;de [&hellip;]<\/p>\n","protected":false},"author":2,"featured_media":0,"comment_status":"open","ping_status":"open","sticky":false,"template":"","format":"standard","meta":{"footnotes":""},"categories":[],"tags":[],"class_list":["post-7758","post","type-post","status-publish","format-standard","hentry"],"views":17,"_links":{"self":[{"href":"https:\/\/mersingazetesi.com\/index.php\/wp-json\/wp\/v2\/posts\/7758","targetHints":{"allow":["GET"]}}],"collection":[{"href":"https:\/\/mersingazetesi.com\/index.php\/wp-json\/wp\/v2\/posts"}],"about":[{"href":"https:\/\/mersingazetesi.com\/index.php\/wp-json\/wp\/v2\/types\/post"}],"author":[{"embeddable":true,"href":"https:\/\/mersingazetesi.com\/index.php\/wp-json\/wp\/v2\/users\/2"}],"replies":[{"embeddable":true,"href":"https:\/\/mersingazetesi.com\/index.php\/wp-json\/wp\/v2\/comments?post=7758"}],"version-history":[{"count":0,"href":"https:\/\/mersingazetesi.com\/index.php\/wp-json\/wp\/v2\/posts\/7758\/revisions"}],"wp:attachment":[{"href":"https:\/\/mersingazetesi.com\/index.php\/wp-json\/wp\/v2\/media?parent=7758"}],"wp:term":[{"taxonomy":"category","embeddable":true,"href":"https:\/\/mersingazetesi.com\/index.php\/wp-json\/wp\/v2\/categories?post=7758"},{"taxonomy":"post_tag","embeddable":true,"href":"https:\/\/mersingazetesi.com\/index.php\/wp-json\/wp\/v2\/tags?post=7758"}],"curies":[{"name":"wp","href":"https:\/\/api.w.org\/{rel}","templated":true}]}}