{"id":76670,"date":"2024-07-01T16:29:31","date_gmt":"2024-07-01T13:29:31","guid":{"rendered":"https:\/\/mersingazetesi.com\/?p=76670"},"modified":"2024-07-01T16:30:32","modified_gmt":"2024-07-01T13:30:32","slug":"anamuryum-antik-kenti-de-mi-betonlasacak","status":"publish","type":"post","link":"https:\/\/mersingazetesi.com\/index.php\/2024\/07\/01\/anamuryum-antik-kenti-de-mi-betonlasacak\/","title":{"rendered":"&#8216;ANAMURYUM ANT\u0130K KENT\u0130 DE M\u0130 BETONLA\u015eACAK?&#8217;"},"content":{"rendered":"<p>Anemurium Antik Kenti&#8217;nde yak\u0131n\u0131ndaki deniz k\u0131y\u0131s\u0131nda Tuba \u0130n\u015faat Tic. ve San. Ltd. \u015eirketi taraf\u0131ndan ne ama\u00e7la yap\u0131ld\u0131\u011f\u0131 bilinmeyen betonarme bir in\u015faata ba\u015fland\u0131 ve in\u015fa edilen yap\u0131ya kat \u00e7\u0131k\u0131ld\u0131!  Anamur \u00c7evre Platformu bu yap\u0131la\u015fman\u0131n ard\u0131ndan a\u00e7\u0131klamalarda bulundu.<\/p>\n<p>&#8220;BU YAPI NE AMA\u00c7LA YAPILDI?&#8221;<\/p>\n<p>Anemurium Antik Kenti&#8217;nde Mehmet Tekocak ba\u015fkanl\u0131\u011f\u0131ndaki kaz\u0131 heyeti taraf\u0131ndan uzun zamand\u0131r s\u00fcrd\u00fcr\u00fclen restorasyon kapsam\u0131ndaki 1. Etap \u00e7evre d\u00fczenlemesi i\u015finin, 1998-2002 y\u0131llar\u0131 aras\u0131nda Anamur Mamure Kalesi tahkimat, onar\u0131m ve \u00e7evre d\u00fczenlemesi i\u015fini de y\u00fcr\u00fcten Tuba \u0130n\u015faat Tic. ve San. Ltd. \u015eirketi taraf\u0131ndan yap\u0131m\u0131na ba\u015fland\u0131\u011f\u0131n\u0131 hen\u00fcz \u00f6\u011frenmi\u015f bulunduklar\u0131n\u0131 s\u00f6yleyen Anamur \u00c7evre Platformu, &#8220;Anamur \u00c7evre Platformu adl\u0131 sayfaya duyarl\u0131 bir vatanda\u015f taraf\u0131ndan g\u00f6nderilen uzaktan \u00e7ekilmi\u015f foto\u011fraflar\u0131 g\u00f6rene kadar k\u00f6t\u00fcye yormad\u0131\u011f\u0131m\u0131z antik kentin ziyarete kapat\u0131lmas\u0131 karar\u0131n\u0131n gerek\u00e7esinin, \u00f6nemli k\u00fclt\u00fcrel varl\u0131klar\u0131n bulundu\u011fu antik kentin bir t\u00fcr rantsal faaliyete a\u00e7\u0131lmak ad\u0131na betonla\u015ft\u0131rmak oldu\u011funu d\u00fc\u015f\u00fcnmekteyiz.  Foto\u011fraflardan da anla\u015f\u0131laca\u011f\u0131 \u00fczere, yakla\u015f\u0131k 2000 y\u0131ld\u0131r ayakta kalan Anemurium Antik Kenti\u2019ndeki klisenin yak\u0131n\u0131ndaki deniz k\u0131y\u0131s\u0131nda, ne ama\u00e7la yap\u0131ld\u0131\u011f\u0131n\u0131 bilmedi\u011fimiz betonarme bir in\u015faata ba\u015flanm\u0131\u015f ve hatta in\u015fa edilen yap\u0131ya kat \u00e7\u0131k\u0131lm\u0131\u015ft\u0131r.&#8221; denildi.<\/p>\n<p>&#8220;BETON D\u00d6K\u00dcLMES\u0130NE K\u0130M \u0130Z\u0130N VERD\u0130?&#8221;<\/p>\n<p>Anamur \u00c7evre Platformu a\u00e7\u0131klamaya \u015fu \u015fekilde devam etti;<br \/>\n&#8220;Ayr\u0131ca, antik kentin denize bakan g\u00fcney yamac\u0131ndaki nekropol alan\u0131n\u0131n alt k\u0131sm\u0131ndaki yolun kenar\u0131ndaki bir alan da, \u00fcst\u00fcne yap\u0131lmak istenen in\u015faat haz\u0131rl\u0131\u011f\u0131 kapsam\u0131nda i\u015f makinalar\u0131yla d\u00fczlenmi\u015ftir. Foto\u011fraflardan birindeki tabelada belirtilen bilgilere g\u00f6re; antik kentte \u00e7evre d\u00fczenlemesi ad\u0131yla yap\u0131lan in\u015faatlar\u0131n, Mersin Valili\u011fi Yat\u0131r\u0131m \u0130zleme ve Koordinasyon Ba\u015fkanl\u0131\u011f\u0131 Do\u011fal Kaynaklar Ruhsat ve K\u00fclt\u00fcr Varl\u0131klar\u0131 M\u00fcd\u00fcrl\u00fc\u011f\u00fc\u2019n\u00fcn karar\u0131yla y\u00fcr\u00fct\u00fcld\u00fc\u011f\u00fc; kontrol yetkisinin ise Adana R\u00f6l\u00f6ve ve An\u0131tlar M\u00fcd\u00fcrl\u00fc\u011f\u00fc\u2019nde oldu\u011fu anla\u015f\u0131lmaktad\u0131r. Binlerce y\u0131ll\u0131k tarihi ve k\u00fclt\u00fcrel bir miras\u0131n \u00fczerine beton d\u00f6k\u00fclmesine, \u00e7ok katl\u0131 bina yap\u0131lmas\u0131na kimlerin nas\u0131l izin verdi\u011fi konusu, bizler dahil, herkes taraf\u0131ndan merak edilmektedir.&#8221;<\/p>\n<p>&#8220;B\u0130R AN \u00d6NCE A\u00c7IKLAMA BEKL\u0130YORUZ&#8221;<\/p>\n<p>&#8220;Buradan yetkililere sesleniyoruz; \u0130zin verdi\u011finiz bu k\u00f6t\u00fc i\u015fin neden ve hangi kararla yap\u0131ld\u0131\u011f\u0131n\u0131 acilen kamuoyunun bilgisine sunmal\u0131s\u0131n\u0131z. \u00dczerinde t\u00fcm \u00fclke, hatta d\u00fcnya vatanda\u015flar\u0131n\u0131n da hakk\u0131 olan k\u00fclt\u00fcrel ve tarihi miras\u0131n \u00fcst\u00fcne, hangi yasadan ald\u0131\u011f\u0131n\u0131z yetkiyle ve hangi hakl\u0131 gerek\u00e7eyle beton d\u00f6kt\u00fc\u011f\u00fcn\u00fcz\u00fc, yap\u0131lan in\u015faatlar\u0131n ne ama\u00e7la kullan\u0131laca\u011f\u0131n\u0131 kamuoyuna a\u00e7\u0131klaman\u0131z\u0131 bekliyor ve bir an \u00f6nce in\u015faatlar\u0131n durdurulmas\u0131n\u0131 istiyoruz.\u201d<\/p>\n","protected":false},"excerpt":{"rendered":"<p>&#8220;1. derecede sit alan\u0131 olarak tescilli Anamuryum Antik Kenti\u2019ndeki restorasyon \u00e7al\u0131\u015fmalar\u0131n\u0131n halka kapat\u0131lmas\u0131n\u0131n nedeni, arkeolojik kal\u0131nt\u0131lar\u0131n \u00fcst\u00fcne i\u015f makinalar\u0131yla beton d\u00f6k\u00fcp, s\u00f6zde turizm ama\u00e7l\u0131 yap\u0131lar kondurmakm\u0131\u015f!&#8221;<\/p>\n","protected":false},"author":2,"featured_media":76672,"comment_status":"open","ping_status":"open","sticky":false,"template":"","format":"standard","meta":{"footnotes":""},"categories":[1,8],"tags":[],"class_list":["post-76670","post","type-post","status-publish","format-standard","has-post-thumbnail","hentry","category-gundem","category-mersin"],"views":112,"_links":{"self":[{"href":"https:\/\/mersingazetesi.com\/index.php\/wp-json\/wp\/v2\/posts\/76670","targetHints":{"allow":["GET"]}}],"collection":[{"href":"https:\/\/mersingazetesi.com\/index.php\/wp-json\/wp\/v2\/posts"}],"about":[{"href":"https:\/\/mersingazetesi.com\/index.php\/wp-json\/wp\/v2\/types\/post"}],"author":[{"embeddable":true,"href":"https:\/\/mersingazetesi.com\/index.php\/wp-json\/wp\/v2\/users\/2"}],"replies":[{"embeddable":true,"href":"https:\/\/mersingazetesi.com\/index.php\/wp-json\/wp\/v2\/comments?post=76670"}],"version-history":[{"count":0,"href":"https:\/\/mersingazetesi.com\/index.php\/wp-json\/wp\/v2\/posts\/76670\/revisions"}],"wp:featuredmedia":[{"embeddable":true,"href":"https:\/\/mersingazetesi.com\/index.php\/wp-json\/wp\/v2\/media\/76672"}],"wp:attachment":[{"href":"https:\/\/mersingazetesi.com\/index.php\/wp-json\/wp\/v2\/media?parent=76670"}],"wp:term":[{"taxonomy":"category","embeddable":true,"href":"https:\/\/mersingazetesi.com\/index.php\/wp-json\/wp\/v2\/categories?post=76670"},{"taxonomy":"post_tag","embeddable":true,"href":"https:\/\/mersingazetesi.com\/index.php\/wp-json\/wp\/v2\/tags?post=76670"}],"curies":[{"name":"wp","href":"https:\/\/api.w.org\/{rel}","templated":true}]}}