{"id":73763,"date":"2024-06-10T15:44:12","date_gmt":"2024-06-10T12:44:12","guid":{"rendered":"https:\/\/mersingazetesi.com\/?p=73763"},"modified":"2024-06-11T21:48:12","modified_gmt":"2024-06-11T18:48:12","slug":"penceremden-kibris-baris-harekatinin-50-yili-ve-tesekkurler-mersin","status":"publish","type":"post","link":"https:\/\/mersingazetesi.com\/index.php\/2024\/06\/10\/penceremden-kibris-baris-harekatinin-50-yili-ve-tesekkurler-mersin\/","title":{"rendered":"KIBRIS BARI\u015e HAREKATI\u2019NIN 50. YILI &#8230;VE TE\u015eEKK\u00dcRLER MERS\u0130N"},"content":{"rendered":"<p>5 Haziran 2024 \u00c7ar\u015famba g\u00fcn\u00fc Yeni\u015fehir Atat\u00fcrk K\u00fclt\u00fcr Merkezinde T.C Yeni\u015fehir Belediyesi ile; -Mersin Deniz Ticaret Odas\u0131 -MDTO-, Atat\u00fcrk\u00e7\u00fc D\u00fc\u015f\u00fcnce Derne\u011fi -ADD- Mersin \u015eubesi, -T\u00fcrkiye Muharip Gaziler Derne\u011fi Mersin \u015eubesi, -T\u00fcrkiye Emekli Astsubaylar Derne\u011fi, Mersin \u015eubesi, -T\u00fcrkiye Harp Mal\u00fcl\u00fc -\u015eehit Dul ve Yetimleri Derne\u011fi Mersin \u015eubesi, -K\u0131br\u0131s T\u00fcrk K\u00fclt\u00fcr Derne\u011fi, Mersin \u015eubesi, kurulu\u015flar\u0131n\u0131n birlikte d\u00fczenledi\u011fi \u201c50.YILINDA KIBRIS BARI\u015e HAREKATI KONFERANSI\u201d ger\u00e7ekle\u015ftirildi.<\/p>\n<p>Konferansa Mersin B\u00fcy\u00fck\u015fehir, Yeni\u015fehir ve Mezitli Ba\u015fkanvekilleri ile KKTC Mersin Ba\u015fkonsolosu Zalihe Mendelli, konsolos yard\u0131mc\u0131s\u0131 Serdar Tayan\u00e7 ve payda\u015f kurumlar\u0131n ba\u015fkan ve temsilcileri kat\u0131ld\u0131.<br \/>\nSayg\u0131 duru\u015fu ve \u0130stiklal Mar\u015f\u0131 ile ba\u015flayan Konferans\u0131, yanl\u0131\u015fl\u0131kla T\u00fcrk u\u00e7aklar\u0131 taraf\u0131ndan bombalanan Kocatepe gemisinin 280 ki\u015filik personelinden sa\u011f kurtulan 226 ki\u015fiden biri olan Gazi E. Kurmay Yarbay \u00d6zhan Bakkalba\u015f\u0131o\u011flu sundu. Konferans\u0131n ba\u015f\u0131nda d\u00f6nemin ba\u015fbakan\u0131 B\u00fclent Ecevit\u2019in bas\u0131n a\u00e7\u0131klamas\u0131n\u0131n video g\u00f6r\u00fcnt\u00fclerinin g\u00f6sterilmesi o g\u00fcnlerin duygu halini tekrar ya\u015fatt\u0131.<\/p>\n<p>Bu sat\u0131rlar\u0131n yazar\u0131 ve ADD Mersin \u015eubesi Y\u00f6netim Kurulu Ba\u015fkan\u0131 olarak, konferans\u0131n a\u00e7\u0131l\u0131\u015f konu\u015fmas\u0131nda;<br \/>\nJeopolitik a\u00e7\u0131dan KKTC ve Mersin limanlar\u0131n\u0131n, Do\u011fu Akdeniz\u2019de MAV\u0130 VATAN\u2019daki bug\u00fcnk\u00fc \u00e7\u0131karlar\u0131m\u0131z\u0131n korunmas\u0131 a\u00e7\u0131s\u0131ndan \u00f6nemine de\u011findim. 50 y\u0131l \u00f6nce K\u0131br\u0131sl\u0131 Soyda\u015flar\u0131m\u0131z\u0131 korumak i\u00e7in yap\u0131lan harekat\u0131n, bug\u00fcn art\u0131k T\u00fcrkiye\u2019nin g\u00fcvenli\u011fini ve \u00e7\u0131karlar\u0131n\u0131 korudu\u011funu ifade ettim.<br \/>\nK\u0131br\u0131s adas\u0131n\u0131n, bug\u00fcn Akdeniz\u2019de b\u00fcy\u00fck bir u\u00e7ak gemisi oldu\u011funu vurgulad\u0131m.<br \/>\nBu y\u0131l 20 Temmuz\u2019da yap\u0131lacak resmi t\u00f6ren ve etkinlikler nedeniyle bu konferans\u0131n, erken planland\u0131\u011f\u0131na de\u011finerek ba\u015fta konferans\u0131 veren, Konferansa kat\u0131lan Kuzey K\u0131br\u0131s T\u00fcrk Cumhuriyeti(KKTC) Mersin Ba\u015fkonsolosu Zalihe Mendelli a\u00e7\u0131l\u0131\u015fta etkili bir konu\u015fma yapt\u0131.<\/p>\n<p>Gazze halk\u0131n\u0131n ya\u015fad\u0131\u011f\u0131 katliam\u0131 bug\u00fcn en iyi anlayanlar\u0131n KKTC\u2019li soyda\u015flar\u0131m\u0131z\u0131n oldu\u011funu ifade etmesi \u00e7ok dikkat \u00e7ekici idi. K\u0131br\u0131s T\u00fcrk halk\u0131n\u0131n 1960, 1964( 364 K\u0131br\u0131s T\u00fcrk\u00fc \u015fehit oldu) ve 1974 deki son Nikos Sampson taraf\u0131ndan yap\u0131lan fa\u015fist darbe ile katliam giri\u015fimlerine de\u011finen Mendelli, 20 Temmuz ve 14 A\u011fustos 1974 tarihlerinde yap\u0131lan harekatlar ile adan\u0131n Bar\u0131\u015f Adas\u0131 haline geldi\u011fini, bug\u00fcn K\u0131br\u0131sl\u0131 Rumlar ile T\u00fcrklerin iki devletli yap\u0131da bar\u0131\u015f i\u00e7inde ya\u015fand\u0131\u011f\u0131n\u0131 ifade etti.<\/p>\n<p>Mendelli, K\u0131br\u0131sl\u0131 T\u00fcrklerin iki b\u00fcy\u00fck \u00f6nderi Rauf Denkta\u015f ve Dr. Faz\u0131l K\u00fc\u00e7\u00fck\u2019\u00fc ve m\u00fccahitlerin m\u00fccadelelerini de anarak konu\u015fmas\u0131n\u0131 tamamlad\u0131.<br \/>\nA\u00e7\u0131l\u0131\u015f konu\u015fmalar\u0131 sonras\u0131nda, ADD Mersin \u015eubesi\u2019nin \u00f6nceki d\u00f6nem koro \u015feflerinden S\u00fcheyla Ball\u0131ca taraf\u0131ndan s\u00f6ylenen \u2018Magosa Liman\u0131\u2019 t\u00fcrk\u00fcs\u00fc ile \u00e7ok duygulu anlar ya\u015fand\u0131. Daha sonra Gazi E. Yarbay \u00d6zhan Bakkalba\u015f\u0131o\u011flu taraf\u0131ndan askeri harekat ve Kocatepe gemisinin yanl\u0131\u015fl\u0131kla bombalanmas\u0131 ayr\u0131nt\u0131lar\u0131 ile anlat\u0131ld\u0131.<\/p>\n<p>19 Temmuz 1974 sabah saat 08:30\u2019da Mersin\u2019den hareket eden muhrip ve sava\u015f gemilerimizi , 20 Temmuz 1974 sabah\u0131 08:30\u2019da Girne\u2019nin Penta Miles (Be\u015f Mil) plaj\u0131na bask\u0131n yaparak kapak att\u0131\u011f\u0131n\u0131, 10:30\u2019a kadar k\u0131y\u0131ba\u015f\u0131 tutuldu\u011funu ifade eden Bakkalba\u015f\u0131o\u011flu, TSK\u2019n\u0131n sava\u015f tarihinde ilk defa yapt\u0131\u011f\u0131 bu amfibi \u00e7\u0131karma harekat\u0131nda ba\u015fka bir \u00e7ok ilkleri ba\u015fard\u0131\u011f\u0131n\u0131 da vurgulad\u0131. Daha sonra ba\u015flat\u0131lan, Cenevre g\u00f6r\u00fc\u015fmelerinde sonu\u00e7 al\u0131namay\u0131nca, D\u0131\u015fi\u015fleri bakan\u0131 rahmetli Turan G\u00fcne\u015f\u2019in kat\u0131ld\u0131\u011f\u0131 Cenevre g\u00f6r\u00fc\u015fmelerinde K\u0131br\u0131s Rum ve Yunan taraf\u0131n\u0131n uzla\u015fmaz tutumunu g\u00f6rd\u00fc. K\u0131y\u0131ba\u015f\u0131\u2019daki askerlerimizin dar alanda s\u0131k\u0131\u015fmas\u0131 ile o d\u00f6nemin D\u0131\u015fi\u015fleri Bakan\u0131 Turan G\u00fcne\u015f\u2019in \u2018Ay\u015fe tatile \u00e7\u0131ks\u0131n\u2019 parolas\u0131 ile \u201814 A\u011fustos 1974 de ikinci harekat\u2019\u0131n K\u0131br\u0131s\u2019\u0131n derinli\u011fine 70 helikopter ile ba\u015flad\u0131\u011f\u0131n\u0131 ve bug\u00fcnk\u00fc s\u0131n\u0131rlar\u0131n \u00e7izildi\u011fini anlatt\u0131. Bakkalba\u015f\u0131o\u011flu, K\u0131br\u0131s sava\u015f\u0131n\u0131n asl\u0131nda \u2018\u00f6rt\u00fcl\u00fc bir T\u00fcrk -Yunan sava\u015f\u0131\u2019 oldu\u011funu ifade etti. Harekatta, toplam 458 \u015fehit verdi\u011fimizi bunun asl\u0131nda \u00e7ok b\u00fcy\u00fck bir ba\u015far\u0131 oldu\u011funu vurgulayan Bakkalba\u015f\u0131o\u011flu, D\u00fcnya\u2019da b\u00f6yle bir anfibi \u00e7\u0131karmada y\u00fczde 60 zayiat\u0131n normal kabul edildi\u011fini belirtti.<\/p>\n<p>Harekat s\u0131ras\u0131nda T\u00fcrk sava\u015f u\u00e7aklar\u0131 taraf\u0131ndan yanl\u0131\u015fl\u0131kla bombalanan ve sonras\u0131nda infilak eden Kocatepe Muhribi\u2019nin 280 personelden 54\u2019n\u00fcn \u015fehit oldu\u011funu belirten Bakkalba\u015f\u0131o\u011flu , bu olay\u0131 ayr\u0131nt\u0131lar\u0131yla anlat\u0131l\u0131rken ak\u0131l tutulmas\u0131 olarak yorumlad\u0131. Ancak bu olay\u0131n t\u00fcm harekat\u0131n ba\u015far\u0131s\u0131n\u0131 g\u00f6lgeleyemiyece\u011fine \u00f6zellikle vurgu yapt\u0131. Bakkalba\u015f\u0131o\u011flu\u2019nun Konferans s\u00fcresince duygulu oldu\u011fu g\u00f6zlerden ka\u00e7mad\u0131.<\/p>\n<p>HAREKATIN MERKEZ\u0130 MERS\u0130N<\/p>\n<p>K\u0131br\u0131sl\u0131 Rumlar\u2019\u0131n adan\u0131n Yunanistan\u2019a ilhak\u0131 i\u00e7in 1960 y\u0131l\u0131ndan itibaren ya\u015fatt\u0131klar\u0131, \u00f6zellikle 1964 y\u0131l\u0131ndaki kanl\u0131 Noel katliam\u0131 ve sonras\u0131nda ya\u015fananlar (K\u0131br\u0131s\u2019ta benimde g\u00f6rme f\u0131rsat\u0131 buldu\u011fum soyk\u0131r\u0131m m\u00fczesinde T\u00fcrk Subay\u0131n\u0131n ailesine, \u2018banyon k\u00fcveti i\u00e7inde katledilen \u00e7ocuklar ile uygulanan vah\u015fet sergilenmektedir)<\/p>\n<p>\u00fczerine T\u00fcrkiye\u2019nin sava\u015f jetleri K\u0131br\u0131s \u00fczerinde u\u00e7u\u015flar yaparak g\u00f6zda\u011f\u0131 verdi. Ancak olas\u0131 \u00e7\u0131kartma harekat\u0131n\u0131n haz\u0131rl\u0131klar\u0131na da ba\u015flad\u0131. T\u00fcrkiye\u2019nin ABD\u2019den \u00e7\u0131karma gemisi taleplerine olumlu yan\u0131t verilmeyince, T\u00fcrkiye, M\u0130LLET YAPAR kampanyas\u0131 ile \u00e7\u0131karma gemilerini yapmaya ba\u015flad\u0131. Verilmeyen Gemi motorlar\u0131 , kullan\u0131lmayan tanklardan al\u0131nd\u0131. \u00c7\u0131karma gemileri Mersin\u2019de konumland\u0131. Mersin\u2019den \u00e7\u0131karma haz\u0131rl\u0131klar\u0131 ve planlar\u0131 yap\u0131ld\u0131. 15 Temmuz 1974&#8217;te K\u0131br\u0131s\u2019da Nikos Sampson, Yunanistan&#8217;daki Cunta H\u00fck\u00fbmeti&#8217;nin adadaki Yunanl\u0131 Subaylar \u00fczerinden verdi\u011fi destek ile K\u0131br\u0131s Cumhurba\u015fkan\u0131 Makarios&#8217;a kar\u015f\u0131 Rum Mill\u00ee Muhaf\u0131z G\u00fc\u00e7leri ile darbe yaparak Ulusal Kurtulu\u015f H\u00fck\u00fbmeti kurduklar\u0131n\u0131 ve K\u0131br\u0131s&#8217;ta bir oldu bitti Yunan Cumhuriyeti ilan edildi\u011fini a\u00e7\u0131klad\u0131. Bu geli\u015fmeler \u00fczerine Ba\u015fbakan Ecevit\u2019in ortak m\u00fcdahale i\u00e7in diplomatik \u00e7abalar\u0131n sonu\u00e7suz kal\u0131nca, T\u00fcrkiye garant\u00f6rl\u00fck haklar\u0131n\u0131 kullanarak 20 Temmuz 1974 tarihinde, ilk K\u0131br\u0131s Harek\u00e2t\u0131\u2018n\u0131 ba\u015far\u0131yla ger\u00e7ekle\u015ftirmesi \u00fczerine Yunan Cuntas\u0131n\u0131n bu oyunu T\u00fcrkiye lehine bo\u015fa \u00e7\u0131kar\u0131larak bozuldu ve daha sonra istifa etmek zorunda kald\u0131lar.<\/p>\n<p>\u00c7IKARTMA NASIL PLANLANDI?<\/p>\n<p>15 Temmuz 1974 darbesi \u00f6ncesi T\u00fcrkiye \u00e7\u0131karmay\u0131 \u00f6nce Magosa plajlar\u0131na bask\u0131n yapmay\u0131 planl\u0131yordu. Ancak daha sonra Girne sahillerine kapak at\u0131larak Be\u015f Mil ( Penta Miles) Plaj\u0131na bask\u0131n yap\u0131larak \u2018k\u0131y\u0131ba\u015f\u0131\u2019 tutulmas\u0131 planland\u0131. Ayn\u0131 zamanda bir aldatma yap\u0131larak 5 Sivil gemi veya \u015eilepten olu\u015fan SAHTE KONVOY taktik olarak Magosa sahillerine do\u011fru yola \u00e7\u0131kar\u0131lm\u0131\u015ft\u0131r. Bakkalba\u015f\u0131o\u011flu daha sonra Yunan Askeri kay\u0131tlar\u0131ndan bu aldatman\u0131n ba\u015far\u0131l\u0131 oldu\u011funu \u00f6\u011frendiklerini belirtmi\u015ftir. Bakkalba\u015f\u0131o\u011flu, sonu\u00e7ta harekat\u0131n kazan\u00e7 ve kay\u0131p oranlar\u0131yla, T\u00fcrk sava\u015f tarihinde \u00e7ok ba\u015far\u0131l\u0131 bir anfibi bask\u0131n harekat olarak tarihe ge\u00e7ti\u011fini, ifade etti.<\/p>\n<p>MERS\u0130NL\u0130LER HAREKATA CO\u015eKUYLA DESTEK VERD\u0130<\/p>\n<p>Harekat s\u0131ras\u0131nda Mersinliler TSK\u2019ya b\u00fcy\u00fck ve i\u00e7ten destek verdi\u011fine de\u011finen Bakkalba\u015f\u0131o\u011flu, Mersin\u2019in o g\u00fcnlerde en b\u00fcy\u00fck \u2018dondurma ve cezerye tatl\u0131\u2019 \u00fcreticisi Dondurmac\u0131 Halil\u2019in b\u00fct\u00fcn so\u011futma dolap ve depolar\u0131ndan -dondurma ve tatl\u0131lar\u0131n\u0131 bo\u015faltarak-TSK\u2019ya tahsis etti\u011fini anlatt\u0131.<br \/>\n\u0130smini vermeyen bir vatanda\u015f\u0131n b\u00fcy\u00fck bir koyun s\u00fcr\u00fcs\u00fcn\u00fc TSK\u2019ya ba\u011f\u0131\u015flad\u0131\u011f\u0131n\u0131, karartma \u00f6nlemlerine titizlikle uydu\u011funu vurgulayan Bakkalba\u015f\u0131o\u011flu, ORDU-M\u0130LLET dayan\u0131\u015fmas\u0131n\u0131n en g\u00fczel \u00f6rne\u011fi oldu\u011funu belirterek duygu dolu s\u00f6zlerle konu\u015fmas\u0131n\u0131 bitirerek Mersinlilere te\u015fekk\u00fcr etti.<br \/>\nKonferans sonunda KKTC Mersin Ba\u015fkonsolosu Zalihe Mendeli Bakkalba\u015f\u0131o\u011flu te\u015fekk\u00fcr konu\u015fmas\u0131 yaparak, payda\u015f kurumlar ad\u0131na bir te\u015fekk\u00fcr plaketi verdi.<\/p>\n<p>Daha sonra. t\u00fcm kat\u0131lanlar hep birlikte hat\u0131ra foto\u011fraf\u0131 \u00e7ekilerek konferans toplant\u0131 tamamland\u0131.<\/p>\n<p>TE\u015eEKK\u00dcRLER MERS\u0130N\u2026<\/p>\n<p>Siyasi ve askeri tarihimizin, askeri ve diplomatik y\u00f6nden ilk ba\u015far\u0131l\u0131 bask\u0131n amfibi \u00e7\u0131karma harekat\u0131n\u0131n ger\u00e7ekle\u015fmesinde, \u00f6nemli katk\u0131lar\u0131 olan d\u00f6nemin Cumhurba\u015fkan\u0131 Fahri Korut\u00fcrk , Ba\u015fbakan B\u00fclent Ecevit ile Ba\u015fbakan Yard\u0131mc\u0131s\u0131 Necmettin Erbakan ile burada tek tek isimlerini sayamad\u0131\u011f\u0131m\u0131z d\u00f6nemin askeri komutan ve yetkililerini , \u015fehit ve gazilerimizi sayg\u0131 ve minnetle an\u0131yoruz.<\/p>\n<p>\u00d6te yandan, K\u0131br\u0131s Harekat\u0131n 50. y\u0131l\u0131 nedeniyle, yap\u0131lan konferans\u0131n d\u00fczenlenmesinde en b\u00fcy\u00fck destek ve katk\u0131y\u0131 veren ba\u015fta T.C. Yeni\u015fehir Belediye Ba\u015fkanl\u0131\u011f\u0131 ve Mersin Deniz Ticaret Odas\u0131 olmak \u00fczere t\u00fcm payda\u015f kurumlara, \u00f6zellikle ve ayr\u0131ca, konferansa kat\u0131lan ba\u015fta KKTC Mersin Ba\u015fkonsoloslu\u011fu ile B.\u015eehir, Yeni\u015fehir ve Mezitli Belediye Ba\u015fkan vekillerine Mersinli yurtta\u015flar olarak te\u015fekk\u00fcr ediyoruz.<\/p>\n","protected":false},"excerpt":{"rendered":"<p>5 Haziran 2024 \u00c7ar\u015famba g\u00fcn\u00fc Yeni\u015fehir Atat\u00fcrk K\u00fclt\u00fcr Merkezinde T.C Yeni\u015fehir Belediyesi ile; -Mersin Deniz Ticaret Odas\u0131 -MDTO-, Atat\u00fcrk\u00e7\u00fc D\u00fc\u015f\u00fcnce Derne\u011fi -ADD- Mersin \u015eubesi, -T\u00fcrkiye Muharip Gaziler Derne\u011fi Mersin \u015eubesi, -T\u00fcrkiye Emekli Astsubaylar Derne\u011fi, Mersin \u015eubesi, -T\u00fcrkiye Harp Mal\u00fcl\u00fc -\u015eehit Dul ve Yetimleri Derne\u011fi Mersin \u015eubesi, -K\u0131br\u0131s T\u00fcrk K\u00fclt\u00fcr Derne\u011fi, Mersin \u015eubesi, kurulu\u015flar\u0131n\u0131n birlikte d\u00fczenledi\u011fi [&hellip;]<\/p>\n","protected":false},"author":13,"featured_media":73118,"comment_status":"open","ping_status":"open","sticky":false,"template":"","format":"standard","meta":{"footnotes":""},"categories":[116,28],"tags":[],"class_list":["post-73763","post","type-post","status-publish","format-standard","has-post-thumbnail","hentry","category-kose-yazilari","category-serdar-erkan"],"views":818,"_links":{"self":[{"href":"https:\/\/mersingazetesi.com\/index.php\/wp-json\/wp\/v2\/posts\/73763","targetHints":{"allow":["GET"]}}],"collection":[{"href":"https:\/\/mersingazetesi.com\/index.php\/wp-json\/wp\/v2\/posts"}],"about":[{"href":"https:\/\/mersingazetesi.com\/index.php\/wp-json\/wp\/v2\/types\/post"}],"author":[{"embeddable":true,"href":"https:\/\/mersingazetesi.com\/index.php\/wp-json\/wp\/v2\/users\/13"}],"replies":[{"embeddable":true,"href":"https:\/\/mersingazetesi.com\/index.php\/wp-json\/wp\/v2\/comments?post=73763"}],"version-history":[{"count":0,"href":"https:\/\/mersingazetesi.com\/index.php\/wp-json\/wp\/v2\/posts\/73763\/revisions"}],"wp:featuredmedia":[{"embeddable":true,"href":"https:\/\/mersingazetesi.com\/index.php\/wp-json\/wp\/v2\/media\/73118"}],"wp:attachment":[{"href":"https:\/\/mersingazetesi.com\/index.php\/wp-json\/wp\/v2\/media?parent=73763"}],"wp:term":[{"taxonomy":"category","embeddable":true,"href":"https:\/\/mersingazetesi.com\/index.php\/wp-json\/wp\/v2\/categories?post=73763"},{"taxonomy":"post_tag","embeddable":true,"href":"https:\/\/mersingazetesi.com\/index.php\/wp-json\/wp\/v2\/tags?post=73763"}],"curies":[{"name":"wp","href":"https:\/\/api.w.org\/{rel}","templated":true}]}}