{"id":73179,"date":"2024-05-31T16:15:38","date_gmt":"2024-05-31T13:15:38","guid":{"rendered":"https:\/\/mersingazetesi.com\/?p=73179"},"modified":"2024-06-11T21:47:44","modified_gmt":"2024-06-11T18:47:44","slug":"sohbet-kosesi-addnin-kurulusunun-35-yildonumu-kutlu-olsun","status":"publish","type":"post","link":"https:\/\/mersingazetesi.com\/index.php\/2024\/05\/31\/sohbet-kosesi-addnin-kurulusunun-35-yildonumu-kutlu-olsun\/","title":{"rendered":"PENCEREMDEN: ADD\u2019N\u0130N KURULU\u015eUNUN 35. YILD\u00d6N\u00dcM\u00dc KUTLU OLSUN..!"},"content":{"rendered":"<p>Atat\u00fcrk\u00e7\u00fc D\u00fc\u015f\u00fcnce Derne\u011fi-ADD- 12 Eyl\u00fcl 1980 NATO Darbesi sonras\u0131nda \u00f6nce din derslerinin anayasa maddesi olarak zorunlu hale getirilip, FET\u00d6 n\u00fcn \u00f6n\u00fcn\u00fcn a\u00e7\u0131lmas\u0131 s\u00fcrecinde Rahmetli Prof. Dr. Muammer Aksoy ve arkada\u015flar\u0131 taraf\u0131ndan, T\u00fcrban istismar\u0131 konusunda siyaset\u00e7ilerin duyars\u0131zl\u0131\u011f\u0131 ve \u00f6ng\u00f6r\u00fcs\u00fczl\u00fc\u011f\u00fcn\u00fc farkederek, bug\u00fcnleri g\u00f6rerek 19 May\u0131s 1989 y\u0131l\u0131nda kurulmu\u015ftur. Kurucular\u0131 aras\u0131nda Prof. Dr. Muammer Aksoy, Do\u00e7. Dr. Bahriye \u00dc\u00e7ok, Prof. Dr. Ahmet Taner K\u0131\u015flal\u0131, 1990\u2019lar\u0131n karanl\u0131\u011f\u0131nda emperyalizmin u\u015fa\u011f\u0131 FET\u00d6\u2019c\u00fc katiller taraf\u0131ndan katledilmi\u015ftir. Katilleri hala bulunamam\u0131\u015ft\u0131r. <\/p>\n<p>Bu nedenle ADD, Atat\u00fcrk Cumhuriyeti i\u00e7in \u00e7ok b\u00fcy\u00fck bedeller  \u00f6demi\u015f dernektir. D\u00fcnyada Atat\u00fcrk\u2019\u00fcn ad\u0131n\u0131 ta\u015f\u0131yan tek dernektir.<\/p>\n<p>ADD, 1. Meclis\u2019de katip olarak \u00e7al\u0131\u015fm\u0131\u015f olan Prof. Dr. H\u0131fz\u0131 Veldet Velidedeo\u011flu  Karikat\u00fcrist Bedri Koraman, Prof. Dr. An\u0131l \u00c7e\u00e7en gibi \u00e7ok de\u011fi\u015fik meslek gruplar\u0131ndan elli se\u00e7kin Cumhuriyet Ayd\u0131n\u0131 taraf\u0131ndan kurulmu\u015ftur.<\/p>\n<p>PROF. DR. MUSTAFA ALTINTA\u015e\u2019IN TANIKLI\u011eI VE 35. YILD\u00d6N\u00dcM\u00dc YAZISI<\/p>\n<p>Kurucular\u0131ndan rahmetli Prof. Dr. Muammer Aksoy\u2019un en yak\u0131n arkada\u015f\u0131 ve katledildi\u011fi 31 Ocak 1990 tarihinde onu en son g\u00f6ren ve g\u00f6r\u00fc\u015fen ve ADD Kurucu \u00fcyesi ve Ba\u015fkan Vekili Prof. Mustafa Alt\u0131nta\u015f\u2019\u0131n 35. Y\u0131ld\u00f6n\u00fcm\u00fc \u00fczerine yay\u0131nlad\u0131\u011f\u0131 yaz\u0131y\u0131 burada payla\u015f\u0131yorum.  <\/p>\n<p>\u201cAyd\u0131nl\u0131k g\u00fcnler diliyorum. Bug\u00fcn iki 19 May\u0131s\u2019\u0131 kutluyoruz. Bunlardan ilki, tam ba\u011f\u0131ms\u0131z, uygar ve \u00e7a\u011fc\u0131l T.C.\u2018nin ilk ad\u0131m\u0131n\u0131 atan M. Kemal Pa\u015fa\u2019n\u0131n Samsun\u2019a \u00e7\u0131k\u0131\u015f\u0131n\u0131n 105. y\u0131l\u0131. O, B\u00fcy\u00fck Atat\u00fcrk ve silah ve d\u00fc\u015f\u00fcnce arkada\u015flar\u0131 ba\u015fard\u0131lar. Fikri, vicdan\u0131 ve irfan\u0131 \u00f6zg\u00fcr ku\u015faklar\u0131n yeti\u015ftirilmesi ve o ku\u015faklar\u0131n da sonsuzlu\u011fa ak\u0131p giden senelerde, kurucusu oldu\u011fu laik Cumhuriyeti daha ileriye ta\u015f\u0131yacaklar\u0131 inanc\u0131na sahipti.<\/p>\n<p>\u0130kinci 19 May\u0131s ise, ilk 19 May\u0131s\u2019\u0131n 70. y\u0131l\u0131nda, laik ve demokratik Cumhuriyetimizi, sosyal hukuk devletimizi yeniden yap\u0131land\u0131rmak i\u00e7in kurdu\u011fumuz, kurucular\u0131ndan biri olma onuruna sahip oldu\u011fum  ADD\u2019nin 35. y\u0131l\u0131d\u0131r. Her iki at\u0131l\u0131m\u0131 da buruk bir bi\u00e7imde kutluyorum.<\/p>\n<p>Ba\u015fta M. Kemal Atat\u00fcrk ve yol arkada\u015flar\u0131 olmak \u00fczere, ya\u015famdan kopart\u0131lan ADD\u2019nin kurucu ve y\u00f6neticileri olan Prof. Dr. Muammer Aksoy\u2019u, Do\u00e7. Dr. Bahriye \u00dc\u00e7ok\u2019u ve Prof. Dr. A. Taner K\u0131\u015flal\u0131\u2019y\u0131 \u00f6zlemle, sayg\u0131yla an\u0131yorum.\u201d(ADD \u00fcyeleri olarak kendisine te\u015fekk\u00fcr ediyoruz.)<\/p>\n<p>ADD KAMU YARARINA \u00c7ALI\u015eAN B\u0130R DERNEKT\u0130R<\/p>\n<p>16.04.1993 tarih ve 21554 say\u0131l\u0131 Resmi Gazete&#8217;de yay\u0131nlanan Bakanlar Kurulu&#8217;nun 28.03.1993 tarih ve 93\/4239 say\u0131l\u0131 karar\u0131 ile \u201cKamu Yarar\u0131na \u00c7al\u0131\u015fan Dernek\u201d stat\u00fcs\u00fc al\u0131nm\u0131\u015ft\u0131r. Ancak bayramlarda protokolle birlikte \u00e7elenk koymas\u0131n\u0131n engellenmesinin utanc\u0131 ya\u015fanmaktad\u0131r.<\/p>\n<p>35. YILD\u00d6N\u00dcM\u00dcNDE ADD 17. GENEL KURULUNA G\u0130D\u0130YOR<\/p>\n<p>Bu hafta sonu 1-2 Haziran  2024 tarihlerinde ADD Genel Merkez Genel Kurulu yap\u0131l\u0131yor. 350 \u015fubesinden gelen delegeler ba\u015fta Genel Merkez Y\u00f6netim kurulu (GYK) olmak \u00fczere Genel Merkez organlar\u0131n\u0131 se\u00e7ececekler.<\/p>\n<p>Genel Kurul Sonunda bir sonu\u00e7 bildirgesi yay\u0131nlanmas\u0131 bekleniyor.<\/p>\n<p>Genel kurulda Genel Merkez organlar\u0131na se\u00e7ilecek \u00fcyelere ba\u015far\u0131lar diliyorum.<\/p>\n<p>Ba\u015fta  kalle\u015f suikastlerde  hayat\u0131n\u0131 kaybeden kurucu ba\u015fkan\u0131m\u0131z Prof. Dr. Muammer Aksoy, kurucular\u0131m\u0131z, Do\u00e7.Dr. Bahriye \u00dc\u00e7ok ve Prof. Dr. Ahmet Taner K\u0131\u015flal\u0131 olmak \u00fczere; bug\u00fcn hayatta olmayan t\u00fcm ADD kurucular\u0131n\u0131  sayg\u0131 ve minnetle an\u0131yorum.  Hayatta kalan yedi kurucu \u00fcyemize esenlikler diliyorum.<\/p>\n<p>Atat\u00fcrk\u2019s\u00fcz ve T\u00fcrks\u00fcz anayasa tart\u0131\u015fmalar\u0131 yap\u0131ld\u0131\u011f\u0131 bu g\u00fcnlerde b\u00fcy\u00fck bir m\u00fccadele veren ve verecek olan Atat\u00fcrk Cumhuriyeti\u2019nin bug\u00fcnk\u00fc M\u00fcdafaa-i  Hukuk ve Kuvayi Milliye \u00f6rg\u00fctleri olan ADD\u2019lerin 17. Genel Kurulunu selaml\u0131yorum\u2026<\/p>\n","protected":false},"excerpt":{"rendered":"<p>Atat\u00fcrk\u00e7\u00fc D\u00fc\u015f\u00fcnce Derne\u011fi-ADD- 12 Eyl\u00fcl 1980 NATO Darbesi sonras\u0131nda \u00f6nce din derslerinin anayasa maddesi olarak zorunlu hale getirilip, FET\u00d6 n\u00fcn \u00f6n\u00fcn\u00fcn a\u00e7\u0131lmas\u0131 s\u00fcrecinde Rahmetli Prof. Dr. Muammer Aksoy ve arkada\u015flar\u0131 taraf\u0131ndan, T\u00fcrban istismar\u0131 konusunda siyaset\u00e7ilerin duyars\u0131zl\u0131\u011f\u0131 ve \u00f6ng\u00f6r\u00fcs\u00fczl\u00fc\u011f\u00fcn\u00fc farkederek, bug\u00fcnleri g\u00f6rerek 19 May\u0131s 1989 y\u0131l\u0131nda kurulmu\u015ftur. Kurucular\u0131 aras\u0131nda Prof. Dr. Muammer Aksoy, Do\u00e7. Dr. Bahriye [&hellip;]<\/p>\n","protected":false},"author":13,"featured_media":73118,"comment_status":"open","ping_status":"open","sticky":false,"template":"","format":"standard","meta":{"footnotes":""},"categories":[28],"tags":[],"class_list":["post-73179","post","type-post","status-publish","format-standard","has-post-thumbnail","hentry","category-serdar-erkan"],"views":121,"_links":{"self":[{"href":"https:\/\/mersingazetesi.com\/index.php\/wp-json\/wp\/v2\/posts\/73179","targetHints":{"allow":["GET"]}}],"collection":[{"href":"https:\/\/mersingazetesi.com\/index.php\/wp-json\/wp\/v2\/posts"}],"about":[{"href":"https:\/\/mersingazetesi.com\/index.php\/wp-json\/wp\/v2\/types\/post"}],"author":[{"embeddable":true,"href":"https:\/\/mersingazetesi.com\/index.php\/wp-json\/wp\/v2\/users\/13"}],"replies":[{"embeddable":true,"href":"https:\/\/mersingazetesi.com\/index.php\/wp-json\/wp\/v2\/comments?post=73179"}],"version-history":[{"count":0,"href":"https:\/\/mersingazetesi.com\/index.php\/wp-json\/wp\/v2\/posts\/73179\/revisions"}],"wp:featuredmedia":[{"embeddable":true,"href":"https:\/\/mersingazetesi.com\/index.php\/wp-json\/wp\/v2\/media\/73118"}],"wp:attachment":[{"href":"https:\/\/mersingazetesi.com\/index.php\/wp-json\/wp\/v2\/media?parent=73179"}],"wp:term":[{"taxonomy":"category","embeddable":true,"href":"https:\/\/mersingazetesi.com\/index.php\/wp-json\/wp\/v2\/categories?post=73179"},{"taxonomy":"post_tag","embeddable":true,"href":"https:\/\/mersingazetesi.com\/index.php\/wp-json\/wp\/v2\/tags?post=73179"}],"curies":[{"name":"wp","href":"https:\/\/api.w.org\/{rel}","templated":true}]}}