{"id":73117,"date":"2024-05-30T17:36:52","date_gmt":"2024-05-30T14:36:52","guid":{"rendered":"https:\/\/mersingazetesi.com\/?p=73117"},"modified":"2024-06-11T21:47:45","modified_gmt":"2024-06-11T18:47:45","slug":"penceremden-1-dunya-savasindan-berlin-duvarinin-yikilisina-onemli-suikastler","status":"publish","type":"post","link":"https:\/\/mersingazetesi.com\/index.php\/2024\/05\/30\/penceremden-1-dunya-savasindan-berlin-duvarinin-yikilisina-onemli-suikastler\/","title":{"rendered":"PENCEREMDEN: 1. D\u00dcNYA SAVA\u015eI\u2019NDAN BERL\u0130N DUVARININ YIKILI\u015eINA \u00d6NEML\u0130 SU\u0130KASTLER"},"content":{"rendered":"<p>Daha \u00f6nceki iki yaz\u0131m\u0131zda de\u011findi\u011fimiz D\u00fcnya tarihindeki \u00f6nemli  suikastlara anglo-sakson Tek Kutuplu D\u00fcnya(TKD)  kar\u015f\u0131,<\/p>\n<p>20. y.y.\u2019\u0131n ba\u015f\u0131nda  yap\u0131lan en \u00f6nemli devrimciye yap\u0131lan suikastlere  de\u011finmeden ge\u00e7mek eksiklik olur.<\/p>\n<p>Rusya\u2019da kapitalizm ve emperyalizme kar\u015f\u0131, \u2018Emek Devrimi\u2019ni  ger\u00e7ekle\u015ftirilen hem V. \u0130. Lenin\u2019e ve hemde \u2018Mazlum Milletler\u2019 Devrimini ger\u00e7ekle\u015ftiren Mustafa Kemal\u2019e, \u2018Amasya Bildirisi\u2019nden sonra -Milletin Ba\u011f\u0131ms\u0131zl\u0131\u011f\u0131n\u0131 yine Milletin Azim Karar\u0131 sa\u011flayacakt\u0131r- TBMM a\u00e7\u0131l\u0131\u015f\u0131na ve sonras\u0131nda Saray ve \u0130ngilizlerin deste\u011fi ile bir\u00e7ok  suikast planlanlamalar\u0131 ve giri\u015fimleri yap\u0131lm\u0131\u015ft\u0131r.<\/p>\n<p>Lenin bir ka\u00e7 kez silahl\u0131 suikastten k\u0131lpay\u0131 kurtulmu\u015fsa da, \u00f6g\u00fcn\u00fcn t\u0131p tekni\u011fi ile \u00e7\u0131kar\u0131lamayan kur\u015funlardan birinin yaratt\u0131\u011f\u0131 inme sonucu, fel\u00e7 ge\u00e7irmi\u015f zorunlu olarak siyasetten \u00e7ekilmi\u015f ve 1924 y\u0131l\u0131nda \u00f6lm\u00fc\u015ft\u00fcr.<\/p>\n<p>Mustafa Kemal kendine 29 Ekim 1923 \u00f6ncesi ve sonras\u0131 planlanan bir \u00e7ok silahl\u0131 suikast planlar\u0131n\u0131 bo\u015fa \u00e7\u0131karm\u0131\u015fsa da, sa\u011fl\u0131\u011f\u0131n\u0131 yitirerek siroz hastal\u0131\u011f\u0131ndan 57 ya\u015f\u0131nda \u00f6ld\u00fc\u011f\u00fcnde zehirlenerek  \u00f6ld\u00fcr\u00fcld\u00fc\u011f\u00fc iddialar\u0131n\u0131n g\u00fcndeme de gelmesine neden olmu\u015ftur. \u00d6zellikle, \u201cBeni T\u00fcrk Hekimlerine emanet ediniz\u201d ifadesi, kendisinin de emperyal g\u00fc\u00e7ler taraf\u0131ndan  zehirlenerek \u00f6ld\u00fcr\u00fclebilece\u011fi ku\u015fkusu oldu\u011fu izlenimi vermektedir. <\/p>\n<p>\u0130smet \u0130n\u00f6n\u00fc de, \u00f6zellikle 1938\u2019de Atat\u00fcrk\u2019\u00fcn vefat\u0131ndan sonra da Demokrat Parti d\u00f6neminde yurt gezileri s\u0131ras\u0131nda \u00e7\u0131kan olaylar s\u0131ras\u0131nda ta\u015flanm\u0131\u015f, ba\u015f\u0131na isabet eden ta\u015flar  ile yaralanm\u0131\u015ft\u0131r.<\/p>\n<p>27 May\u0131s 1960 askeri m\u00fcdahalesinden sonra, K\u0131br\u0131s\u2019ta kanl\u0131 Noel ve sonras\u0131 devam eden olaylar sonras\u0131  21 \u015eubat 1964 tarihinde, ba\u015fbakanl\u0131ktan \u00e7\u0131karken de silahl\u0131 sald\u0131r\u0131ya u\u011fram\u0131\u015ft\u0131r.<\/p>\n<p>1974 K\u0131br\u0131s Bar\u0131\u015f Harekat\u0131\u2019ndan sonra Ba\u015fbakan Ecevit\u2019e suikast giri\u015fimi olmu\u015f. Ecevit suikast\u0131 kontrgerillan\u0131n d\u00fczenledi\u011fini s\u00f6ylemi\u015ftir.<\/p>\n<p>Sonras\u0131nda Mehmet Ali A\u011fca taraf\u0131ndan suikastte Abdi \u0130pek\u00e7i \u00f6ld\u00fcr\u00fclm\u00fc\u015fse de, yakalanan A\u011fca hapisten yurt d\u0131\u015f\u0131na ka\u00e7\u0131r\u0131l\u0131p Papa\u2019ya kar\u015f\u0131 Roma\u2019da pazar ayini s\u0131ras\u0131nda ba\u015far\u0131s\u0131z bir suikast d\u00fczenlemi\u015ftir.<\/p>\n<p>\u0130lgin\u00e7 olan bu suikastleri  ger\u00e7ekle\u015ftiren A\u011fca, halen \u00f6zel aflarla serbest b\u0131rak\u0131lm\u0131\u015ft\u0131r..!<\/p>\n<p>So\u011fuk sava\u015f\u0131n bitti\u011fi tarih olan Berlin Duvar\u0131\u2019n\u0131n y\u0131k\u0131ld\u0131\u011f\u0131 1989 y\u0131l\u0131na kadar, \u00fclkemizdeki en \u00f6nemli siyasi suikast giri\u015fimi 18 Haziran 1988 tarihinde ANAP kongresinde Ba\u015fbakan \u00d6zal\u2019a kar\u015f\u0131 yap\u0131lan ba\u015far\u0131s\u0131z suikastt\u0131r.<\/p>\n<p>Gelecek yan\u0131m\u0131zda so\u011fuk sava\u015f sonras\u0131 d\u00fczenlenen suikastlar\u0131 ele alaca\u011f\u0131z. <\/p>\n","protected":false},"excerpt":{"rendered":"<p>Daha \u00f6nceki iki yaz\u0131m\u0131zda de\u011findi\u011fimiz D\u00fcnya tarihindeki \u00f6nemli suikastlara anglo-sakson Tek Kutuplu D\u00fcnya(TKD) kar\u015f\u0131, 20. y.y.\u2019\u0131n ba\u015f\u0131nda yap\u0131lan en \u00f6nemli devrimciye yap\u0131lan suikastlere de\u011finmeden ge\u00e7mek eksiklik olur. Rusya\u2019da kapitalizm ve emperyalizme kar\u015f\u0131, \u2018Emek Devrimi\u2019ni ger\u00e7ekle\u015ftirilen hem V. \u0130. Lenin\u2019e ve hemde \u2018Mazlum Milletler\u2019 Devrimini ger\u00e7ekle\u015ftiren Mustafa Kemal\u2019e, \u2018Amasya Bildirisi\u2019nden sonra -Milletin Ba\u011f\u0131ms\u0131zl\u0131\u011f\u0131n\u0131 yine Milletin Azim [&hellip;]<\/p>\n","protected":false},"author":13,"featured_media":73118,"comment_status":"open","ping_status":"open","sticky":false,"template":"","format":"standard","meta":{"footnotes":""},"categories":[28],"tags":[],"class_list":["post-73117","post","type-post","status-publish","format-standard","has-post-thumbnail","hentry","category-serdar-erkan"],"views":111,"_links":{"self":[{"href":"https:\/\/mersingazetesi.com\/index.php\/wp-json\/wp\/v2\/posts\/73117","targetHints":{"allow":["GET"]}}],"collection":[{"href":"https:\/\/mersingazetesi.com\/index.php\/wp-json\/wp\/v2\/posts"}],"about":[{"href":"https:\/\/mersingazetesi.com\/index.php\/wp-json\/wp\/v2\/types\/post"}],"author":[{"embeddable":true,"href":"https:\/\/mersingazetesi.com\/index.php\/wp-json\/wp\/v2\/users\/13"}],"replies":[{"embeddable":true,"href":"https:\/\/mersingazetesi.com\/index.php\/wp-json\/wp\/v2\/comments?post=73117"}],"version-history":[{"count":0,"href":"https:\/\/mersingazetesi.com\/index.php\/wp-json\/wp\/v2\/posts\/73117\/revisions"}],"wp:featuredmedia":[{"embeddable":true,"href":"https:\/\/mersingazetesi.com\/index.php\/wp-json\/wp\/v2\/media\/73118"}],"wp:attachment":[{"href":"https:\/\/mersingazetesi.com\/index.php\/wp-json\/wp\/v2\/media?parent=73117"}],"wp:term":[{"taxonomy":"category","embeddable":true,"href":"https:\/\/mersingazetesi.com\/index.php\/wp-json\/wp\/v2\/categories?post=73117"},{"taxonomy":"post_tag","embeddable":true,"href":"https:\/\/mersingazetesi.com\/index.php\/wp-json\/wp\/v2\/tags?post=73117"}],"curies":[{"name":"wp","href":"https:\/\/api.w.org\/{rel}","templated":true}]}}