{"id":72313,"date":"2024-05-17T17:48:36","date_gmt":"2024-05-17T14:48:36","guid":{"rendered":"https:\/\/mersingazetesi.com\/?p=72313"},"modified":"2024-06-11T21:47:45","modified_gmt":"2024-06-11T18:47:45","slug":"penceremden-27-mayisdan-28-subata-askerlerin-gozunden","status":"publish","type":"post","link":"https:\/\/mersingazetesi.com\/index.php\/2024\/05\/17\/penceremden-27-mayisdan-28-subata-askerlerin-gozunden\/","title":{"rendered":"PENCEREMDEN: 27 MAYIS\u2019DAN, 28 \u015eUBAT\u2019A\u2026  ASKERLER\u0130N G\u00d6Z\u00dcNDEN\u2026."},"content":{"rendered":"<p>Bug\u00fcnlerde 28 \u015eubat\u0131n FET\u00d6 c\u00fc hakimler taraf\u0131ndan yarg\u0131lan\u0131p, y\u0131llarca hapis yat\u0131p, 15 Temmuz FET\u00d6 darbesinden sonra Berat ettikleri halde tekrar tutuklan\u0131p yarg\u0131lan\u0131p m\u00fcebbet hapse mahkum edilen 28 \u015eubat  komutanlar\u0131 Orgeneral \u00c7etin DO\u011eAN ve Erol \u00d6ZKASNAK olmak \u00fczere kumpas ma\u011fdurlar\u0131 di\u011fer komutanlar\u0131n , CB yetkisini kullanarak sal\u0131verilmesi bana 27 May\u0131s 1960 askeri m\u00fcdahalesi \u00f6ncesi \u00f6ncesi zaman\u0131n Genel Kurmay Ba\u015fkan\u0131 Cemal G\u00dcRSEL\u2019in Savunma Bakan\u0131na (M\u00fcdafa Vekiline)  3 May\u0131s 1960 tarihinde yazd\u0131\u011f\u0131 mektubu an\u0131msatt\u0131.<\/p>\n<p>a\u015fa\u011f\u0131da oldu\u011fu gibi payla\u015f\u0131yorum.<\/p>\n<p>\u201cORGENERAL CEMAL G\u00dcRSEL\u2019\u0130N TAR\u0130HE TANIKLI\u011eI VE DOSTANE MEKTUBU<\/p>\n<p>\u201cMuhterem vekilim, \u015fu hakikati kabul etmek laz\u0131md\u0131r ki, Kayseri hadiseleriyle ba\u015flay\u0131p, son karar ve feci olaylara kadar devam eden vakalar, vatanda\u015f ruhunda derin tesirler ve h\u00fck\u00fcmete kar\u015f\u0131 telafisi g\u00fc\u00e7 ho\u015fnutsuzluklar yaratm\u0131\u015ft\u0131r. Hele ordunun talebelere kar\u015f\u0131 ak\u0131ls\u0131zca kullan\u0131lmas\u0131 i\u015fin vehametini art\u0131rm\u0131\u015f, ordu mensuplar\u0131nda huzursuzluk ve g\u00fcvensizlik hisleri belirmi\u015f, korkulan \u015fey olmu\u015f, ordu politikaya kar\u0131\u015ft\u0131r\u0131lm\u0131\u015ft\u0131r. <\/p>\n<p>Say\u0131n vekilim, bu ahval k\u00fc\u00e7\u00fcmsenecek,, cebir ve \u015fiddetle ge\u00e7i\u015ftirilecek \u015feylerden de\u011fildir. Memleket, h\u00fck\u00fcmet ve partinizin d\u00fc\u015ft\u00fc\u011f\u00fc bu m\u00fc\u015fk\u00fcl vaziyeti kurtarmak ve s\u00fck\u00fbnetli, fakat ciddi ve zecri tedbirler almak laz\u0131md\u0131r. Bu tedbirler \u015funlar olmal\u0131d\u0131r. <\/p>\n<p>1\/ Cumhurba\u015fkan\u0131 istifa etmelidir. \u00c7\u00fcnk\u00fc b\u00fct\u00fcn fenal\u0131klar\u0131n bu zattan geldi\u011fi hakk\u0131nda memlekette umumi kanaat vard\u0131r. <\/p>\n<p>2\/ kabinede iyi kabul edilmeyen ve suihalleri b\u00fct\u00fcn memlekete yay\u0131lm\u0131\u015f bulunan zevat \u00e7\u0131kart\u0131lmal\u0131 adalet ve \u015fefkat ve yeni kabine mutlak d\u00fcr\u00fc\u015f, makul, zorcu de\u011fil, adalet ve \u015fefkat hissi ta\u015f\u0131yan zevattan kurulmal\u0131d\u0131r. <\/p>\n<p>3\/ \u0130stanbul ve Ankara  valileri ve emniyet m\u00fcd\u00fcrleri s\u00fcratle de\u011fi\u015ftirilmelidir. <\/p>\n<p>4\/ Ankara \u00d6rfi \u2013\u0130dare (s\u0131k\u0131y\u00f6netim) kumandan\u0131 derhal de\u011fi\u015ftirilmelidir. <\/p>\n<p>5\/Son \u00e7\u0131kar\u0131lan ve tahkikat komisyonlar\u0131 ihdas eden kanun kald\u0131r\u0131lmal\u0131d\u0131r. <\/p>\n<p>6\/Mefkuf gazeteciler bir af kanunu ile k\u0131sa zamanda tahliye edilmelidir. <\/p>\n<p>7\/ Son hadiselerde tevkif edilen (tutuklanan) talebeler serbest b\u0131rak\u0131lmal\u0131, ilim m\u00fcessesleri yeniden faaliyete ge\u00e7irilmelidir. <\/p>\n<p>8\/\u015eimdiye kadar \u00e7\u0131kar\u0131lan b\u00fct\u00fcn anti demokratik kanunlar tedricen kald\u0131r\u0131lmal\u0131d\u0131r. <\/p>\n<p>9\/Vatanda\u015f\u0131n h\u00fcrriyet ve e\u015fit muamele hakk\u0131na mutlak surette riayet edilmelidir. <\/p>\n<p>10\/Ordunun meseleleri s\u00fcratle halledilmelidir. <\/p>\n<p>11\/Din istismarc\u0131l\u0131\u011f\u0131ndan vazge\u00e7ilmelidir. <\/p>\n<p>12\/Suistimaller  oluyor mu bilmiyorum Fakat oldu\u011fu hakk\u0131nda umumi bir kanaat mevcuttur.ve milletin milletin h\u00fck\u00fcmete kar\u015f\u0131 itimats\u0131zl\u0131\u011f\u0131na sebep  olmaktad\u0131r. Bu gibi k\u00f6t\u00fcl\u00fcklerin \u015fiddetle bertaraf edilmesi laz\u0131md\u0131r. <\/p>\n<p>13\/ M\u00fcstesna zamanlar ,ve g\u00fcnler haricinde, h\u00fck\u00fcmet b\u00fcy\u00fcklerinin memleket gezilerinde suni b\u00fcy\u00fck vatanda\u015f topluluklar\u0131 ile kar\u015f\u0131lanmalar\u0131 usul\u00fc terkedilmelidir. <\/p>\n<p>Say\u0131n Vekilim,  bu yazd\u0131klar\u0131m asla bir parti ve politika m\u00fclahaza ve tesiriyle yaz\u0131lmam\u0131\u015ft\u0131r. Memleketin durumunun bu tedbirlerin al\u0131nmas\u0131n\u0131n zaruri k\u0131ld\u0131\u011f\u0131na inand\u0131\u011f\u0131m i\u00e7in yaz\u0131lm\u0131\u015ft\u0131r. Sizlerin vatanperverlik ve vicdanlar\u0131n\u0131za hitap ediyorum. \u0130yi d\u00fc\u015f\u00fcn\u00fcn\u00fcz, iyi hareketler yap\u0131n\u0131z. Memlekette \u00e7ok \u015feyler yapt\u0131\u011f\u0131n\u0131z muhakkakt\u0131r. Fakat asla kafi de\u011fildir. Bu yap\u0131lan i\u015fleri m\u00fcstemleke idareleri de yapar, yap\u0131yor ve yapm\u0131\u015ft\u0131r. \u201dAs\u0131l m\u00fchim olan toplumun ruhunda ya\u015fama \u015fevk ve azminin geli\u015ftirilmesi, hak ve h\u00fcrriyet a\u015fk\u0131n\u0131n k\u00f6kle\u015ftirilmesi ve vatanda\u015f idrakinin y\u00fcksek ve necip(soylu) hislerle donat\u0131lmas\u0131d\u0131r.\u201d Olaylar bu y\u00f6nde olmad\u0131\u011f\u0131n\u0131z\u0131 g\u00f6stermektedir. Talebelerin h\u00fcrriyet duygusu ile yapt\u0131klar\u0131 masumane tezah\u00fcrata kar\u015f\u0131 (askeri) k\u0131talar sevk edilmesi  ve onlar\u0131n deste\u011fi ile emniyet kuvvetlerinin ilim yuvalar\u0131n\u0131n i\u00e7ine kadar girerek talebeleri profes\u00f6rleri ile beraber coplarla ve kur\u015funlarla tedip etmesi d\u00fcnyada g\u00f6r\u00fclmemi\u015f \u00e7ok feci bir \u015feydir. O hengamede k\u0131z talebelerin y\u00fcrekleri par\u00e7alayan \u00e7\u0131\u011fl\u0131klar\u0131n\u0131n analar, babalar ve halk ruhunda onulmaz yaralar a\u00e7aca\u011f\u0131n\u0131 ve a\u00e7t\u0131\u011f\u0131n\u0131 anlamamak memleketin huzuru a\u00e7\u0131s\u0131ndan b\u00fcy\u00fck bir hata ve hazin bir gaflet oldu\u011funa kaniyiim. Bizim gen\u00e7lerimizde hak, adalet, ve h\u00fcrriyet duygular\u0131n\u0131n geli\u015fmesinden ve kemalinden(olgunlu\u011fundan) memnun olmam\u0131z laz\u0131m gelmez mi? \u0130stikbali hissiz, duygusuz, m\u00fcstemleke ruhlu, yaln\u0131z maddeci bedbaht insanlara m\u0131 b\u0131rakmak istiyoruz. <\/p>\n<p> Say\u0131n Vekilim, maruzat\u0131m muhakkak ki \u00e7ok m\u00fchim ve hatta \u00e7ok c\u00fcretkarhanedir. Fakat memleket i\u00e7in, milletin selameti i\u00e7in h\u00fck\u00fcmet ve hatta partinizin kurtar\u0131lmas\u0131 i\u00e7in dikkate al\u0131nmas\u0131 laz\u0131md\u0131r ve hatta \u00e7ok laz\u0131md\u0131r. Sayg\u0131lar\u0131mla,  <\/p>\n<p>Kara Kuvvetleri Kumandan\u0131 Orgeneral Cemal G\u00fcrsel<\/p>\n<p>3 May\u0131s 1960\u201d<\/p>\n<p>D\u00f6nemin en yetkili a\u011f\u0131zlar\u0131ndan yap\u0131lan bu \u00f6nemli saptamalar ve sayg\u0131l\u0131 dille ve dostane uyar\u0131lar i\u00e7eren tarihi mektup,  zaman\u0131n M\u00fcdafa(savunma) bakan\u0131 ve h\u00fck\u00fcmet taraf\u0131ndan dikkate al\u0131nsayd\u0131, acaba  27 May\u0131s 1960 m\u00fcdahalesi olur muydu ?<\/p>\n<p>Gelecek yaz\u0131lar\u0131m\u0131zda  da 28 \u015eubat \u00f6ncesi geli\u015fmeler de\u011ferlendirilecektir. <\/p>\n","protected":false},"excerpt":{"rendered":"<p>Bug\u00fcnlerde 28 \u015eubat\u0131n FET\u00d6 c\u00fc hakimler taraf\u0131ndan yarg\u0131lan\u0131p, y\u0131llarca hapis yat\u0131p, 15 Temmuz FET\u00d6 darbesinden sonra Berat ettikleri halde tekrar tutuklan\u0131p yarg\u0131lan\u0131p m\u00fcebbet hapse mahkum edilen 28 \u015eubat komutanlar\u0131 Orgeneral \u00c7etin DO\u011eAN ve Erol \u00d6ZKASNAK olmak \u00fczere kumpas ma\u011fdurlar\u0131 di\u011fer komutanlar\u0131n , CB yetkisini kullanarak sal\u0131verilmesi bana 27 May\u0131s 1960 askeri m\u00fcdahalesi \u00f6ncesi \u00f6ncesi zaman\u0131n [&hellip;]<\/p>\n","protected":false},"author":13,"featured_media":72081,"comment_status":"open","ping_status":"open","sticky":false,"template":"","format":"standard","meta":{"footnotes":""},"categories":[28],"tags":[],"class_list":["post-72313","post","type-post","status-publish","format-standard","has-post-thumbnail","hentry","category-serdar-erkan"],"views":206,"_links":{"self":[{"href":"https:\/\/mersingazetesi.com\/index.php\/wp-json\/wp\/v2\/posts\/72313","targetHints":{"allow":["GET"]}}],"collection":[{"href":"https:\/\/mersingazetesi.com\/index.php\/wp-json\/wp\/v2\/posts"}],"about":[{"href":"https:\/\/mersingazetesi.com\/index.php\/wp-json\/wp\/v2\/types\/post"}],"author":[{"embeddable":true,"href":"https:\/\/mersingazetesi.com\/index.php\/wp-json\/wp\/v2\/users\/13"}],"replies":[{"embeddable":true,"href":"https:\/\/mersingazetesi.com\/index.php\/wp-json\/wp\/v2\/comments?post=72313"}],"version-history":[{"count":0,"href":"https:\/\/mersingazetesi.com\/index.php\/wp-json\/wp\/v2\/posts\/72313\/revisions"}],"wp:featuredmedia":[{"embeddable":true,"href":"https:\/\/mersingazetesi.com\/index.php\/wp-json\/wp\/v2\/media\/72081"}],"wp:attachment":[{"href":"https:\/\/mersingazetesi.com\/index.php\/wp-json\/wp\/v2\/media?parent=72313"}],"wp:term":[{"taxonomy":"category","embeddable":true,"href":"https:\/\/mersingazetesi.com\/index.php\/wp-json\/wp\/v2\/categories?post=72313"},{"taxonomy":"post_tag","embeddable":true,"href":"https:\/\/mersingazetesi.com\/index.php\/wp-json\/wp\/v2\/tags?post=72313"}],"curies":[{"name":"wp","href":"https:\/\/api.w.org\/{rel}","templated":true}]}}