{"id":71424,"date":"2024-05-03T15:54:30","date_gmt":"2024-05-03T12:54:30","guid":{"rendered":"https:\/\/mersingazetesi.com\/?p=71424"},"modified":"2024-06-11T21:47:45","modified_gmt":"2024-06-11T18:47:45","slug":"penceremden-gazzede-soykirima-karsi-dunya-gencliginin-vicdani-ayaga-kalkiyor","status":"publish","type":"post","link":"https:\/\/mersingazetesi.com\/index.php\/2024\/05\/03\/penceremden-gazzede-soykirima-karsi-dunya-gencliginin-vicdani-ayaga-kalkiyor\/","title":{"rendered":"PENCEREMDEN: GAZZE\u2019DE SOYKIRIMA KAR\u015eI  D\u00dcNYA GEN\u00c7L\u0130\u011e\u0130N\u0130N V\u0130CDANI AYA\u011eA KALKIYOR\u2026"},"content":{"rendered":"<p>7 Ekim 2023 tarihinde Hamas \u00f6rg\u00fct\u00fc\u2019n\u00fcn Kassam Tugaylar\u0131\u2019n\u0131n sald\u0131r\u0131s\u0131 sonunda bin 200 civar\u0131nda \u0130srail vatanda\u015f\u0131n\u0131n \u00f6lmesi ve bir \u00e7ok \u0130srail yurtta\u015f\u0131n\u0131n ve \u00e7ocuklar\u0131n\u0131n rehin al\u0131nmas\u0131 vah\u015feti ve ter\u00f6r\u00fcyle ba\u015flayan ve s\u00fcren geli\u015fmeler h\u0131z kesmeden devam ediyor\u2026<br \/>\n\u0130srailli Sivilleri hedef alan ter\u00f6r vah\u015feti\u00a0 sonras\u0131nda ya\u015fananlar, tart\u0131\u015fmal\u0131 Netanyahu h\u00fck\u00fcmetine can suyu oldu.<br \/>\nT\u00fcm d\u00fcnya\u2019n\u0131n tepkisini \u00e7eken Hamas sald\u0131r\u0131s\u0131na olan tepkileri arkas\u0131na alan \u0130srail devletinin Gazze\u2019ye ba\u015flatt\u0131klar\u0131 orant\u0131s\u0131z sivilleri ve \u00e7ocuklar\u0131 hedef alan   sald\u0131r\u0131larda bug\u00fcn itibariyle \u00f6nemli bir k\u0131sm\u0131 \u00e7ocuk ve kad\u0131n 35 bine tak\u0131n Filistinlinin de d\u0131\u015f D\u00fcnya\u2019ya kapat\u0131lan  bir b\u00f6lgede katledilmesi art\u0131k \u2018soyk\u0131r\u0131m\u2019 olarak an\u0131lmaktad\u0131r.  <\/p>\n<p>\u00c7\u00fcnk\u00fc t\u00fcm D\u00fcnya BM hukukuna g\u00f6re ba\u015flang\u0131\u00e7ta \u0130srail\u2019in ter\u00f6re yan\u0131t verme hakk\u0131 kabul g\u00f6rm\u00fc\u015fse de, bug\u00fcn art\u0131k \u0130srail orant\u0131s\u0131z g\u00fcc\u00fc kesintisiz ve art\u0131rarak kullanarak bu bir sava\u015f su\u00e7u olmaktan \u00e7\u0131k\u0131p, insanl\u0131\u011fa kar\u015f\u0131 soyk\u0131r\u0131m su\u00e7una d\u00f6n\u00fc\u015ft\u00fc\u011f\u00fcn\u00fc t\u00fcm D\u00fcnya a\u00e7\u0131k\u00e7a g\u00f6r\u00fcyor.<br \/>\n\u00c7\u00fcnk\u00fc  ge\u00e7ti\u011fimiz yedi ayd\u0131r, ablukaya\u00a0 ald\u0131klar\u0131 Gazze halk\u0131n\u0131, hedef g\u00f6zetmeksizin\u00a0 \u00e7ocuk ve kad\u0131nlar\u0131, hastahaneleri, ibadet yerlerini, yard\u0131m noktalar\u0131n\u0131 ve konvoylar\u0131na her g\u00fcn tonlarca bomba ya\u011fd\u0131rarak bilerek ve kasten \u00f6ld\u00fcrmeye devam etmektedirler.\u00a0insan\u0131 yard\u0131m ekiplerinin de bombalamalar sonucu, baz\u0131\u00a0 Avrupal\u0131 ve Amerikal\u0131 \u00a0 yard\u0131m g\u00f6n\u00fcll\u00fclerin de \u00f6ld\u00fc\u011f\u00fc bilgisi medyada yerald\u0131.\u00a0<br \/>\nYa\u015fanan bu t\u00fcr olaylarla,<br \/>\nGe\u00e7ti\u011fimiz aylarda  \u0130srail\u2019de, y\u00fczbin civar\u0131nda ki\u015fi, Netanyahu\u2019nun art\u0131k bu soyk\u0131r\u0131ma d\u00f6n\u00fc\u015fen bu politikalar\u0131n\u0131 ge\u00e7ti\u011fimiz g\u00fcnlerde de protesto etmi\u015fti.<\/p>\n<p>T\u00dcRK\u0130YE \u0130SLAM D\u00dcNYASININ L\u0130DER\u0130 M\u0130?<\/p>\n<p>G\u00fcney Afrika \u00a0 Uluslararas\u0131 Adalet Divan\u0131\u2019na ba\u015fvurarak \u0130srail\u2019in yarg\u0131lanmas\u0131n\u0131 istemi\u015ftir. Kolombiya Devlet Ba\u015fkan\u0131n 1 May\u0131s mitinginde y\u00fczbinler \u00f6n\u00fcnde yapt\u0131\u011f\u0131 konu\u015fmada a\u00e7\u0131k\u00e7a ele\u015ftirmi\u015ftir.<br \/>\nAKP liderli\u011fi Bin y\u0131ld\u0131r islam\u0131n sancaktarl\u0131\u011f\u0131n\u0131 yapt\u0131\u011f\u0131n\u0131 iddia ermesine  ra\u011fmen , somut olarak bir ad\u0131m atmam\u0131\u015f,  istanbulda 3 Ocak 2024 de  \u0130stanbul\u2019da yapt\u0131klar\u0131 \u015fova y\u00f6nelik miting ve miting  hamasi s\u00f6ylem d\u0131\u015f\u0131nda fiiliyatta sessizce izlemi\u015ftir.<br \/>\nBu sessizli\u011fin ve etkisizli\u011fin   31 Mart 2024 se\u00e7imleri  \u00f6ncesi YRP taraf\u0131ndan sorgulanmas\u0131 , AKP nin  yerel se\u00e7imlerin en b\u00fcy\u00fck kaybedeni olarak \u00e7\u0131kmas\u0131na \u00f6nemli etkisi olmu\u015ftur.<br \/>\n  Son geli\u015fmeler, \u00fczerine AKP T\u00fcrkiye ba\u015flang\u0131\u00e7taki  mah\u00e7up ve \u00e7ekingen tavr\u0131n\u0131 i\u00e7 kamuoyunda  giderek artan  tepkiler sonucu de\u011fi\u015ftirmek zorunda kalm\u0131\u015ft\u0131r.<br \/>\nBug\u00fcn itibariyle \u0130srail\u2019den ithalat ve ihracat  sonunda tamamen durdurulmu\u015ftur.<br \/>\nAyr\u0131ca, G\u00fcney Afrika Cumhuriyeti taraf\u0131ndan a\u00e7\u0131lan soyk\u0131r\u0131m davas\u0131na da m\u00fcdahil olma karar\u0131 al\u0131nm\u0131\u015ft\u0131r. ( bu konuda ilk islam\u0131n sancaktarl\u0131\u011f\u0131n\u0131 oldu\u011funu iddia eden T\u00fcrkiye Cumhuriyeti neden ilk olmam\u0131\u015ft\u0131r)<\/p>\n<p>Bu ko\u015fullarda, halen \u0130srail Silahl\u0131 Kuvvetleri orant\u0131s\u0131z g\u00fc\u00e7 kullanarak tam 7 ayd\u0131r, sivil hedefleri, \u00e7ocuklar\u0131  -hastahaneler, kiliseler , camiler ve yard\u0131m konvoylar\u0131n\u0131- hala bombalamaya devam ediyor. <\/p>\n<p>Di\u011fer taraftan yahudi lobileri, t\u00fcm D\u00fcnya\u2019da bas\u0131nda ve sokakta y\u00fckselen itiraz seslerini, t\u00fcm g\u00fcc\u00fcyle bask\u0131 uygulamakta, \u00e7\u0131kan haberleri engellemeye \u00e7al\u0131\u015fmaktad\u0131r. <\/p>\n<p>ABD\u2019DE \u00dcN\u0130VERS\u0130TE GEN\u00c7L\u0130\u011e\u0130 TEK KUTUPLU D\u00dcNYAYA KAR\u015eI AYAKTA..!<\/p>\n<p>D\u00fcnya halklar\u0131n\u0131n vicdanlar\u0131, Pandemi\u2019den bu yana ba\u015flayan,   tek kutuplu D\u00fcnya\u2019\u0131n  -a\u015f\u0131 hegemonyas\u0131na-  ve Afganistan, Suriye ve Ortado\u011fu da tek tarafl\u0131 oldu bittilerine ve  s\u0131\u011f\u0131nmac\u0131lar\u0131n denizlerde bat\u0131r\u0131larak veya ittirilerek  dramatik \u00f6l\u00fcmlerine kar\u015f\u0131 s\u00fcrd\u00fcrd\u00fc\u011f\u00fc itirazlar devam etmi\u015fti.<br \/>\n\u00d6te yandan, Anglo-Sakson NATO\u2019 un Ukrayna\u2019y\u0131 NATO \u00fclkesi yapmak i\u00e7in israrlar\u0131 sonucu, dolduru\u015fa gelen, Ukrayna\u2019n\u0131n palya\u00e7o y\u00f6netiminin tahrikleri sonucunda, Rusya , a\u00e7ay\u0131m \u0131rktan ve mezhepten Ukrayna\u2019ya sava\u015f a\u00e7m\u0131\u015f, karde\u015f karde\u015fi vurmu\u015f, her iki \u00fclkede analar sonu\u00e7ta bug\u00fcn  kaybetti\u011fi evlatlar\u0131 i\u00e7in  ac\u0131 \u00e7ekmektedir. <\/p>\n<p>\u00dclkemizde de T\u00fcrkiye Cumhuriyeti yurtta\u015flar\u0131n\u0131n Suriye ve Afganistan  oldu bittileri  ile zaten tek kutuplu hegemonyan\u0131n yaratt\u0131\u011f\u0131 oldu bitti  dayatmalar\u0131 sonucu d\u00fczensiz s\u0131\u011f\u0131nmac\u0131 g\u00f6\u00e7\u00fc ile s\u0131k\u0131nt\u0131lar\u0131n\u0131 sokaklarda ve hayat\u0131n i\u00e7inde bizzat ya\u015famaktad\u0131r.<\/p>\n<p>D\u00fcnya gen\u00e7li\u011fi de ,Tek  Kutuplu D\u00fcnya(TKD) oldu bitti dayatmalar\u0131na kar\u015f\u0131 \u00e7\u0131k\u0131yor. <\/p>\n<p>Sonunda, ABD de  \u00fcniversite gen\u00e7likte  tek kutuplu D\u00fcnya\u2019n\u0131n me\u015frula\u015ft\u0131rmaya \u00e7al\u0131\u015ft\u0131\u011f\u0131 Gazze soyk\u0131r\u0131m\u0131 i\u00e7in bug\u00fcn aya\u011fa kalkm\u0131\u015f durumda.<\/p>\n<p>ABD\u2019de Colombia \u00dcniversitesinde \u00f6\u011frencilerin Gazze  soyk\u0131r\u0131m\u0131na kar\u015f\u0131 ba\u015flayan ve protestolar\u0131 giderek yay\u0131l\u0131yor. ABD h\u00fck\u00fcmetinin de protestolara kar\u015f\u0131 giderek daha sert \u00f6nlemlerle m\u00fcdahale etti\u011fi g\u00f6r\u00fcl\u00fcyor. <\/p>\n<p>\u00d6te yandan \u00fcniversite gen\u00e7li\u011finin bu protestolar\u0131n\u0131,ABD medyas\u0131n\u0131n g\u00f6rmezlikten gelme \u00e7abalar\u0131na ra\u011fmen sosyal medya \u00fczerinden t\u00fcm D\u00fcnya\u2019ya yay\u0131l\u0131l\u0131yor.<\/p>\n<p>Geli\u015fmeler g\u00f6steriyor ki, b\u00fcy\u00fck insanl\u0131k ailesinin ve gen\u00e7li\u011fin vicdan\u0131 da TKD\u2019nin bask\u0131, g\u00f6\u00e7e zorlanma , sava\u015f ve soyk\u0131r\u0131mdan olu\u015fan bu insanl\u0131k tarihinin en b\u00fcy\u00fck zulm\u00fcne  kar\u015f\u0131 aya\u011fa kalk\u0131yor.<\/p>\n","protected":false},"excerpt":{"rendered":"<p>7 Ekim 2023 tarihinde Hamas \u00f6rg\u00fct\u00fc\u2019n\u00fcn Kassam Tugaylar\u0131\u2019n\u0131n sald\u0131r\u0131s\u0131 sonunda bin 200 civar\u0131nda \u0130srail vatanda\u015f\u0131n\u0131n \u00f6lmesi ve bir \u00e7ok \u0130srail yurtta\u015f\u0131n\u0131n ve \u00e7ocuklar\u0131n\u0131n rehin al\u0131nmas\u0131 vah\u015feti ve ter\u00f6r\u00fcyle ba\u015flayan ve s\u00fcren geli\u015fmeler h\u0131z kesmeden devam ediyor\u2026 \u0130srailli Sivilleri hedef alan ter\u00f6r vah\u015feti\u00a0 sonras\u0131nda ya\u015fananlar, tart\u0131\u015fmal\u0131 Netanyahu h\u00fck\u00fcmetine can suyu oldu. T\u00fcm d\u00fcnya\u2019n\u0131n tepkisini \u00e7eken Hamas [&hellip;]<\/p>\n","protected":false},"author":13,"featured_media":71293,"comment_status":"open","ping_status":"open","sticky":false,"template":"","format":"standard","meta":{"footnotes":""},"categories":[28],"tags":[],"class_list":["post-71424","post","type-post","status-publish","format-standard","has-post-thumbnail","hentry","category-serdar-erkan"],"views":126,"_links":{"self":[{"href":"https:\/\/mersingazetesi.com\/index.php\/wp-json\/wp\/v2\/posts\/71424","targetHints":{"allow":["GET"]}}],"collection":[{"href":"https:\/\/mersingazetesi.com\/index.php\/wp-json\/wp\/v2\/posts"}],"about":[{"href":"https:\/\/mersingazetesi.com\/index.php\/wp-json\/wp\/v2\/types\/post"}],"author":[{"embeddable":true,"href":"https:\/\/mersingazetesi.com\/index.php\/wp-json\/wp\/v2\/users\/13"}],"replies":[{"embeddable":true,"href":"https:\/\/mersingazetesi.com\/index.php\/wp-json\/wp\/v2\/comments?post=71424"}],"version-history":[{"count":0,"href":"https:\/\/mersingazetesi.com\/index.php\/wp-json\/wp\/v2\/posts\/71424\/revisions"}],"wp:featuredmedia":[{"embeddable":true,"href":"https:\/\/mersingazetesi.com\/index.php\/wp-json\/wp\/v2\/media\/71293"}],"wp:attachment":[{"href":"https:\/\/mersingazetesi.com\/index.php\/wp-json\/wp\/v2\/media?parent=71424"}],"wp:term":[{"taxonomy":"category","embeddable":true,"href":"https:\/\/mersingazetesi.com\/index.php\/wp-json\/wp\/v2\/categories?post=71424"},{"taxonomy":"post_tag","embeddable":true,"href":"https:\/\/mersingazetesi.com\/index.php\/wp-json\/wp\/v2\/tags?post=71424"}],"curies":[{"name":"wp","href":"https:\/\/api.w.org\/{rel}","templated":true}]}}