{"id":71284,"date":"2024-05-01T15:42:53","date_gmt":"2024-05-01T12:42:53","guid":{"rendered":"https:\/\/mersingazetesi.com\/?p=71284"},"modified":"2024-06-11T21:47:45","modified_gmt":"2024-06-11T18:47:45","slug":"penceremden-macronun-hegomonyaya-karsi-cikisi-bir-sonuc-verir-mi","status":"publish","type":"post","link":"https:\/\/mersingazetesi.com\/index.php\/2024\/05\/01\/penceremden-macronun-hegomonyaya-karsi-cikisi-bir-sonuc-verir-mi\/","title":{"rendered":"PENCEREMDEN: MACRON\u2019UN HEGOMONYAYA  KAR\u015eI \u00c7IKI\u015eI B\u0130R SONU\u00c7 VER\u0130R M\u0130?"},"content":{"rendered":"<p>26 Nisan 2024 tarihli Cumhuriyet gazetesinin 7 . sayfas\u0131nda \u2018Macron\u2019dan Avrupa Egemenli\u011fi \u00c7\u0131k\u0131\u015f\u0131\u2019 ba\u015fl\u0131kl\u0131 bir haberi yakla\u015f\u0131k \u00fc\u00e7 y\u0131l \u00f6nce (2.06.2021) yazd\u0131\u011f\u0131m \u00dc\u00c7 NATO VE \u0130STANBUL\u2019 ba\u015fl\u0131kl\u0131 k\u00f6\u015fe yaz\u0131m\u0131\u00a0an\u0131msatt\u0131.\u00a0<br \/>\nYukar\u0131daki haberde: \u2018Fransa Cumhurba\u015fkan\u0131 Emmanuel Macron\u2019un Avrupa Parlementosu se\u00e7imlerine haz\u0131rlan\u0131rken Avrupa Birli\u011fi\u2019nin (AB) stratejik \u00f6zerkli\u011fine y\u00f6nelik \u00e7a\u011fr\u0131lar\u0131n\u0131 yineledi. Macron Avrupa\u2019n\u0131n daha g\u00fc\u00e7l\u00fc ve daha entegre bir savunmaya sahip olmas\u0131 \u00e7a\u011fr\u0131s\u0131nda bulundu. Avrupal\u0131lar\u0131n kendi k\u0131talar\u0131ndan askeri te\u00e7hizat\u0131 sat\u0131n almay\u0131 tercih etmesi gerekti\u011fini belirten Macron, \u201cKendi Avrupa savunma sanayimizi geli\u015ftirme sorumlulu\u011funu \u00fcstlenmezsek egemenli\u011fimizi ve \u00f6zerkli\u011fimizi nas\u0131l in\u015fa edebiliriz?\u201d \u0130fadelerini kullanm\u0131\u015f ve devamla \u201c Avrupa\u2019n\u0131n asla ABD \u2018nin k\u00f6lesi olmad\u0131\u011f\u0131n\u0131 ve D\u00fcnya\u2019n\u0131n t\u00fcm b\u00f6lgeleri ile nas\u0131l konu\u015faca\u011f\u0131n\u0131 bildi\u011fini g\u00f6stermesi gerekti\u011fini\u201d ifade etmi\u015ftir. Ayr\u0131ca \u201cAvrupa\u2019m\u0131z \u00f6l\u00fcml\u00fcd\u00fcr ve \u00f6l\u00fcp \u00f6lmemesi bizim tercihlerimize ba\u011fl\u0131d\u0131r\u201d demektedir. \u00d6zerk Avrupa fikrinin en \u00f6nemli savunucular\u0131ndan Almanya\u00a0 ba\u015fbakan\u0131 Merkel\u2019in g\u00f6revinden ayr\u0131lmas\u0131ndan sonra ABD hegemonyas\u0131na kar\u015f\u0131 direni\u015fini Macron\u2019un \u00fcstlendi\u011fi anla\u015f\u0131lmaktad\u0131r.\u00a0<br \/>\nFransa\u2019n\u0131n \u00fcnl\u00fc general ve Cumhurba\u015fkanlar\u0131ndan  De Gaulle d\u00f6neminde , Fransa\u2019n\u0131n NATO\u2019nun askeri kanad\u0131ndan \u00e7ekildi\u011fini uzun y\u0131llar NATO kafesine d\u00f6nmedi\u011fini an\u0131msatal\u0131m.\u00a0 Bu direni\u015f \u00e7a\u011fr\u0131lar\u0131n\u0131n, k\u0131sa zamanda sonu\u00e7 vermese de, Ukrayna sava\u015f\u0131ndan sonra resmen ba\u015flayan \u00c7ok Kutuplu D\u00fcnya\u2019da (\u00c7KD) giderek hegemonyaya sesini y\u00fckseltece\u011finin g\u00f6stermektedir.<br \/>\nYukar\u0131da de\u011findi\u011fim yaz\u0131da bu yaz\u0131n\u0131n konusuyla ili\u015fkili b\u00f6l\u00fcm\u00fc a\u015fa\u011f\u0131da tekrar an\u0131msatmay\u0131 yararl\u0131 g\u00f6r\u00fcyorum.<br \/>\n\u201c\u00dc\u00c7 NATO DENKLEM\u0130<br \/>\nT\u00fcrkiye\u2019nin 1952 y\u0131l\u0131nda NATO\u2019ya girmesi ile i\u00e7 ve d\u0131\u015f politikas\u0131 derinden etkilenmi\u015ftir. T\u00fcrkiye\u2019nin i\u00e7 politik faylar\u0131n\u0131 keskinle\u015ftiren, 1955, 6-7 Eyl\u00fcl olaylar\u0131 ile 27 May\u0131s 1960 , 12 Mart 1971, 1 May\u0131s 1979 katliam\u0131, 12 Eyl\u00fcl 1980, 28 \u015eubat 1997,\u00a027 Nisan\u00a02007 e-bildirisi ve 15 Temmuz 2016 \u00a0askeri m\u00fcdahalelerinde DER\u0130N NATO nun rol\u00fc T\u00fcrkiye\u2019de \u00e7ok a\u00e7\u0131k olarak tart\u0131\u015f\u0131lmam\u0131\u015ft\u0131r. Bunun yerine, i\u00e7 politikada siyasi liderler bu m\u00fcdahaleleri rakiplerine kar\u015f\u0131 kullanmay\u0131 tercih etmi\u015fledir. Benzer \u015fekilde bu SAVA\u015e\u00c7I ANGLOSAKSON DER\u0130N NATO nun G\u00fcney Amerika\u2019daki askeri m\u00fcdahalelerinde de rol\u00fc oldu\u011fu art\u0131k t\u00fcm D\u00fcnya\u2019da bilinmektedir.<br \/>\nSo\u011fuk sava\u015f d\u00f6nemi sonras\u0131nda, AB de Almanya\u2019n\u0131n ba\u015f\u0131n\u0131 \u00e7ekti\u011fi Avrupa\u2019n\u0131n, \u00a0\u00f6zellikle do\u011falgaz anla\u015fmalar\u0131 ile \u2018Rusya ile bar\u0131\u015f i\u00e7inde (ospolitik)ya\u015fama\u2019 \u00e7abalar\u0131, ABD\u2019 nin buna itirazlar\u0131n\u0131 dikkate almamas\u0131, SAVA\u015e\u00c7I ANGLOSAKSON DER\u0130N NATO\u2019ya direnen, Avrupa Ordusu ve stratejik \u00f6zerkli\u011fini savunan \u00d6ZERK AVRUPA NATOSU nun varl\u0131\u011f\u0131n\u0131 ortaya koymaktad\u0131r .Buna kar\u015f\u0131 DER\u0130N NATO\u2019 nun, Ukrayna ve \u00a0Do\u011fu Avrupa\u2019daki TURUNCU DEVR\u0130MLER\u0130 destekleyerek diktat\u00f6r ve fa\u015fist y\u00f6netimlere g\u00f6z yummas\u0131 ve Karadeniz devletlerinden \u00a0Bulgaristan ve Romanya\u2019y\u0131 NATO i\u00e7ine almas\u0131, Karadeniz\u2019e Donanma \u00e7\u0131karmak isteyen bu konuda \u00d6ZERK AVRUPA NATOSU ile SAVA\u015e\u00c7I ANGLOSAKSON DER\u0130N NATO nun fark\u0131n\u0131 ortaya koymaktad\u0131r.\u00a0<br \/>\nOrtado\u011fu\u2019da ise, \u00a0DER\u0130N NATO, laik Suriye y\u00f6netimini devirmeye \u00e7al\u0131\u015fm\u0131\u015ft\u0131r. Ayr\u0131ca, petrollerine haydut\u00e7a, el koyma \u00e7abas\u0131nda olan ANGLOSAKSON DER\u0130N NATO nun son hamlesi Suriye\u2019nin \u2018toprak b\u00fct\u00fcnl\u00fc\u011f\u00fcne\u2019 sayg\u0131 g\u00f6stermeyerek, 120 bin ki\u015filik ordusu olan (defacto) GARN\u0130ZON TER\u00d6R DEVLET\u0130 \u00a0kurma ve NATO\/BM nezdinde tan\u0131nmas\u0131 \u00a0\u00e7abalar\u0131d\u0131r. Buna kar\u015f\u0131l\u0131k, \u00a0\u2018Yurtta Bar\u0131\u015f, D\u00fcnya\u2019da Bar\u0131\u015f\u2019 diyen T\u00fcrkiye Cumhuriyetini kurucu liderini ve \u00fcniter devletini tan\u0131mayan, \u0130stanbul\u2019a \u2018Konstantinopolis\u2019 diyerek, Osmanl\u0131 referanslar\u0131 ile at\u0131fta bulunan ANGLO SAKSON DER\u0130N NATO\u2019un d\u0131\u015f politikada \u00a0\u00fclkemize d\u00fc\u015fmanca dayatmalar\u0131na kar\u015f\u0131; K\u0131br\u0131s(1963), K\u0131br\u0131s(1974), \u00a0PKK(1990), 1 Mart 2003 tezkeresi(2003), G\u00fcrcistan(2008), Ukrayna \u00a0Karadeniz\/Montr\u00f6(2014) ve \u00a0S-400(2019) \u00a0f\u00fczelerinin al\u0131m krizlerinde, \u00a0Atat\u00fcrk Cumhuriyetinin \u2018ba\u011f\u0131ms\u0131z devlet akl\u0131n\u0131\u2019 \u00a0temsil eden \u00a0BARI\u015e\u00c7I T\u00dcRK\u0130YE NATO\u2019su vard\u0131r. Zaman zaman, Almanya\u2019n\u0131n da \u00a0destekledi\u011fi, \u00a0pakt\u0131n i\u00e7inde ikinci b\u00fcy\u00fck ordusuna sahip BARI\u015e\u00c7I T\u00dcRK\u0130YE NATO su, \u0130smet \u0130n\u00f6n\u00fc, B\u00fclent Ecevit , Necmeddin Erbakan, Onur \u00d6ymen\u2019in taraf\u0131ndan ifade edilen d\u0131\u015f politika \u00e7izgisinde \u00a0\u2018t\u00fcm ter\u00f6r \u00f6rg\u00fctleriyle NATO\u2019ya \u00fcye devletlerin ili\u015fki kurulmas\u0131n\u0131(t\u00fcz\u00fc\u011f\u00fcnde yazd\u0131\u011f\u0131 gibi) \u2018ret edilmesini\u2019 \u00a0savunmaktad\u0131r\u201d. diye yazm\u0131\u015ft\u0131m.<\/p>\n<p>Macron\u2019un \u00e7\u0131k\u0131\u015f\u0131n\u0131n\u00a0 daha \u00f6ncede Avustralya\u2019ya sataca\u011f\u0131 denizalt\u0131 ve silahlar\u0131n son anda ABD \u015firketlerine verilmesine tepkisi an\u0131msan\u0131rsa, Macron\u2019un hegemonyaya hakl\u0131 \u00e7\u0131k\u0131\u015f\u0131n\u0131n ticari boyutta g\u00f6r\u00fclmesi nedeniyle onun bu direni\u015finin \u2018\u00e7\u0131kar kavgas\u0131\u2019 oldu\u011fu izlenimini vermekte ve yapt\u0131\u011f\u0131 \u00e7a\u011fr\u0131n\u0131n hakl\u0131 temellerini zay\u0131flatmaktad\u0131r. \u00a0<br \/>\nSonu\u00e7ta kanaatimce so\u011fuk sava\u015f d\u00f6neminde kurulmu\u015f Anglo-Sakson NATO\u2019nun politikalar\u0131n\u0131, \u00fcye AB \u00fclkeleri sorgulamad\u0131k\u00e7a bu direni\u015fin bir sonu\u00e7 \u00a0vermeyece\u011fi kanaatindeyim.<\/p>\n","protected":false},"excerpt":{"rendered":"<p>26 Nisan 2024 tarihli Cumhuriyet gazetesinin 7 . sayfas\u0131nda \u2018Macron\u2019dan Avrupa Egemenli\u011fi \u00c7\u0131k\u0131\u015f\u0131\u2019 ba\u015fl\u0131kl\u0131 bir haberi yakla\u015f\u0131k \u00fc\u00e7 y\u0131l \u00f6nce (2.06.2021) yazd\u0131\u011f\u0131m \u00dc\u00c7 NATO VE \u0130STANBUL\u2019 ba\u015fl\u0131kl\u0131 k\u00f6\u015fe yaz\u0131m\u0131\u00a0an\u0131msatt\u0131.\u00a0 Yukar\u0131daki haberde: \u2018Fransa Cumhurba\u015fkan\u0131 Emmanuel Macron\u2019un Avrupa Parlementosu se\u00e7imlerine haz\u0131rlan\u0131rken Avrupa Birli\u011fi\u2019nin (AB) stratejik \u00f6zerkli\u011fine y\u00f6nelik \u00e7a\u011fr\u0131lar\u0131n\u0131 yineledi. Macron Avrupa\u2019n\u0131n daha g\u00fc\u00e7l\u00fc ve daha entegre bir [&hellip;]<\/p>\n","protected":false},"author":13,"featured_media":71293,"comment_status":"open","ping_status":"open","sticky":false,"template":"","format":"standard","meta":{"footnotes":""},"categories":[28],"tags":[],"class_list":["post-71284","post","type-post","status-publish","format-standard","has-post-thumbnail","hentry","category-serdar-erkan"],"views":121,"_links":{"self":[{"href":"https:\/\/mersingazetesi.com\/index.php\/wp-json\/wp\/v2\/posts\/71284","targetHints":{"allow":["GET"]}}],"collection":[{"href":"https:\/\/mersingazetesi.com\/index.php\/wp-json\/wp\/v2\/posts"}],"about":[{"href":"https:\/\/mersingazetesi.com\/index.php\/wp-json\/wp\/v2\/types\/post"}],"author":[{"embeddable":true,"href":"https:\/\/mersingazetesi.com\/index.php\/wp-json\/wp\/v2\/users\/13"}],"replies":[{"embeddable":true,"href":"https:\/\/mersingazetesi.com\/index.php\/wp-json\/wp\/v2\/comments?post=71284"}],"version-history":[{"count":0,"href":"https:\/\/mersingazetesi.com\/index.php\/wp-json\/wp\/v2\/posts\/71284\/revisions"}],"wp:featuredmedia":[{"embeddable":true,"href":"https:\/\/mersingazetesi.com\/index.php\/wp-json\/wp\/v2\/media\/71293"}],"wp:attachment":[{"href":"https:\/\/mersingazetesi.com\/index.php\/wp-json\/wp\/v2\/media?parent=71284"}],"wp:term":[{"taxonomy":"category","embeddable":true,"href":"https:\/\/mersingazetesi.com\/index.php\/wp-json\/wp\/v2\/categories?post=71284"},{"taxonomy":"post_tag","embeddable":true,"href":"https:\/\/mersingazetesi.com\/index.php\/wp-json\/wp\/v2\/tags?post=71284"}],"curies":[{"name":"wp","href":"https:\/\/api.w.org\/{rel}","templated":true}]}}