{"id":70935,"date":"2024-04-25T13:36:10","date_gmt":"2024-04-25T10:36:10","guid":{"rendered":"https:\/\/mersingazetesi.com\/?p=70935"},"modified":"2024-06-11T21:47:45","modified_gmt":"2024-06-11T18:47:45","slug":"penceremden-genel-ve-yerel-secimlerin-kaybedeni-kim","status":"publish","type":"post","link":"https:\/\/mersingazetesi.com\/index.php\/2024\/04\/25\/penceremden-genel-ve-yerel-secimlerin-kaybedeni-kim\/","title":{"rendered":"PENCEREMDEN: GENEL VE YEREL SE\u00c7\u0130MLER\u0130N KAYBEDEN\u0130 K\u0130M?"},"content":{"rendered":"<p>Ulusal ve yerel bas\u0131nda, 31 Mart Yerel Se\u00e7imlerinden sonra  hem  adaylar, hemde se\u00e7men tutum  ve  davran\u0131\u015f\u0131n\u0131 anlamaya y\u00f6nelik bir \u00e7ok analiz  yap\u0131lmaya \u00e7al\u0131\u015f\u0131ld\u0131.<\/p>\n<p>\u00d6nceki se\u00e7im yaz\u0131mda, son yerel se\u00e7imde se\u00e7men y\u00f6nelimleri \u00fczerinden  \u2018temel \u00e7\u0131kar\u0131mlar\u0131\u2019 analiz etmi\u015ftim. Bu yaz\u0131mda da, bu analize devam edece\u011fiz.<\/p>\n<p>\u00c7\u00fcnk\u00fc 9 ay ara  ile yap\u0131lan iki se\u00e7imde \u00e7ok farkl\u0131 bir ortam olu\u015ftu. Bu yaz\u0131mda da her iki se\u00e7imin kaybettiren ana etkenlerini analiz edece\u011fiz.<\/p>\n<p>14-28 May\u0131s Genel se\u00e7imlerinde Cumhur ittifak\u0131 Cumhurba\u015fkan\u0131 ve TBMM se\u00e7imlerini az farkla olsa kazand\u0131. (yakla\u015f\u0131k y\u00fczde 3 oy fark\u0131)<\/p>\n<p>31 Mart yerel se\u00e7imlerinde ise CHP\u2019nin \u00f6nc\u00fcl\u00fck T\u00fcrkiye ittifak\u0131 b\u00fcy\u00fck birfarkla vede YRP se\u00e7imin kendi \u00f6l\u00e7\u00fctlerinde kazanan\u0131 oldu. Bunun nedenin CHP kongresinde \u00d6zg\u00fcr \u00d6zel\u2019in de\u011fi\u015fim umudu, \u0130mamo\u011flu, Yava\u015f gibi  sembol isimlerin belediyecilik uygulamalar\u0131n\u0131n \u00f6ne \u00e7\u0131kmas\u0131, iktidar\u0131n adil olmayan (TRT\u2019nin tutumu, CB bakanlar\u0131n ve valilerin, kaymakamlar\u0131n sahaya inmesi vb) uygulamalar\u0131ndan daha \u00e7ok,  Mehmet \u015eim\u015fek\u2019in  ekonomi program\u0131 kan\u0131mca \u00e7ok daha etkili oldu.<\/p>\n<p>GENEL SE\u00c7\u0130MLER\u0130N KAYBET\u0130REN ANA ETKEN\u0130 NED\u0130R? <\/p>\n<p>Daha \u00f6nceki yaz\u0131lar\u0131mda ifade etti\u011fim gibi se\u00e7men davran\u0131\u015flar\u0131n\u0131 psikoloji bilimindeki \u2018Moslow Hiyerar\u015fi\u2019si \u00fczerinden analiz etmek kan\u0131mca en do\u011fru yakla\u015f\u0131md\u0131r. <\/p>\n<p>Bu hiyerar\u015finin en tabandaki katmanlar\u0131 temel ihtiya\u00e7lar (beslenme, bar\u0131nma vb) ve g\u00fcvenlik ihtiyac\u0131d\u0131r. <\/p>\n<p>Buradan bak\u0131nca, genel se\u00e7imlerde g\u00fcvensizlik  duygusu hakim olmu\u015ftur. Bununda nedeni Alt\u0131l\u0131 masa program\u0131 ve bile\u015fenlerinin aralar\u0131ndaki anla\u015fmazl\u0131k g\u00f6r\u00fcn\u00fcm\u00fcd\u00fcr. Alt\u0131l\u0131 masa program\u0131n\u0131n 100 y\u0131l \u00f6nceki 1921 anayasas\u0131na referans vermesi, Deva ve Gelecek partisinin tarikat\u00e7\u0131 ve kimlik\u00e7i (BOP projesine uygun) taban\u0131 ok\u015fayan ifadeleri ile Ak\u015fener\u2019in  masadan kalkmak durumunda kal\u0131p, tekrar d\u00f6nmesi.  Cumhurba\u015fkan\u0131 yard\u0131mc\u0131s\u0131n\u0131n yediye \u00e7\u0131kmas\u0131 vb bu g\u00fcvensizli\u011fi besleyen  en somut tutumlard\u0131r.<\/p>\n<p>Sonu\u00e7ta alt\u0131l\u0131 masa ve Cumhurba\u015fkan\u0131 adaylar\u0131 se\u00e7menlere en temel ihtiya\u00e7 olan \u2018g\u00fcven  duygusunu\u2019 vermemi\u015ftir. Bu nedenle genel se\u00e7imlerin kaybedeni alt\u0131l\u0131 masa program\u0131 ve bile\u015fenleridir.<\/p>\n<p>YEREL SE\u00c7\u0130MLER\u0130N KAYBETT\u0130REN ANA ETKEN\u0130 NED\u0130R? <\/p>\n<p>Hemen s\u00f6yleyelim , 31 Mart yerel se\u00e7imin se\u00e7men davran\u0131\u015f\u0131n\u0131 etkileyen temel duygusu  Moslow hiyerar\u015fisindeki \u2018 beslenme ve temel gereksinimler\u2019dir.  Bunun T\u00fcrkiye siyasettindeki  kar\u015f\u0131l\u0131\u011f\u0131 tek kutuplu D\u00fcnya\u2019n\u0131n dayatt\u0131\u011f\u0131 ve uluslararas\u0131 finans kapitalin temsilcisi olarak atanan Mehmet \u015eim\u015fek\u2019in s\u00f6zde  \u2018rasyonel maliye politikalar\u0131\u2019d\u0131r.<\/p>\n<p>\u00d6zde kibarca \u2018Kemer s\u0131kma\u2019 denilen, t\u00fcketimi k\u0131sma, yani \u2018a\u00e7l\u0131\u011fa mahk\u00fcm etme\u2019  politikalar\u0131d\u0131r.  31 Mart yerel se\u00e7imin kaybeden \u00f6znesi Cumhur ittifaki  bile\u015fenleri de\u011fildir. Mehmet \u015eim\u015fek\u2019in yoksulla\u015ft\u0131rma ekonomi politikas\u0131d\u0131r.<\/p>\n<p>YRP BU GER\u00c7E\u011e\u0130 G\u00d6RD\u00dc<\/p>\n<p>Yerel se\u00e7imin kazananlardan biri bu iki temel duyguyu farkedip,  sonhafta  bu iki temel duyguya uygun s\u00f6ylem geli\u015ftiren Yeniden Refah Partisi( YRP) dir. Bu nedenle AKP taban\u0131ndaki memnuniyetsiz taban\u0131 \u00e7ekerek  b\u00fcy\u00fck s\u0131\u00e7rama (y\u00fczde 6,7 oy oran\u0131) yapm\u0131\u015ft\u0131r. <\/p>\n<p>YRP etkili olan temel s\u00f6ylemleri, <\/p>\n<p>\u201c\u0130srail ile ticaret kesilsin, K\u00fcrecik Radar\u0131 kapat\u0131ls\u0131n, En d\u00fc\u015f\u00fck Emekli maa\u015f\u0131 20.000 TL yap\u0131ls\u0131n\u201d idi.<\/p>\n<p>Bunlardan ilki memnuniyetsiz AKP taban\u0131na y\u00f6nelikti.  \u0130kincisi \u0130ran , \u0130srail sava\u015f\u0131nda do\u011frudan hedef olacak ve se\u00e7men g\u00fcvenlik duygusunu sarsan k\u00fcrecik radar\u0131 idi, \u00fc\u00e7\u00fcnc\u00fcs\u00fc ise, iktidar\u0131 zorlayan eylemleri ile en b\u00fcy\u00fck se\u00e7men kitlesi emeklilerin \u2018 beslenme ve bar\u0131nma\u2019 temel ihtiya\u00e7lar\u0131na y\u00f6nelikti. YRP\u2019nin b\u00fcy\u00fck se\u00e7men taban\u0131n\u0131n  temel gereksinimlerini kucaklayan bilimsel  \u00f6l\u00e7\u00fctlere uygun d\u00fc\u015fen ve yerinde s\u00f6ylemi ile yerel se\u00e7imlerin ikinci en \u00f6nemli kazanan\u0131 olmu\u015ftur.<\/p>\n<p>HAYD\u0130  1 MAYIS\u2019DA ALANLARI VE SOKAKLARI \u00d6ZG\u00dcRLE\u015eT\u0130RMEYE..!<\/p>\n<p>Tek kutuplu d\u00fcnya d\u00fczenin ekonomi politikas\u0131 , neoliberal kapitalist s\u00f6m\u00fcr\u00fc sisteminin dayatt\u0131\u011f\u0131 \u2018Mehmet \u015eim\u015fek\u2019in do\u011frudan halk\u0131n b\u00fcy\u00fck kesimini yoksulla\u015ft\u0131ran ekonomi politikalar\u0131na  bir kez daha hay\u0131r diye hayk\u0131rmak i\u00e7in emek\u00e7iler, 1 May\u0131s Emek ve Dayan\u0131\u015fma  Bayram\u0131nda meydanlara ve sokaklara inerek \u00f6zg\u00fcrle\u015ftirecekler. <\/p>\n<p>Mersin\u2019de Emek ve Demokrasi Platformu taraf\u0131ndan organize edilen  programa g\u00f6re 1 May\u0131s \u00c7ar\u015famba g\u00fcn\u00fc  \u00f6\u011fleden sonra t\u00fcm demokratik kitle ve emek \u00f6rg\u00fctleri eski TSGL stadyumu \u00f6n\u00fcnde  bulu\u015fup, Cumhuriyet meydan\u0131ndaki kutlamalara kat\u0131lacaklar. <\/p>\n<p>\u015eenlik havas\u0131nda planlanan bu bayrama t\u00fcm Mersinliler davetlidir.<\/p>\n<p>Haydi 1 May\u0131s\u2019a\u2026<\/p>\n","protected":false},"excerpt":{"rendered":"<p>Ulusal ve yerel bas\u0131nda, 31 Mart Yerel Se\u00e7imlerinden sonra hem adaylar, hemde se\u00e7men tutum ve davran\u0131\u015f\u0131n\u0131 anlamaya y\u00f6nelik bir \u00e7ok analiz yap\u0131lmaya \u00e7al\u0131\u015f\u0131ld\u0131. \u00d6nceki se\u00e7im yaz\u0131mda, son yerel se\u00e7imde se\u00e7men y\u00f6nelimleri \u00fczerinden \u2018temel \u00e7\u0131kar\u0131mlar\u0131\u2019 analiz etmi\u015ftim. Bu yaz\u0131mda da, bu analize devam edece\u011fiz. \u00c7\u00fcnk\u00fc 9 ay ara ile yap\u0131lan iki se\u00e7imde \u00e7ok farkl\u0131 bir ortam [&hellip;]<\/p>\n","protected":false},"author":13,"featured_media":70207,"comment_status":"open","ping_status":"open","sticky":false,"template":"","format":"standard","meta":{"footnotes":""},"categories":[28],"tags":[],"class_list":["post-70935","post","type-post","status-publish","format-standard","has-post-thumbnail","hentry","category-serdar-erkan"],"views":138,"_links":{"self":[{"href":"https:\/\/mersingazetesi.com\/index.php\/wp-json\/wp\/v2\/posts\/70935","targetHints":{"allow":["GET"]}}],"collection":[{"href":"https:\/\/mersingazetesi.com\/index.php\/wp-json\/wp\/v2\/posts"}],"about":[{"href":"https:\/\/mersingazetesi.com\/index.php\/wp-json\/wp\/v2\/types\/post"}],"author":[{"embeddable":true,"href":"https:\/\/mersingazetesi.com\/index.php\/wp-json\/wp\/v2\/users\/13"}],"replies":[{"embeddable":true,"href":"https:\/\/mersingazetesi.com\/index.php\/wp-json\/wp\/v2\/comments?post=70935"}],"version-history":[{"count":0,"href":"https:\/\/mersingazetesi.com\/index.php\/wp-json\/wp\/v2\/posts\/70935\/revisions"}],"wp:featuredmedia":[{"embeddable":true,"href":"https:\/\/mersingazetesi.com\/index.php\/wp-json\/wp\/v2\/media\/70207"}],"wp:attachment":[{"href":"https:\/\/mersingazetesi.com\/index.php\/wp-json\/wp\/v2\/media?parent=70935"}],"wp:term":[{"taxonomy":"category","embeddable":true,"href":"https:\/\/mersingazetesi.com\/index.php\/wp-json\/wp\/v2\/categories?post=70935"},{"taxonomy":"post_tag","embeddable":true,"href":"https:\/\/mersingazetesi.com\/index.php\/wp-json\/wp\/v2\/tags?post=70935"}],"curies":[{"name":"wp","href":"https:\/\/api.w.org\/{rel}","templated":true}]}}