{"id":70601,"date":"2024-04-19T10:09:19","date_gmt":"2024-04-19T07:09:19","guid":{"rendered":"https:\/\/mersingazetesi.com\/?p=70601"},"modified":"2024-06-11T21:47:45","modified_gmt":"2024-06-11T18:47:45","slug":"penceremden-prof-dr-kemal-kurdas-anisina","status":"publish","type":"post","link":"https:\/\/mersingazetesi.com\/index.php\/2024\/04\/19\/penceremden-prof-dr-kemal-kurdas-anisina\/","title":{"rendered":"PENCEREMDEN: PROF. DR. KEMAL KURDA\u015e ANISINA\u2026"},"content":{"rendered":"<p><img loading=\"lazy\" decoding=\"async\" src=\"http:\/\/mersingazetesi.com\/wp-content\/uploads\/2024\/04\/CDB_f8HUIAAVSOS.jpg\" alt=\"\" width=\"614\" height=\"686\" class=\"alignnone size-full wp-image-70604\" srcset=\"https:\/\/mersingazetesi.com\/wp-content\/uploads\/2024\/04\/CDB_f8HUIAAVSOS.jpg 614w, https:\/\/mersingazetesi.com\/wp-content\/uploads\/2024\/04\/CDB_f8HUIAAVSOS-269x300.jpg 269w\" sizes=\"auto, (max-width: 614px) 100vw, 614px\" \/><\/p>\n<p>Kemal KURDA\u015e, 27 May\u0131s 1960 Askeri M\u00fcdahalesi sonras\u0131, kurucu meclis \u00fcyeli\u011fi ile kurulan ilk h\u00fck\u00fcmette maliye bakanl\u0131\u011f\u0131 yapm\u0131\u015ft\u0131r. CHP\u2019den denk b\u00fct\u00e7e olarak ald\u0131\u011f\u0131 hazineyi Demokrat Parti\u2019nin \u00e7ar\u00e7ur etmesi nedeniyle IMF\u2019den bor\u00e7 almak i\u00e7in niyet mektubunu o haz\u0131rlayarak ekonominin \u00e7arklar\u0131n\u0131n d\u00f6nmesini sa\u011flam\u0131\u015ft\u0131r.<\/p>\n<p>ABD, gelecekte \u00e7ok hayati g\u00f6rd\u00fc\u011f\u00fc Ortado\u011fu\u2019daki \u00e7\u0131karlar\u0131nda, hem kendisi ile siyasi ve ekonomik i\u015fbirli\u011fi yapacak ingilizce bilen kadrolar\u0131n\u0131 yeti\u015ftirmek, hem de Orta Do\u011fu\u2019daki en parlak \u00f6\u011frencileri kendisine hi\u00e7 bir maliyet (\u00fcniversite \u00f6\u011frencisinin yakla\u015f\u0131k maliyeti bug\u00fcn yakla\u015f\u0131k 1,5 trilyon TL civar\u0131ndad\u0131r) olmadan yeti\u015ftirilip, ABD\u2019ye \u00e7ekip, yararlanmak ve bir bak\u0131ma da Ortado\u011fu \u00fclkelerini bu beyinlerden mahrum b\u0131rakmak i\u00e7in n\u00fcfuzunu kullanarak, mali ve teknik yard\u0131m s\u00f6z\u00fcyle b\u00f6yle bir \u00fcniversitenin kurulmas\u0131n\u0131 T\u00fcrkiye\u2019ye telkin etmi\u015fti.<\/p>\n<p>KUVVACI \u00c7OCU\u011eU OLUNCA\u2026<\/p>\n<p>19 Nisan, benimde mezunu olmakla onur duydu\u011fum, \u00fclkemizin ve D\u00fcnya\u2019n\u0131n en iyi \u00fcniversitelerinden biri olan Orta Do\u011fu Teknik \u00dcniversitesi \u2018nde(ODT\u00dc) \u00f6\u011frenim g\u00f6rmeme vesile olan, ODT\u00dc\u2019n\u00fcn kurucu rekt\u00f6r\u00fc Prof. Dr. Kemal Kurda\u015f\u2019\u0131n 13. \u00f6l\u00fcm y\u0131ld\u00f6n\u00fcm\u00fcd\u00fcr. <\/p>\n<p>Kemal Kurda\u015f, Kendi hat\u0131ralar\u0131nda babas\u0131n\u0131n Kuvva-i Milliyeci olmas\u0131 nedeniyle, t\u00fcm \u00f6\u011frenim hayat\u0131 s\u00fcresince e\u011fitimini paras\u0131z yat\u0131l\u0131 okullarda yapt\u0131\u011f\u0131n\u0131, her f\u0131rsatta bu borcunu bu devlete \u00f6demek istedi\u011fini hat\u0131ralar\u0131nda anlatm\u0131\u015ft\u0131r(*). <\/p>\n<p>ODT\u00dc\u2019y\u00fc kurma teklifi (san\u0131r\u0131m IMF\u2019de yapt\u0131\u011f\u0131 g\u00f6rev nedeniyle) ona iletildi\u011finde \u00fclkesine olan borcunu \u00f6deme f\u0131rsat\u0131 olarak d\u00fc\u015f\u00fcnm\u00fc\u015f, di\u011fer kariyer tekliflerini red ederek kabul etmi\u015ftir.  <\/p>\n<p>Kurda\u015f\u2019\u0131n, 22 Kas\u0131m 1961 y\u0131l\u0131nda ba\u015flay\u0131p, 21 Kas\u0131m 1969 da biten, 8 y\u0131ll\u0131k rekt\u00f6rl\u00fck g\u00f6revi s\u00fcresi i\u00e7inde Kemal KURDA\u015e\u2019\u0131n ki\u015fisel \u00e7abalar\u0131yla 5.5 milyon m2 lik yerle\u015fkede, dikilen 12 milyon a\u011fa\u00e7 ve bozk\u0131r\u0131n ortas\u0131nda mimar Behruz \u00c7inici\u2019nin modern mimari anlay\u0131\u015f\u0131na  sahip binalar\u0131yla, \u00fclkemizin hep y\u00fcz ak\u0131 bir \u00fcniversitesi  olmu\u015ftur. <\/p>\n<p>T\u00fcrkiye\u2019de, belki D\u00fcnya\u2019da da bu kadar k\u0131sa s\u00fcrede bu ba\u015far\u0131y\u0131 yakalayan ba\u015fka bir \u00fcniversite yoktur. Buradan yeti\u015fen, yabanc\u0131 dil bilen bilimsel niteli\u011fi y\u00fcksek mezunlar\u0131, T\u00fcrkiye\u2019nin hem i\u00e7 politikas\u0131n\u0131 etkilemi\u015f, hem de b\u00fcrokrasideki katk\u0131lar\u0131yla vede Ar-Ge \u00e7al\u0131\u015fmalar\u0131yla, savunma sanayi ve ekonomi politikas\u0131n\u0131 olumlu anlamda y\u00f6nlendirip, geli\u015ftirmi\u015ftir. <\/p>\n<p> ODT\u00dc \u015eA\u015eIRTIYOR <\/p>\n<p>Ancak ODT\u00dc, beklenenin aksine hi\u00e7bir zaman emperyalizmin \u00e7\u0131karlar\u0131yla uyumlu bir \u00fcniversite kimli\u011finde olmam\u0131\u015f, tam aksine, ABD \u00e7\u0131karlar\u0131na kar\u015f\u0131 T\u00fcrkiye\u2019de ve Orta Do\u011fu\u2019da, anti emperyalist sol hareketin merkezi olmu\u015ftur.<\/p>\n<p>\u00d6zellikle, CIA\u2019da y\u00f6neticilik yapm\u0131\u015f, Vietnam kasab\u0131 olarak bilinen, ABD B\u00fcy\u00fckel\u00e7isi Robert Commer\u2019\u0131n arabas\u0131n\u0131n ODT\u00dc\u2019de yak\u0131lmas\u0131yla, ABD y\u00f6netimleri b\u00fcy\u00fck bir \u015fa\u015fk\u0131nl\u0131k ya\u015fam\u0131\u015ft\u0131r.<\/p>\n<p>ODT\u00dc K\u00d6Y ENST\u0130T\u00dcLER\u0130N\u0130N B\u0130R\u0130K\u0130M\u0130N\u0130 GELECE\u011eE TA\u015eIYOR<\/p>\n<p>Bu sat\u0131rlar\u0131n yazar\u0131na g\u00f6re ODT\u00dc, tarihsel  ve sosyolojik a\u00e7\u0131dan, K\u00f6y Enstit\u00fclerinden sonra, T\u00fcrkiye\u2019nin gidi\u015fat\u0131n\u0131 etkileyen  ikinci b\u00fcy\u00fck bilimsel e\u011fitim ve  \u00f6\u011frenim hamlesidir. \u00c7\u00fcnk\u00fc, yabanc\u0131 dilde e\u011fitim ve Kurda\u015f\u2019\u0131n yarat\u0131\u011f\u0131 akademik iklimde, \u00fclkemizin her k\u00f6\u015fesinden gelen memur, i\u015f\u00e7i, k\u00f6yl\u00fc, esnaf  vb halk \u00e7ocuklar\u0131 girdikleri ODT\u00dc\u2019den, Atat\u00fcrk\u00e7\u00fc, yurtsever, ilerici, toplumcu ve devrimci d\u00fc\u015f\u00fcncelerle yo\u011frularak mezun olmu\u015flard\u0131r.<\/p>\n<p>Bunun birinci nedeni, Kuvva-i Milliye gelene\u011finden gelen ailenin  \u00e7ocu\u011fu olan kurucu rekt\u00f6r Kemal KURDA\u015e\u2019\u0131n \u00e7abalar\u0131yla yarat\u0131lan, Atat\u00fcrk Devrim ve \u0130lkelerine ba\u011fl\u0131, ho\u015fg\u00f6r\u00fcl\u00fc, ele\u015ftirel ve bilimsel akademik e\u011fitim ilklimidir. \u00d6yle ki, rekt\u00f6rl\u00fck binas\u0131na misafir olarak gelen, B\u00fcy\u00fckel\u00e7i Commer\u2019in arabas\u0131n\u0131n yak\u0131lmas\u0131 sonras\u0131nda bile, bu olaya \u00e7ok \u00fcz\u00fclmesine ra\u011fmen \u00fcniversitede hep fikir \u00f6zg\u00fcrl\u00fc\u011f\u00fcnden yana, hep \u00f6\u011frencilerine empati ve sevgi ile yakla\u015fm\u0131\u015f, iktidarlar\u0131n\u0131n bask\u0131lar\u0131na ra\u011fmen hep \u00f6\u011frencilerinden yana tav\u0131r koymu\u015f, korumu\u015ftur. Bu yakla\u015f\u0131m\u0131yla \u00f6\u011frencilerinin sevgisini kazanm\u0131\u015fsa da, iktidar\u0131n boy hedefi olmu\u015f ve istifa etmek zorunda kalm\u0131\u015ft\u0131r. <\/p>\n<p>\u0130kinci nedeni, kuruldu\u011fu ve geli\u015fti\u011fi, 1960\u2019l\u0131 ve 1970\u2019li y\u0131llarda, kapat\u0131lan K\u00f6y Enstit\u00fclerinden ve onun devam\u0131 olan \u0130lk \u00d6\u011fretmen Okullar\u0131ndan mezun nitelikli \u00f6\u011fretmenlerin  yeti\u015ftirdi\u011fi \u00f6\u011frencilerin ODT\u00dc\u2019de bulu\u015fmas\u0131yd\u0131. Ger\u00e7ektende Anadolu\u2019nun her k\u00f6\u015fesinde K\u00f6y Enstit\u00fcl\u00fc \u00f6\u011fretmenlerin yeti\u015ftirdi\u011fi halk \u00e7ocuklar\u0131na ilkokul ve yat\u0131l\u0131 ortaokullar ile liselerde, bug\u00fcne k\u0131yasla f\u0131rsat e\u015fitli\u011fini sa\u011flayan daha nitelikli e\u011fitim verilmekteydi. Bu \u00f6\u011frenciler i\u00e7inden, bilgi seviyesi ve yordama becerisi y\u00fcksek, ele\u015ftirel d\u00fc\u015f\u00fcnebilen en zeki, halk \u00e7ocuklar\u0131n\u0131n, ODT\u00dc\u2019y\u00fc ve di\u011fer iyi \u00fcniversitelerin s\u0131nav\u0131n\u0131 daha kolay kazanabiliyorlard\u0131. <\/p>\n<p>\u00c7\u00fcnk\u00fc, o y\u0131llarda nitelik a\u00e7\u0131s\u0131ndan, k\u00f6y ve kasabalar ile  kentlerdeki e\u011fitim aras\u0131nda bug\u00fcnk\u00fc kadar, \u00e7ok b\u00fcy\u00fck fark yoktu. \u00d6yleki \u00f6zel okullar ve dershaneler bug\u00fcnk\u00fc kadar  yayg\u0131n de\u011fildi. Ayr\u0131ca o y\u0131llarda yap\u0131lan \u00d6SYM s\u0131navlar\u0131nda al\u0131nan puanlar\u0131n, y\u00fczde 60\u2019\u0131 bilgiye, y\u00fczde 40 yetenek puanlar\u0131na dayan\u0131yordu. B\u00f6ylelikle k\u00f6ylerle kentlerde okuyan \u00f6\u011frenciler aras\u0131nda, s\u0131navlarda f\u0131rsat e\u015fitli\u011fi bug\u00fcne g\u00f6re nispeten  daha iyiydi. B\u00f6ylelikle, Hasan AliY\u00fccel\u2019in vizyonunda \u00f6ng\u00f6rd\u00fc\u011f\u00fc \u2018Anadolu\u2019nun da\u011flar\u0131ndan k\u0131rlar\u0131ndan, bay\u0131rlar\u0131ndan, en \u00fccra k\u00f6\u015felerinden, kasabalar\u0131ndan ve kentlerin varo\u015flar\u0131ndan\u2019 gelen, Atat\u00fcrk Devrim ve \u0130lkeleri, insan sevgisiyle, yurtsever ve ele\u015ftirel ortamda yeti\u015ftirilmi\u015f i\u015f\u00e7i, k\u00f6yl\u00fc, esnaf, memur her s\u0131n\u0131ftan halk \u00e7ocuklar\u0131, ba\u015fkent Ankara\u2019da ODT\u00dc\u2019n\u00fcn ho\u015fg\u00f6r\u00fcl\u00fc ve bilimsel yerle\u015fkesinde ve yurtlarda ayn\u0131 ortamda ve bir arada ya\u015fayarak \u00f6\u011frenim g\u00f6rd\u00fcler. <\/p>\n<p>Bu gen\u00e7ler, ODT\u00dc de ald\u0131klar\u0131, bilimsel niteli\u011fi y\u00fcksek akademik \u0130ngilizce e\u011fitimle birlikte, D\u00fcnya literat\u00fcr\u00fcn\u00fc de takip ederek o y\u0131llarda, kurucular\u0131n\u0131n tam ba\u011f\u0131ms\u0131zl\u0131k ve anti emperyalist \u00e7izgisine ra\u011fmen \u00fclkemizin  nereye savruldu\u011funu farketmi\u015flerdi. <\/p>\n<p>O y\u0131llarda, D\u00fcnyan\u0131n her yerindeki, 68 ve 78 ku\u015fa\u011f\u0131 gibi politize oldular. ODT\u00dc\u2019de ve Ankara\u2019daki di\u011fer \u00fcniversitelerin amfilerinde, fikir kul\u00fcplerinde, \u00f6\u011frenci topluluklar\u0131nda, d\u00fczenledikleri  \u201cforum\u201dlarda, \u00fclke sorunlar\u0131n\u0131 okuyarak, tart\u0131\u015farak ve birbirinden \u00f6\u011frenerek ilerici ve devrimci ele\u015ftirel d\u00fc\u015f\u00fcncelerini tart\u0131\u015fm\u0131\u015flar ve geli\u015ftirmi\u015flerdir. \u0130\u015fte anlamda ODT\u00dc, K\u00f6y Enstit\u00fcl\u00fc \u00f6\u011fretmenlerden ald\u0131klar\u0131,  ayd\u0131nlanmac\u0131, ele\u015ftirel ve ilerici ruhunun g\u00fcn\u00fcm\u00fcze ta\u015f\u0131y\u0131c\u0131s\u0131 olmu\u015ftur.<\/p>\n<p> <img loading=\"lazy\" decoding=\"async\" src=\"http:\/\/mersingazetesi.com\/wp-content\/uploads\/2024\/04\/MiddleEastTechnicalUniversityTreeOfScience800x512.jpg\" alt=\"\" width=\"800\" height=\"512\" class=\"alignnone size-full wp-image-70603\" srcset=\"https:\/\/mersingazetesi.com\/wp-content\/uploads\/2024\/04\/MiddleEastTechnicalUniversityTreeOfScience800x512.jpg 800w, https:\/\/mersingazetesi.com\/wp-content\/uploads\/2024\/04\/MiddleEastTechnicalUniversityTreeOfScience800x512-300x192.jpg 300w, https:\/\/mersingazetesi.com\/wp-content\/uploads\/2024\/04\/MiddleEastTechnicalUniversityTreeOfScience800x512-768x492.jpg 768w\" sizes=\"auto, (max-width: 800px) 100vw, 800px\" \/><\/p>\n<p>ODT\u00dc CUMHUR\u0130YET\u0130M\u0130Z\u0130N AYDINLANMACI, BA\u011eIMSIZLIK\u00c7I VE \u00d6ZG\u00dcRL\u00dcK\u00c7\u00dc KALES\u0130D\u0130R<\/p>\n<p>T\u00fcrkiye\u2019nin 1952 y\u0131l\u0131nda girdi\u011fi NATO kafesinde, o g\u00fcnk\u00fc iktidarlar\u0131n, Atat\u00fcrk\u2019\u00fcn tam ba\u011f\u0131ms\u0131zl\u0131k ilkesinin \u00e7i\u011fnenmesini ve anti demokratik gidi\u015fat\u0131n\u0131 hep sorgulam\u0131\u015f ve bu gidi\u015fata eylemsel olarak da hep kar\u015f\u0131 \u00e7\u0131km\u0131\u015flard\u0131r. 1960\u2019l\u0131 ve 1970\u2019li y\u0131llarda gelenekselle\u015fen bu kimlik ve birikim, 1980 darbesinden sonra da g\u00fcn\u00fcm\u00fcze kadar gelmi\u015ftir.<\/p>\n<p>Bug\u00fcn ODT\u00dc, sahip oldu\u011fu uluslararas\u0131 sayg\u0131n bilimsel kapasitesi , halk\u00e7\u0131 ve yurtsever duru\u015fuyla, d\u00fcn oldu\u011fu gibi, bug\u00fcnde yap\u0131lan t\u00fcm sald\u0131r\u0131lara kar\u015f\u0131, Cumhuriyetimizin ayd\u0131nlanmac\u0131, ba\u011f\u0131ms\u0131zl\u0131k\u00e7\u0131, \u00f6zg\u00fcrl\u00fck\u00e7\u00fc ve ilerici birikimini bug\u00fcne kadar korumay\u0131 ba\u015faran T\u00fcrkiye\u2019deki ender kurumlardand\u0131r. <\/p>\n<p>En son olarak, ODT\u00dc\u2019n\u00fcn bu bilinen geneti\u011fini ve sosyolojik miras\u0131n\u0131 de\u011fi\u015ftirmek amac\u0131yla, rekt\u00f6rl\u00fck eliyle, ODT\u00dc Vakf\u0131na ait \u201ckavakl\u0131k  arazisi\u201dnin yasad\u0131\u015f\u0131 bir \u015fekilde KYK\u2018ya devredilerek, b\u00fcy\u00fck bir \u00f6\u011frenci yurdu yap\u0131larak, ODT\u00dc\u2018n\u00fcn i\u00e7ine Truva at\u0131 sokulmak istenmi\u015ftir. <\/p>\n<p>ODT\u00dc\u2019\u00fcn \u00f6\u011fretim \u00fcyeleri ve \u00f6\u011frencileri ile birlikte, kamuoyunun da deste\u011fi ile tek v\u00fccut olarak  kar\u015f\u0131 koyarak bu hukuk d\u0131\u015f\u0131 f\u0131rsat\u00e7\u0131  sald\u0131r\u0131y\u0131 durdurmu\u015ftur.<\/p>\n<p>19 Nisan 2011\u2019de, 91 ya\u015f\u0131nda kaybetti\u011fimiz kurucu rekt\u00f6r\u00fcm\u00fcz Prof. Dr. Kemal KURDA\u015e\u2019\u0131n \u00fclkemize kazand\u0131rd\u0131\u011f\u0131, D\u00fcnya\u2019n\u0131n en sayg\u0131n \u00fcniversiteleri aras\u0131nda yer alan ODT\u00dc\u2019den;  Atat\u00fcrk\u00e7\u00fc, yurtsever, ayd\u0131nlanmac\u0131, \u00f6zg\u00fcrl\u00fck\u00e7\u00fc, anti-emperyalist, halk\u00e7\u0131, devrimci ve ilerici, kimli\u011fi ile yeti\u015fen \u00f6\u011frencileri olarak kendisini sayg\u0131 ve sevgiyle an\u0131yoruz. <\/p>\n<p>K\u00f6y Enstit\u00fclerinin okul arazilerine a\u011fa\u00e7 dikme gelene\u011fini de ya\u015fatan Kemal KURDA\u015e  ve bozk\u0131ra dikti\u011fi a\u011fa\u00e7lar hep ya\u015fayacak ve ODT\u00dc yerle\u015fkesinde k\u00f6k salan \u2018bilim a\u011fac\u0131n\u0131n yayd\u0131\u011f\u0131 ayd\u0131nlanma \u0131\u015f\u0131\u011f\u0131\u2019 hi\u00e7 s\u00f6nmeyecek, \u00fclkemizin gelece\u011fini ayd\u0131nlatmaya devam edecektir. <\/p>\n<p>Vefat\u0131n\u0131n 13. y\u0131l\u0131nda, ba\u015fta  kurucu rekt\u00f6r\u00fcm\u00fcz Kemal KURDA\u015e ile Ankara\u2019n\u0131n d\u00f6rt bir yan\u0131ndan \u00f6\u011frencileri ta\u015f\u0131yan  mavi otob\u00fcslerini kullanan \u015f\u00f6f\u00f6rlerinden, \u00f6\u011frencilerine; hizmetlilerinden,\u00f6\u011fretim \u00fcyelerine; ile gelmi\u015f ge\u00e7mi\u015f ya\u015fayan ve vefat eden t\u00fcm rekt\u00f6rlerimiz ile bug\u00fcne kadar ODT\u00dc\u2019ye emek vermi\u015f, tam ba\u011f\u0131ms\u0131z ideali ile m\u00fccadele etmi\u015f ve bu yolda hayat\u0131n\u0131 kaybetmi\u015f  t\u00fcm \u2018 hocalar\u0131n\u2019 an\u0131s\u0131na sayg\u0131 ve  minnetle\u2026<\/p>\n<p>(*) Kemal KURDA\u015e, ODT\u00dc Anlar\u0131, ODT\u00dc Yay\u0131nlar\u0131, May\u0131s 2011<\/p>\n","protected":false},"excerpt":{"rendered":"<p>Kemal KURDA\u015e, 27 May\u0131s 1960 Askeri M\u00fcdahalesi sonras\u0131, kurucu meclis \u00fcyeli\u011fi ile kurulan ilk h\u00fck\u00fcmette maliye bakanl\u0131\u011f\u0131 yapm\u0131\u015ft\u0131r. CHP\u2019den denk b\u00fct\u00e7e olarak ald\u0131\u011f\u0131 hazineyi Demokrat Parti\u2019nin \u00e7ar\u00e7ur etmesi nedeniyle IMF\u2019den bor\u00e7 almak i\u00e7in niyet mektubunu o haz\u0131rlayarak ekonominin \u00e7arklar\u0131n\u0131n d\u00f6nmesini sa\u011flam\u0131\u015ft\u0131r. ABD, gelecekte \u00e7ok hayati g\u00f6rd\u00fc\u011f\u00fc Ortado\u011fu\u2019daki \u00e7\u0131karlar\u0131nda, hem kendisi ile siyasi ve ekonomik i\u015fbirli\u011fi [&hellip;]<\/p>\n","protected":false},"author":13,"featured_media":70207,"comment_status":"open","ping_status":"open","sticky":false,"template":"","format":"standard","meta":{"footnotes":""},"categories":[28],"tags":[],"class_list":["post-70601","post","type-post","status-publish","format-standard","has-post-thumbnail","hentry","category-serdar-erkan"],"views":285,"_links":{"self":[{"href":"https:\/\/mersingazetesi.com\/index.php\/wp-json\/wp\/v2\/posts\/70601","targetHints":{"allow":["GET"]}}],"collection":[{"href":"https:\/\/mersingazetesi.com\/index.php\/wp-json\/wp\/v2\/posts"}],"about":[{"href":"https:\/\/mersingazetesi.com\/index.php\/wp-json\/wp\/v2\/types\/post"}],"author":[{"embeddable":true,"href":"https:\/\/mersingazetesi.com\/index.php\/wp-json\/wp\/v2\/users\/13"}],"replies":[{"embeddable":true,"href":"https:\/\/mersingazetesi.com\/index.php\/wp-json\/wp\/v2\/comments?post=70601"}],"version-history":[{"count":0,"href":"https:\/\/mersingazetesi.com\/index.php\/wp-json\/wp\/v2\/posts\/70601\/revisions"}],"wp:featuredmedia":[{"embeddable":true,"href":"https:\/\/mersingazetesi.com\/index.php\/wp-json\/wp\/v2\/media\/70207"}],"wp:attachment":[{"href":"https:\/\/mersingazetesi.com\/index.php\/wp-json\/wp\/v2\/media?parent=70601"}],"wp:term":[{"taxonomy":"category","embeddable":true,"href":"https:\/\/mersingazetesi.com\/index.php\/wp-json\/wp\/v2\/categories?post=70601"},{"taxonomy":"post_tag","embeddable":true,"href":"https:\/\/mersingazetesi.com\/index.php\/wp-json\/wp\/v2\/tags?post=70601"}],"curies":[{"name":"wp","href":"https:\/\/api.w.org\/{rel}","templated":true}]}}