{"id":70201,"date":"2024-04-08T16:24:42","date_gmt":"2024-04-08T13:24:42","guid":{"rendered":"https:\/\/mersingazetesi.com\/?p=70201"},"modified":"2024-06-11T21:47:45","modified_gmt":"2024-06-11T18:47:45","slug":"penceremden-gazzede-soykirim-vicdanlari-kanatiyor","status":"publish","type":"post","link":"https:\/\/mersingazetesi.com\/index.php\/2024\/04\/08\/penceremden-gazzede-soykirim-vicdanlari-kanatiyor\/","title":{"rendered":"PENCEREMDEN: GAZZE\u2019DE SOYKIRIM V\u0130CDANLARI KANATIYOR..!"},"content":{"rendered":"<p>7 Ekim 2023 tarihinde Hamas \u00f6rg\u00fct\u00fc\u2019n\u00fcn Kassam Tugaylar\u0131\u2019n\u0131n sald\u0131r\u0131s\u0131 sonunda bin 200 \u0130srail vatanda\u015f\u0131n\u0131n \u00f6lmesi ve bir \u00e7ok \u0130srail yurtta\u015f\u0131n\u0131n ve \u00e7ocuklar\u0131n\u0131n rehin al\u0131nmas\u0131 vah\u015feti ve ter\u00f6r\u00fc  asla kabul edilemez. <\/p>\n<p>Ayn\u0131 \u015fekilde, bu ter\u00f6r vah\u015feti  sonras\u0131nda ya\u015fananlar, Netanyahu Ba\u015fkanl\u0131\u011f\u0131ndaki \u0130srail devletinin Gazze\u2019ye ba\u015flatt\u0131klar\u0131 sald\u0131r\u0131lar sonucu, bug\u00fcn itibariyle soyk\u0131r\u0131ma d\u00f6nmesi  ve  \u00f6nemli bir k\u0131sm\u0131 \u00e7ocuk ve gen\u00e7 33 bin Filistinlinin de katledilmesi de asla kabul edilemez.<\/p>\n<p>BM hukukuna g\u00f6re ba\u015flang\u0131\u00e7ta \u0130srail\u2019in ter\u00f6re yan\u0131t verme hakk\u0131 kabul g\u00f6rm\u00fc\u015fse de, bug\u00fcn art\u0131k \u0130srail orant\u0131s\u0131z g\u00fcc\u00fc kesintisiz ve art\u0131rarak kullanarak bu bir sava\u015f su\u00e7u olmaktan \u00e7\u0131k\u0131p, insanl\u0131\u011fa kar\u015f\u0131 soyk\u0131r\u0131m su\u00e7una d\u00f6n\u00fc\u015fm\u00fc\u015ft\u00fcr. \u00c7\u00fcnk\u00fc ablukaya  ald\u0131klar\u0131 Gazze halk\u0131n\u0131, hedef g\u00f6zetmeksizin  \u00e7ocuk ve kad\u0131nlar\u0131, hastahaneleri, ibadet yerlerini, yard\u0131m noktalar\u0131n\u0131 ve konvoylar\u0131n\u0131  her g\u00fcn tonlarca bomba ya\u011fd\u0131rarak bilerek ve kasten \u00f6ld\u00fcrmeye devam etmektedirler. <\/p>\n<p>Nitekim G\u00fcney Afrika   Uluslararas\u0131 Adalet Divan\u0131\u2019na ba\u015fvurarak \u0130srail\u2019in yarg\u0131lanmas\u0131n\u0131 istemi\u015ftir.<\/p>\n<p>Di\u011fer taraftan yahudi lobileri y\u00fckselen itiraz seslerine kar\u015f\u0131, t\u00fcm g\u00fcc\u00fcyle bask\u0131 uygulamaktad\u0131r.<\/p>\n<p>Bu ko\u015fullarda, \u0130srail Silahl\u0131 Kuvvetleri orant\u0131s\u0131z g\u00fc\u00e7 kullanarak tam 6 ayd\u0131r, sivil hedefleri -hastahaneler, kiliseler , camiler ve yard\u0131m konvoylar\u0131- bombalamaya devam ediyor.<br \/>\nGe\u00e7ti\u011fimiz g\u00fcn insan\u0131 yard\u0131m ekiplerinin de bombalamalar sonucu, baz\u0131  Avrupal\u0131 ve Amerikal\u0131   yard\u0131m g\u00f6n\u00fcll\u00fclerin de \u00f6ld\u00fc\u011f\u00fc bilgisi medyada yerald\u0131. <\/p>\n<p>Ya\u015fanan bu t\u00fcr olaylarla, Netanyahu h\u00fck\u00fcmeti, art\u0131k t\u00fcm D\u00fcnya\u2019da tepki toplamaya ba\u015flad\u0131.<br \/>\nBa\u015fta \u0130srail\u2019de, y\u00fczbin civar\u0131nda ki\u015fi, Netanyahu\u2019nun art\u0131k bu soyk\u0131r\u0131ma d\u00f6n\u00fc\u015fen bu politikalar\u0131n\u0131 ge\u00e7ti\u011fimiz g\u00fcnlerde de protesto etti.<\/p>\n<p>ABD\u2019de ve Avrupa\u2019da  yard\u0131m konvoylar\u0131n\u0131n bombalanmas\u0131 ile ABD ve AB yurtta\u015flar\u0131n\u0131n  \u00f6lmesi nedeniyle de \u0130srail\u2019in siyonist be soyk\u0131r\u0131mc\u0131 politikalar\u0131na kar\u015f\u0131 D\u00fcnya\u2019n\u0131n her yerinden sert s\u00f6zler y\u00fckselmeye ba\u015flad\u0131.<\/p>\n<p>Evvelsi g\u00fcn Konya\u2019da da binlerce ki\u015fi, hem \u0130srail\u2019i,   hemde  AKP iktidar\u0131n\u0131n iki y\u00fczl\u00fc \u0130srail politikalar\u0131n\u0131 protesto etti. <\/p>\n<p>Ge\u00e7ti\u011fimiz yerel se\u00e7imlerde AKP\u2019nin oy kayb\u0131n\u0131n \u00f6nemli nedenlerinden birinin de, \u0130srail\u2019le yap\u0131lan ticaret oldu\u011fu ve Yeniden Refah Partisi\u2019ne kayan (YRP) oylarla \u00fc\u00e7\u00fcnc\u00fc parti olmas\u0131n\u0131n bu iki y\u00fczl\u00fc politikalar\u0131n\u0131n  sorgulamas\u0131 oldu\u011fu biliniyor.<\/p>\n<p>Ancak art\u0131k m\u0131zrak \u00e7uvala s\u0131\u011fm\u0131yor. AKP bu konuda gittik\u00e7e k\u00f6\u015feye s\u0131k\u0131\u015f\u0131yor.. <\/p>\n<p>B\u00dcT\u00dcN \u0130NSANLIK B\u00dcY\u00dcK B\u0130R SINAVDAN GE\u00c7\u0130YOR<\/p>\n<p>Hem ABD, hem de Avrupa\u2019da 33 bin civar\u0131nda(her g\u00fcn artan) \u00f6l\u00fcmler,<\/p>\n<p>Gazze\u2019de ba\u015flayan su ve g\u0131da yoklu\u011fu,<\/p>\n<p>\u00f6len Filistinli say\u0131s\u0131n\u0131 her ge\u00e7en g\u00fcn daha da art\u0131r\u0131yor. Ba\u015flang\u0131\u00e7ta, ABD\u2019nin b\u00f6lgedeki, ileri karakolu olan \u0130srail\u2019e verdi\u011fi destek, ABD kamuoyunda yava\u015f yava\u015f tepkiye d\u00f6n\u00fc\u015f\u00fcyor.<\/p>\n<p>Baz\u0131 senat\u00f6r ve milletvekilleri taraf\u0131ndan da, \u0130srail\u2019e verilen silah deste\u011finin kesilmesi art\u0131k daha y\u00fcksek sesle dile getiriliyor.<\/p>\n<p>\u00d6n\u00fcm\u00fczdeki s\u00fcre\u00e7te. yakla\u015fan  ba\u015fkanl\u0131k se\u00e7imleri nedeniyle  Biden\u2019\u0131n ve di\u011fer ba\u015fkan adaylar\u0131n\u0131n bu tepkileri  g\u00f6rmezlikten gelemeyece\u011fine, muhakkak  g\u00f6z\u00fcyle bak\u0131l\u0131yor. <\/p>\n<p>Ukrayna sava\u015f\u0131yla ba\u015flayan \u00c7ok Kutuplu  D\u00fcnya D\u00fczeni\u2019nde(\u00c7KDD), ba\u015fta Filistinliler olmak \u00fczere mazlum halklar\u0131n \u00e7\u0131karlar\u0131n\u0131 ve  soyk\u0131r\u0131m\u0131 \u00f6nleyecek yeni bir BM hukukununun g\u00fcndeme getirilmesi ve tart\u0131\u015f\u0131lmas\u0131 gerekiyor.<\/p>\n<p>Bug\u00fcnk\u00fc BM hukuk d\u00fczeninde veto yetkisi bulunan ABD, Fransa, \u0130ngiltere, \u00c7in ve Rusya\u2019ya ra\u011fmen, D\u00fcnya\u2019n\u0131n di\u011fer devletlerinin ve halklar\u0131n talepleri g\u00fcndeme bile gelemiyor!<\/p>\n<p>Gazzeli masum siviller ile \u00f6zellikle kad\u0131n ve \u00e7ocuklar t\u00fcm d\u00fcnyan\u0131n g\u00f6z\u00fc \u00f6n\u00fcnde katlediliyor ve D\u00fcnya\u2019n\u0131n mazlum  halklar\u0131 \u00e7aresiz  ve sessiz izliyor!<\/p>\n<p>Bu katliam ve soyk\u0131r\u0131m durdurulmaz ise, \u0130nsanl\u0131k ailesi ve \u0130srail sonunda gelecekte Hitler fa\u015fizminin ya\u015fatt\u0131\u011f\u0131 gibi b\u00fcy\u00fck bir utan\u00e7 ya\u015fayacakt\u0131r. <\/p>\n<p>Atat\u00fcrk\u2019\u00fcn \u2018Yurtta  Bar\u0131\u015f, D\u00fcnya\u2019da Bar\u0131\u015f\u2019 vizyonunu hayata ge\u00e7irebilmek i\u00e7in T\u00fcrkiye ve t\u00fcm mazlum milletler aya\u011fa kalkmal\u0131d\u0131r\u2026<\/p>\n","protected":false},"excerpt":{"rendered":"<p>7 Ekim 2023 tarihinde Hamas \u00f6rg\u00fct\u00fc\u2019n\u00fcn Kassam Tugaylar\u0131\u2019n\u0131n sald\u0131r\u0131s\u0131 sonunda bin 200 \u0130srail vatanda\u015f\u0131n\u0131n \u00f6lmesi ve bir \u00e7ok \u0130srail yurtta\u015f\u0131n\u0131n ve \u00e7ocuklar\u0131n\u0131n rehin al\u0131nmas\u0131 vah\u015feti ve ter\u00f6r\u00fc asla kabul edilemez. Ayn\u0131 \u015fekilde, bu ter\u00f6r vah\u015feti sonras\u0131nda ya\u015fananlar, Netanyahu Ba\u015fkanl\u0131\u011f\u0131ndaki \u0130srail devletinin Gazze\u2019ye ba\u015flatt\u0131klar\u0131 sald\u0131r\u0131lar sonucu, bug\u00fcn itibariyle soyk\u0131r\u0131ma d\u00f6nmesi ve \u00f6nemli bir k\u0131sm\u0131 \u00e7ocuk ve [&hellip;]<\/p>\n","protected":false},"author":13,"featured_media":70207,"comment_status":"open","ping_status":"open","sticky":false,"template":"","format":"standard","meta":{"footnotes":""},"categories":[28],"tags":[],"class_list":["post-70201","post","type-post","status-publish","format-standard","has-post-thumbnail","hentry","category-serdar-erkan"],"views":94,"_links":{"self":[{"href":"https:\/\/mersingazetesi.com\/index.php\/wp-json\/wp\/v2\/posts\/70201","targetHints":{"allow":["GET"]}}],"collection":[{"href":"https:\/\/mersingazetesi.com\/index.php\/wp-json\/wp\/v2\/posts"}],"about":[{"href":"https:\/\/mersingazetesi.com\/index.php\/wp-json\/wp\/v2\/types\/post"}],"author":[{"embeddable":true,"href":"https:\/\/mersingazetesi.com\/index.php\/wp-json\/wp\/v2\/users\/13"}],"replies":[{"embeddable":true,"href":"https:\/\/mersingazetesi.com\/index.php\/wp-json\/wp\/v2\/comments?post=70201"}],"version-history":[{"count":0,"href":"https:\/\/mersingazetesi.com\/index.php\/wp-json\/wp\/v2\/posts\/70201\/revisions"}],"wp:featuredmedia":[{"embeddable":true,"href":"https:\/\/mersingazetesi.com\/index.php\/wp-json\/wp\/v2\/media\/70207"}],"wp:attachment":[{"href":"https:\/\/mersingazetesi.com\/index.php\/wp-json\/wp\/v2\/media?parent=70201"}],"wp:term":[{"taxonomy":"category","embeddable":true,"href":"https:\/\/mersingazetesi.com\/index.php\/wp-json\/wp\/v2\/categories?post=70201"},{"taxonomy":"post_tag","embeddable":true,"href":"https:\/\/mersingazetesi.com\/index.php\/wp-json\/wp\/v2\/tags?post=70201"}],"curies":[{"name":"wp","href":"https:\/\/api.w.org\/{rel}","templated":true}]}}