{"id":70114,"date":"2024-04-05T17:17:07","date_gmt":"2024-04-05T14:17:07","guid":{"rendered":"https:\/\/mersingazetesi.com\/?p=70114"},"modified":"2024-06-11T21:47:45","modified_gmt":"2024-06-11T18:47:45","slug":"penceremden-demokrasiler-de-itiraz-kulturu-onemlidir","status":"publish","type":"post","link":"https:\/\/mersingazetesi.com\/index.php\/2024\/04\/05\/penceremden-demokrasiler-de-itiraz-kulturu-onemlidir\/","title":{"rendered":"PENCEREMDEN: DEMOKRAS\u0130LER DE \u0130T\u0130RAZ K\u00dcLT\u00dcR\u00dc \u00d6NEML\u0130D\u0130R"},"content":{"rendered":"<p>Genel se\u00e7imin ard\u0131ndan Van\u2019da, Gaziosmanpa\u015fa, Beykoz\u2019da, Tuzla\u2019da , Ardahan\u2019da ve \u00fclkemizin do\u011fusunda ve bat\u0131s\u0131nda bir \u00e7ok yerinde se\u00e7men iradesine kar\u015f\u0131 YSK \u00fczerinden yap\u0131lan sayg\u0131s\u0131zl\u0131k ve haks\u0131zl\u0131klar devlet kurumlar\u0131ndaki \u00e7\u00fcr\u00fcmeyi a\u00e7\u0131k\u00e7a ortaya koydu. <\/p>\n<p>Muhalefetin  itirazlar\u0131 ve yeniden say\u0131m talepleri kabul edilmez iken, ge\u00e7ersiz oyun CHP ve Cumhur ittifak\u0131 adaylar\u0131 aras\u0131nda  CHP adaylar\u0131n\u0131n. lehine oy fark\u0131n\u0131n kapanmayacak boyutta oldu\u011fu yerlerde bile tekrar oy say\u0131mlar yap\u0131l\u0131yor. <\/p>\n<p>Ancak ba\u015fta Van\u2019l\u0131 yurtta\u015flar\u0131m\u0131z\u0131n olmak \u00fczere halk\u0131n , CHP ve di\u011fer muhalif partilerin taban\u0131n\u0131n kar\u015f\u0131 itirazlar\u0131 ve oylar\u0131na sahip \u00e7\u0131kmalar\u0131 \u00fczerine geri ad\u0131m at\u0131ld\u0131. AKP\u2019li Cumhurba\u015fkan\u0131n\u0131n halk\u0131n iradesine sayg\u0131l\u0131y\u0131z diye a\u00e7\u0131klama yap\u0131lmas\u0131na ra\u011fmen YSK eliyle tam tersine olan geli\u015fmeler toplumda b\u00fcy\u00fck bir hayal k\u0131r\u0131kl\u0131\u011f\u0131 yaratt\u0131. Ancak Sonu\u00e7lar\u0131 de\u011fi\u015ftirme \u00e7abalar\u0131 halk\u0131n ve devlet memurlar\u0131n\u0131n vicdan\u0131nda kabul g\u00f6rmedi.<\/p>\n<p>DEMOKRAS\u0130LER SOKAKTA Y\u00dcKSEL\u0130YOR<\/p>\n<p>Osmanl\u0131 \u0130mparatorlu\u011funun \u00e7\u00f6kmesi ile milli egemenli\u011fin \u00fcst yap\u0131 devrimleri ile halka verilmesi, Atat\u00fcrk\u2019\u00fcn \u00f6nc\u00fcl\u00fc\u011f\u00fcnde kad\u0131nlara se\u00e7me ve se\u00e7ilme hakk\u0131n\u0131n bir \u00e7ok Avrupa \u00fclkesinden \u00f6nce verilmesiyle Sultanl\u0131ktan parlementer sisteme ge\u00e7en Cumhuriyetimiz mazlum milletlere \u00f6rnek olmu\u015f, 20. YY da \u00e7a\u011f atlayan bir devlet olmu\u015ftur. 1946 da ikinci Cumhurba\u015fkan\u0131m\u0131z \u0130.\u0130n\u00f6n\u00fc\u2019n\u00fcn \u00e7abalar\u0131yla kans\u0131z bir devrim daha ya\u015fanarak \u00e7ok partili rejime ge\u00e7ilmi\u015ftir.<\/p>\n<p>Kanaatimce , 31 Mart 2024 de yap\u0131lan yerel se\u00e7imler sonras\u0131nda milli irade\u2019nin \u00e7al\u0131nmas\u0131 giri\u015fimine kar\u015f\u0131 , \u00fclkemizin do\u011fusunda ve bat\u0131s\u0131nda halk\u0131n t\u00fcm bask\u0131lara ra\u011fmen oylar\u0131na sahip \u00e7\u0131kmas\u0131 ile demokrasimiz 21.YY da \u00fc\u00e7\u00fcnc\u00fc s\u0131\u00e7ramay\u0131 yapm\u0131\u015ft\u0131r.<\/p>\n<p>Se\u00e7im sand\u0131klar\u0131n\u0131n ba\u015f\u0131nda ve sokaklardaki halk\u0131n demokratik direni\u015fi t\u00fcm d\u00fcnyaya \u00f6rnek olmu\u015ftur. <\/p>\n<p>Bu dan sonra, ge\u00e7mi\u015fte m\u00fch\u00fcrs\u00fcz oylarla yap\u0131ld\u0131\u011f\u0131 gibi i milli iradenin \u00e7al\u0131nmas\u0131 hi\u00e7te kolay olmayacakt\u0131r.<\/p>\n<p>Son ya\u015fanan geli\u015fmeler g\u00f6steriyor ki, T\u00fcrkiye Cumhuriyetinin Se\u00e7menleri , art\u0131k demokrasilerde itiraz k\u00fclt\u00fcr\u00fcn\u00fcn \u00f6nemini kavram\u0131\u015flar ve \u00f6zg\u00fcven sahibi olmu\u015flard\u0131r. Se\u00e7imden sonra CHP li belediyelere d\u00fc\u015fen g\u00f6rev \u2018kat\u0131l\u0131mc\u0131 demokrasi\u2019yi  hayata ge\u00e7irerek, demokrasimizde 4. s\u0131\u00e7ramay\u0131 (demokrasi 4.0) t\u00fcm D\u00fcnya\u2019ya \u00f6rnek olacak \u015fekilde ger\u00e7ekle\u015ftirmektir.<\/p>\n<p>Sadece iktidar g\u00fcc\u00fcne g\u00fcvenip mazbatay\u0131 ge\u00e7 vererek, bu arada  belediye kaynaklar\u0131n\u0131 yanda\u015flar\u0131na transfer etme kurnazl\u0131\u011f\u0131 ve \u00e7abalar\u0131 belki bir ka\u00e7 yerde ba\u015far\u0131l\u0131 olmu\u015f olabilir, ancak bunu yapanlar\u0131n da  mahkeme \u00f6n\u00fcnde hesap verecekleri g\u00fcnler yak\u0131nd\u0131r.<\/p>\n","protected":false},"excerpt":{"rendered":"<p>Genel se\u00e7imin ard\u0131ndan Van\u2019da, Gaziosmanpa\u015fa, Beykoz\u2019da, Tuzla\u2019da , Ardahan\u2019da ve \u00fclkemizin do\u011fusunda ve bat\u0131s\u0131nda bir \u00e7ok yerinde se\u00e7men iradesine kar\u015f\u0131 YSK \u00fczerinden yap\u0131lan sayg\u0131s\u0131zl\u0131k ve haks\u0131zl\u0131klar devlet kurumlar\u0131ndaki \u00e7\u00fcr\u00fcmeyi a\u00e7\u0131k\u00e7a ortaya koydu. Muhalefetin itirazlar\u0131 ve yeniden say\u0131m talepleri kabul edilmez iken, ge\u00e7ersiz oyun CHP ve Cumhur ittifak\u0131 adaylar\u0131 aras\u0131nda CHP adaylar\u0131n\u0131n. lehine oy fark\u0131n\u0131n kapanmayacak [&hellip;]<\/p>\n","protected":false},"author":13,"featured_media":69699,"comment_status":"open","ping_status":"open","sticky":false,"template":"","format":"standard","meta":{"footnotes":""},"categories":[28],"tags":[],"class_list":["post-70114","post","type-post","status-publish","format-standard","has-post-thumbnail","hentry","category-serdar-erkan"],"views":120,"_links":{"self":[{"href":"https:\/\/mersingazetesi.com\/index.php\/wp-json\/wp\/v2\/posts\/70114","targetHints":{"allow":["GET"]}}],"collection":[{"href":"https:\/\/mersingazetesi.com\/index.php\/wp-json\/wp\/v2\/posts"}],"about":[{"href":"https:\/\/mersingazetesi.com\/index.php\/wp-json\/wp\/v2\/types\/post"}],"author":[{"embeddable":true,"href":"https:\/\/mersingazetesi.com\/index.php\/wp-json\/wp\/v2\/users\/13"}],"replies":[{"embeddable":true,"href":"https:\/\/mersingazetesi.com\/index.php\/wp-json\/wp\/v2\/comments?post=70114"}],"version-history":[{"count":0,"href":"https:\/\/mersingazetesi.com\/index.php\/wp-json\/wp\/v2\/posts\/70114\/revisions"}],"wp:featuredmedia":[{"embeddable":true,"href":"https:\/\/mersingazetesi.com\/index.php\/wp-json\/wp\/v2\/media\/69699"}],"wp:attachment":[{"href":"https:\/\/mersingazetesi.com\/index.php\/wp-json\/wp\/v2\/media?parent=70114"}],"wp:term":[{"taxonomy":"category","embeddable":true,"href":"https:\/\/mersingazetesi.com\/index.php\/wp-json\/wp\/v2\/categories?post=70114"},{"taxonomy":"post_tag","embeddable":true,"href":"https:\/\/mersingazetesi.com\/index.php\/wp-json\/wp\/v2\/tags?post=70114"}],"curies":[{"name":"wp","href":"https:\/\/api.w.org\/{rel}","templated":true}]}}