{"id":69698,"date":"2024-03-29T13:14:35","date_gmt":"2024-03-29T10:14:35","guid":{"rendered":"https:\/\/mersingazetesi.com\/?p=69698"},"modified":"2024-06-11T21:47:45","modified_gmt":"2024-06-11T18:47:45","slug":"penceremden-31-martta-sonucu-istanbul-secimleri-belirleyecek","status":"publish","type":"post","link":"https:\/\/mersingazetesi.com\/index.php\/2024\/03\/29\/penceremden-31-martta-sonucu-istanbul-secimleri-belirleyecek\/","title":{"rendered":"PENCEREMDEN: 31 MART\u2019TA SONUCU,  \u0130STANBUL SE\u00c7\u0130MLER\u0130 BEL\u0130RLEYECEK..!"},"content":{"rendered":"<p>Cumhuriyet ve Demokrasi tarihimizin en kritik se\u00e7imlerine  48 saatten az bir zaman kald\u0131.  T\u00fcrkiye\u2019de yerel se\u00e7imlerin genel se\u00e7im havas\u0131nda oldu\u011fu ender se\u00e7imlerden birini ya\u015f\u0131yor. T\u00fcm D\u00fcnya\u2019n\u0131n merakla bekledi\u011fi bir se\u00e7im s\u00fcrecinin son g\u00fcnlerini ya\u015f\u0131yoruz. Se\u00e7im s\u00fcrecinin  1. a\u015famas\u0131 propaganda \u00e7al\u0131\u015fmalar\u0131n\u0131n  30 Mart Cuma saat 16:00 da se\u00e7im yasaklar\u0131n\u0131n ba\u015flamas\u0131 ile bitecek. 2. a\u015famas\u0131 oy verme g\u00fcn\u00fc olan 31 Mart 2024 Pazar g\u00fcn\u00fc  saat  17:00\u2019de oy say\u0131m\u0131na ge\u00e7ilmesi ile ba\u015flayacak.<\/p>\n<p>\u0130T\u0130RAZLARIN SANDIK TUTANAK DEFTER\u0130NE \u0130\u015eLENMES\u0130 \u00c7OK \u00d6NEML\u0130<\/p>\n<p>Oy verme saatinden sonra sand\u0131klar a\u00e7\u0131l\u0131p, toplam at\u0131lan zarf say\u0131s\u0131, imza tutana\u011f\u0131 ile kar\u015f\u0131la\u015ft\u0131r\u0131l\u0131r e\u015fit ise,  zarflar a\u00e7\u0131l\u0131p, sand\u0131k kurulunun belirledi\u011fi ge\u00e7ersiz oylar ayr\u0131l\u0131p, tutanak defterine  yaz\u0131ld\u0131ktan sonra, izleyicilerin \u00f6n\u00fcnde , ge\u00e7erli oylar partilere g\u00f6re sand\u0131k kurulu \u00fcyeleri taraf\u0131ndan  \u00e7etelelere i\u015flenir. Bu a\u015famada T\u00dcM \u0130T\u0130RAZLAR VE SONU\u00c7LAR  SANDIK TUTANAK DEFTER\u0130NE i\u015flenmek zorundad\u0131r. (Aksi halde daha sonraki itiraz s\u00fcre\u00e7lerinde hi\u00e7 bir itiraz usul olarak hemen reddedilir.)Ge\u00e7erli sonu\u00e7lar\u0131n partilere g\u00f6re deftere i\u015flenip, \u0131slak imzal\u0131 tutanaklara ge\u00e7irilmesi ve kap\u0131lara as\u0131lmas\u0131 ve partilerin sand\u0131k \u00fcyelerine birer imzal\u0131 kopyas\u0131n\u0131n verilmesi ile s\u0131ras\u0131yla il\u00e7e ve il se\u00e7im kurullar\u0131na itiraz s\u00fcreleri ba\u015flar ve bu s\u00fcreler, silsile yoluyla iki\u015fer g\u00fcnd\u00fcr.<br \/>\nBu dan sonraki  itiraz s\u00fcrecini 30.03.2019 tarihli -mersingazetesi.com &#8211; internet sitesindeki k\u00f6\u015fe yaz\u0131mdan al\u0131nt\u0131layarak devam ediyorum.<br \/>\n\u201c\u2026..YSK n\u0131n 16 Nisan referandumunda, m\u00fch\u00fcrs\u00fcz oy pusulalar\u0131n\u0131 ge\u00e7erli saymas\u0131 nedeniyle, M\u00fch\u00fcrs\u00fcz oy pusulas\u0131 art\u0131k ge\u00e7erli ve ayn\u0131 zarfta(muhtarl\u0131k se\u00e7imi dahil) d\u00f6rt oy pusulas\u0131 konularak kullan\u0131lacak.  YSK, art\u0131k 2014 se\u00e7iminde oldu\u011fu gibi bu se\u00e7imde de &#8220;&#8221;ge\u00e7erli veya ge\u00e7ersiz oy &#8220;&#8221; tart\u0131\u015fmas\u0131na girmeyecek. Dolay\u0131s\u0131yla bu ge\u00e7erli ve ge\u00e7ersiz oy \u015fikayet ve itirazlar\u0131n\u0131n, sand\u0131k, il\u00e7e ve il se\u00e7im kurullar\u0131nda \u00e7\u00f6z\u00fclmeleri gerekiyor.<br \/>\nDolay\u0131s\u0131yla art\u0131k YSK; \u2018sayana neden sayd\u0131n,saymayana neden saymad\u0131n\u2019 demeyecek.<br \/>\nGe\u00e7erli ve ge\u00e7ersiz oy \u015fikayet ve itirazlar\u0131nda 298 nolu S.K. 112.maddesi uyar\u0131nca tek delil ve dayanak; oy say\u0131m ve d\u00f6k\u00fcm i\u015flemleri s\u0131ras\u0131nda sand\u0131k kuruluna s\u00f6zl\u00fc veya yaz\u0131l\u0131 yap\u0131lacak \u015fikayet \u00fczerine (298 S.K. 110.maddesine g\u00f6re se\u00e7menler dahi \u015fikayet edebilirler) sand\u0131k kurulunun,\u015fikayeti kabul etmemesi \u00fczerine verece\u011fi red karar\u0131n\u0131, \u2018sand\u0131k tutanak defterine yazd\u0131r\u0131p,kurul \u00fcyelerince imzalanacak tutanak defteri\u2019  olacakt\u0131r.<br \/>\n2014 se\u00e7imlerinden sonra T\u00fcrkiye\u2019de YSK&#8217;ya yakla\u015f\u0131k 700 muhtarl\u0131k hari\u00e7 (muhtarl\u0131k itirazlar\u0131 1000 &#8216;in \u00fczerindeydi) itiraz yap\u0131ld\u0131. Sand\u0131k tutanak defterine dayanan itiraz say\u0131s\u0131, malesef bir elin parmaklar\u0131n\u0131 ge\u00e7memi\u015f. Do\u011fal olarak hepsi reddedildi. \u00c7\u00fcnk\u00fc bu itirazlar\u0131n se\u00e7im g\u00fcn\u00fc ve sonras\u0131ndaki itiraz s\u00fcrelerinde i\u00e7inde tutanak defterine \u2018t\u00fcm kurul \u00fcyeleri taraf\u0131ndan imzas\u0131yla kaydedilmi\u015f, ve s\u00fcresi i\u00e7inde\u2019 olmas\u0131 gerekiyor.  Zira se\u00e7im hukukunda,hakl\u0131 olsan\u0131z bile \u2018delilinizi g\u00f6steremez veya nerede oldu\u011funu belirtmezseniz,itiraz\u0131n\u0131z incelenmeden, usulden reddedilir\u2019.<br \/>\n\u00d6te yandan se\u00e7im takvimi oy verme g\u00fcn\u00fc saat 17:00 de bitiyor. Bundan sonraki itiraz s\u00fcreci, a\u015fa\u011f\u0131da 298 nolu S.K. h\u00fck\u00fcmlerine g\u00f6re haz\u0131rlanan itiraz s\u00fcrelerine g\u00f6re y\u00fcr\u00fct\u00fclecektir. Ancak bu s\u00fcreler,en son itiraz\u0131n yap\u0131laca\u011f\u0131 s\u00fcrelerdir. S\u00fcrelerin ba\u015flang\u0131c\u0131 ise se\u00e7im kurullar\u0131n\u0131n itiraz \u00fczerine verecekleri kararlar\u0131n al\u0131nd\u0131\u011f\u0131 g\u00fcn ba\u015flar. Yani karar\u0131n verildi\u011fi g\u00fcn, birinci g\u00fcnd\u00fcr. Se\u00e7im hukukunda, Tebligat Kanunu h\u00fck\u00fcmleri ge\u00e7erli de\u011fildir.<br \/>\nEkonomik zorluklar ya\u015fad\u0131\u011f\u0131m\u0131z ve D\u00fcnya\u2019n\u0131n g\u00f6zlerini \u00fczerimize \u00e7evirdi\u011fi bu s\u00fcre\u00e7te se\u00e7im sonu\u00e7lar\u0131n\u0131n sa\u011fl\u0131kl\u0131 sonu\u00e7lanmas\u0131 ve demokrasimizin olgunlu\u011funu g\u00f6stermesi a\u00e7\u0131s\u0131ndan, \u00e7ok \u00f6nemli oldu\u011funu t\u00fcm partiler zaten kendi se\u00e7im stratejileri y\u00f6n\u00fcnden  vurguluyor, se\u00e7menlerini sand\u0131\u011fa ta\u015f\u0131yarak, oylar\u0131n\u0131 mutlaka kullanmaya davet ediyorlar.<br \/>\nBu nedenle t\u00fcm partilerimizin, sand\u0131k kurullar\u0131nda, il\u00e7e ve il y\u00f6netici ve se\u00e7im kurullar\u0131nda g\u00f6rev yapan \u00fcyelerini ve  m\u00fc\u015fahitlerini itiraz s\u00fcreleri ve y\u00f6ntemleri konusunda bilgilendirmi\u015f olmalar\u0131  gerekiyor\u201d, diye say\u0131m sonras\u0131 s\u00fcreci de \u00f6zetlemi\u015ftim.<\/p>\n<p>T\u00dcRK\u0130YE\u2019DE SE\u00c7\u0130M\u0130N KAZANANINI \u0130STANBUL SE\u00c7\u0130MLER\u0130 BEL\u0130RLEYECEK <\/p>\n<p>Bu saptaman\u0131n do\u011frulu\u011funu, son g\u00fcnlerde AKP iktidar\u0131n\u0131n t\u00fcm bakan ve milletvekilleri ile il\u00e7e il\u00e7e, solak solak \u0130stanbul se\u00e7imlerine y\u00fcklenmesinden anl\u0131yoruz. \u015eu anda bir \u00f6nceki yaz\u0131mda belirtti\u011fim gibi , \u0130stanbul. Yeni D\u00fcnya D\u00fczenin (YDD) kav\u015fak noktas\u0131 olmas\u0131 ve Kanal \u0130stanbul\u2019un Montr\u00f6 Kilidinin alternatifi olmas\u0131 ve Cumhur \u0130ttifak\u0131 aday\u0131 Murat Kurum\u2019un Kanal \u0130stanbul i\u00e7in g\u00f6revlendirilmi\u015f oldu\u011fu iddas\u0131na \u00f6nceki yaz\u0131mda de\u011finmi\u015ftim. <\/p>\n<p>\u201cOYU VERENLER DE\u011e\u0130L, HER ZAMAN SAYANLAR KAZANIR\u201d<\/p>\n<p>SSCB nin \u00fcnl\u00fc diktat\u00f6r\u00fc ve Kom\u00fcnist parti y\u00f6neticilerinden Stalin\u2019in s\u00f6yledi\u011fi iddia edilen, kendi demokrasi anlay\u0131\u015f\u0131n\u0131 \u00f6zetleyen bir anektodda; Stalin birg\u00fcn politb\u00fcro i\u00e7in yap\u0131lacak se\u00e7imleri kimin kazanaca\u011f\u0131 konusundaki d\u00fc\u015f\u00fcncesini soran parti g\u00f6revlisine g\u00fclerek   \u2018Oylar\u0131 verenler de\u011fil, her zaman sayanlar kazan\u0131r\u2019 dedi\u011fi s\u00f6yleniyor(!).<br \/>\nBu anlay\u0131\u015f\u0131n D\u00fcnya\u2019daki t\u00fcm tekadam rejimlerinde halen ge\u00e7erli oldu\u011fu d\u00fc\u015f\u00fcncesindeyim. <\/p>\n<p>SONUCU \u0130STANBUL SE\u00c7MENLER\u0130N\u0130N DUYARLILI\u011eI BEL\u0130RLEYECEK<\/p>\n<p>T\u00fcrkiye\u2019de son zamanlarda yarg\u0131da ya\u015fananlar, endi\u015fe ve kayg\u0131lar ulusal ve D\u00fcnya bas\u0131n\u0131nda s\u0131k s\u0131k yer al\u0131yor.<br \/>\n\u00d6zellikle YSK da partilerin oy s\u0131ralamas\u0131n\u0131n belirlenmesinde g\u00fcndeme d\u00fc\u015fen video,  son bir ka\u00e7 se\u00e7imdir AKP nin birinci s\u0131rada \u00e7\u0131kmas\u0131n\u0131n haberleri  ve g\u00f6r\u00fcnt\u00fcleri benim gibi bir \u00e7ok se\u00e7memin kafas\u0131n\u0131 iyice kar\u0131\u015ft\u0131rd\u0131. <\/p>\n<p>HAYD\u0130 DEMOKRAS\u0130YE SAH\u0130P \u00c7IKMAK \u0130\u00c7\u0130N SANDI\u011eA..!<\/p>\n<p>Rahmetli Babam\u0131n ifade etti\u011fi  , ama hangi d\u00fc\u015f\u00fcn\u00fcr\u00fcn s\u00f6yledi\u011fini an\u0131msayamad\u0131\u011f\u0131m \u00fcnl\u00fc bir deyi\u015fi  \u2018 di\u011fer y\u00f6netim rejimlerini saymazsan en k\u00f6t\u00fc rejim demokrasidir\u2019 s\u0131k s\u0131k derdi.<br \/>\nGer\u00e7ektende demokrasi ancak bilin\u00e7li yurtta\u015flar\u0131n  ve g\u00fc\u00e7ler ayr\u0131l\u0131\u011f\u0131n\u0131n kurumsal oldu\u011fu toplumlarda sa\u011fl\u0131kl\u0131 i\u015fleyebiliyor.<br \/>\nAksi halde bir s\u00fcre sonra demogoglar\u0131n oldu\u011fu tekadam rejimlerinde otokrasiye d\u00f6n\u00fc\u015febiliyor.<br \/>\nBu se\u00e7imde de \u00fclkemize \u00f6zg\u00fc \u015fartlar nedeniyle de,  T\u00fcrk Demokrasisi ve halk\u0131 \u00e7ok \u00f6nemli bir s\u0131navdan ge\u00e7ecektir.<br \/>\nBu nedenle \u00f6zellikle  \u0130stanbul\u2019da ve  di\u011fer b\u00fcy\u00fck \u015fehirlerde<br \/>\n son tahlilde se\u00e7im sonu\u00e7lar\u0131n\u0131; \u00f6ncelikle  t\u00fcm se\u00e7menlerin  halk\u0131n vicdani duyarl\u0131l\u0131\u011f\u0131 ile oylar\u0131na sahip \u00e7\u0131kmas\u0131 , demokratik ve hukuk i\u00e7indeki eylemlili\u011fi belirleyecektir.<br \/>\nO nedenle t\u00fcm okurlar\u0131m\u0131z\u0131 ve yurtta\u015flar\u0131m\u0131z\u0131   en \u00f6nemli g\u00f6revimiz olan  olan oy vermek i\u00e7in sand\u0131\u011fa gitmeye ve saat 17:00 den sonra say\u0131m sonu\u00e7lar\u0131n\u0131 izleyerek oylar\u0131na ve demokrasiye sahip \u00e7\u0131kmaya davet ediyorum.<br \/>\n1 Nisan 2024 sabah\u0131 yeni bir umuda uyanmak dile\u011fiyle\u2026<\/p>\n","protected":false},"excerpt":{"rendered":"<p>Cumhuriyet ve Demokrasi tarihimizin en kritik se\u00e7imlerine 48 saatten az bir zaman kald\u0131. T\u00fcrkiye\u2019de yerel se\u00e7imlerin genel se\u00e7im havas\u0131nda oldu\u011fu ender se\u00e7imlerden birini ya\u015f\u0131yor. T\u00fcm D\u00fcnya\u2019n\u0131n merakla bekledi\u011fi bir se\u00e7im s\u00fcrecinin son g\u00fcnlerini ya\u015f\u0131yoruz. Se\u00e7im s\u00fcrecinin 1. a\u015famas\u0131 propaganda \u00e7al\u0131\u015fmalar\u0131n\u0131n 30 Mart Cuma saat 16:00 da se\u00e7im yasaklar\u0131n\u0131n ba\u015flamas\u0131 ile bitecek. 2. a\u015famas\u0131 oy verme [&hellip;]<\/p>\n","protected":false},"author":13,"featured_media":69699,"comment_status":"open","ping_status":"open","sticky":false,"template":"","format":"standard","meta":{"footnotes":""},"categories":[28],"tags":[],"class_list":["post-69698","post","type-post","status-publish","format-standard","has-post-thumbnail","hentry","category-serdar-erkan"],"views":137,"_links":{"self":[{"href":"https:\/\/mersingazetesi.com\/index.php\/wp-json\/wp\/v2\/posts\/69698","targetHints":{"allow":["GET"]}}],"collection":[{"href":"https:\/\/mersingazetesi.com\/index.php\/wp-json\/wp\/v2\/posts"}],"about":[{"href":"https:\/\/mersingazetesi.com\/index.php\/wp-json\/wp\/v2\/types\/post"}],"author":[{"embeddable":true,"href":"https:\/\/mersingazetesi.com\/index.php\/wp-json\/wp\/v2\/users\/13"}],"replies":[{"embeddable":true,"href":"https:\/\/mersingazetesi.com\/index.php\/wp-json\/wp\/v2\/comments?post=69698"}],"version-history":[{"count":0,"href":"https:\/\/mersingazetesi.com\/index.php\/wp-json\/wp\/v2\/posts\/69698\/revisions"}],"wp:featuredmedia":[{"embeddable":true,"href":"https:\/\/mersingazetesi.com\/index.php\/wp-json\/wp\/v2\/media\/69699"}],"wp:attachment":[{"href":"https:\/\/mersingazetesi.com\/index.php\/wp-json\/wp\/v2\/media?parent=69698"}],"wp:term":[{"taxonomy":"category","embeddable":true,"href":"https:\/\/mersingazetesi.com\/index.php\/wp-json\/wp\/v2\/categories?post=69698"},{"taxonomy":"post_tag","embeddable":true,"href":"https:\/\/mersingazetesi.com\/index.php\/wp-json\/wp\/v2\/tags?post=69698"}],"curies":[{"name":"wp","href":"https:\/\/api.w.org\/{rel}","templated":true}]}}