{"id":69360,"date":"2024-03-25T12:46:50","date_gmt":"2024-03-25T09:46:50","guid":{"rendered":"https:\/\/mersingazetesi.com\/?p=69360"},"modified":"2024-06-11T21:47:45","modified_gmt":"2024-06-11T18:47:45","slug":"penceremden-putinin-dunya-savasi-ongorusu-ve-istanbul-secimleri","status":"publish","type":"post","link":"https:\/\/mersingazetesi.com\/index.php\/2024\/03\/25\/penceremden-putinin-dunya-savasi-ongorusu-ve-istanbul-secimleri\/","title":{"rendered":"PENCEREMDEN: PUT\u0130N\u2019\u0130N D\u00dcNYA SAVA\u015eI \u00d6NG\u00d6R\u00dcS\u00dc VE \u0130STANBUL SE\u00c7\u0130MLER\u0130"},"content":{"rendered":"<p>Ge\u00e7ti\u011fimiz g\u00fcnlerde, Rusya\u2019da bir konser salonunun ter\u00f6ristlerce bas\u0131l\u0131p, 150 civar\u0131nda \u00f6l\u00fc ve bir o kadar yaral\u0131 olmas\u0131 \u00e7ok \u00f6nemli bir geli\u015fmeydi. 5. kez b\u00fcy\u00fck bir zaferle kazanan Putin\u2019in yeni d\u00f6nemde son a\u00e7\u0131klamalar\u0131na\u00a0 bir g\u00f6zda\u011f\u0131 idi.\u00a0<br \/>\nT\u00fcrkiye ise\u00a0 31 Mart 2024 yerel se\u00e7imlerine odaklanm\u0131\u015f durumda. Ancak bu s\u00fcre\u00e7te \u00e7ok \u00f6nemli geli\u015fmeler de\u00a0 olmaktad\u0131r.\u00a0<br \/>\nKuzeyimizde\u00a0 iki y\u0131ld\u0131r art\u0131k s\u0131radanla\u015fan\u00a0 ve mevzi sava\u015flara d\u00f6nen\u00a0 Ukrayna ve Rusyadaki geli\u015fmeler, t\u00fcm d\u00fcnyay\u0131 sars\u0131c\u0131 nitelikte boyutlara s\u0131\u00e7rama riski ve Ukrayna\u00a0 d\u0131\u015f\u0131na yay\u0131lma e\u011filimi g\u00f6stermektedir.\u00a0<br \/>\nDaha \u00f6nce de, \u00f6zellikle Rusya Devlet Ba\u015fkan\u0131 Putin\u2019e y\u00f6nelik suikast giri\u015fimleri, ard\u0131ndan paral\u0131 askerler \u015firketi Wagner\u2019in isyan giri\u015fimi D\u00fcnya dengelerini etkileyecek boyutta geli\u015fmeler i\u00e7ermektedir. Putin\u2019in \u00e7ok kutuplu d\u00fcnyan\u0131n liderli\u011fini \u00fcstlenmi\u015f olmas\u0131 ve onun do\u011frudan hedef haline getirilmesi \u00e7ok \u00f6nemli bir geli\u015fmedir. Bat\u0131da sahibinin sesi olan TIME\u00a0 dergisinin kapa\u011f\u0131na Ukrayna lideri Zelensky\u2019nin\u00a0 resmi konularak konu edilebilmesi, Putin\u2019e suikast konusunun Zelensky\u2019e havale edildi\u011fi anla\u015f\u0131lmaktad\u0131r.\u00a0<br \/>\nBenzer \u015fekilde \u00e7ok kutuplu d\u00fcnyadan yana tav\u0131r koyan\u00a0 Pakistan\u2019da se\u00e7ilmi\u015f lider \u0130mran Han\u2019\u0131n\u00a0 \u00f6nce Anayasa Mahkemesi taraf\u0131ndan  g\u00f6revden al\u0131nmas\u0131, sonra suikastten kurtulmas\u0131 ve hapse at\u0131lmas\u0131, Putin\u2019in dan\u0131\u015fman\u0131 Alexander Dugin\u2019in\u00a0 k\u0131z\u0131n\u0131n suikast ile \u00f6ld\u00fcr\u00fclmesi \u00f6nemli geli\u015fmelerdir.\u00a0<\/p>\n<p>PUT\u0130N DAHA G\u00dc\u00c7L\u00dc GELD\u0130<\/p>\n<p>Be\u015finci kez, b\u00fcy\u00fck bir se\u00e7im zaferi ile gelen \u00c7ok Kutuplu D\u00fcnya\u2019n\u0131n (\u00c7KD) yeni lideri Putin bir kez daha y\u00fcksek bir oy oran\u0131 ile Devlet Ba\u015fkan\u0131\u00a0 se\u00e7ildi.\u00a0 Se\u00e7im sonras\u0131, ilk demecinde NATO\u2019nun olas\u0131 \u00e7at\u0131\u015fmas\u0131n\u0131 \u201c3. D\u00fcnya Sava\u015f\u0131ndan \u00f6nceki ad\u0131m\u201d olarak niteledi(*).\u00a0<br \/>\nBu uyar\u0131s\u0131n\u0131n gerek\u00e7esini daha iyi anlayabilmek i\u00e7in 2 Haziran 2021 tarihli \u00dc\u00c7 NATO VE \u0130STANBUL ba\u015fl\u0131kl\u0131 k\u00f6\u015fe yaz\u0131mda de\u011finmi\u015f  oldu\u011fum son bir ka\u00e7 y\u0131ld\u0131r ya\u015fanan geli\u015fmelere bakal\u0131m.<\/p>\n<p>\u201cAyasofya imam\u0131n\u0131n \u0130stanbul\u2019un Fethinin y\u0131ld\u00f6n\u00fcm\u00fcnde Atat\u00fcrk\u2019e y\u00f6nelik a\u011f\u0131r hakaret i\u00e7eren s\u00f6zleri, daha \u00f6nceki Ayasofya imam\u0131n\u0131n da T.C Anayasas\u0131na g\u00f6re su\u00e7 olan konularda tepki toplamas\u0131 nedeniyle istifa ettirilmesi de haf\u0131zalardad\u0131r. Bu sat\u0131rlar\u0131n yazar\u0131na g\u00f6re\u00a0 Ayasofya\u2019n\u0131n COV\u0130D-19 ko\u015fullar\u0131nda a\u00e7\u0131larak Cami yap\u0131lmas\u0131ndan bu yana s\u00fcrekli g\u00fcndemde olmas\u0131n\u0131 tesad\u00fcf de\u011fildir. Haziran ortalar\u0131nda yap\u0131lacak NATO zirvesinde Biden- Erdo\u011fan g\u00f6r\u00fc\u015fmesi sonras\u0131, Haziran ay\u0131n\u0131n sonlar\u0131na do\u011fru temelinin at\u0131laca\u011f\u0131 ilan edilen, \u2018Kanal \u0130stanbul\u2019 projesi ile\u00a0 ili\u015fkili oldu\u011funu d\u00fc\u015f\u00fcn\u00fcyorum. Haziran ay\u0131nda yap\u0131lacak NATO toplant\u0131lar\u0131nda, muhtemelen askeri Yeni D\u00fcnya D\u00fczeni\u2019nin(YDD) Do\u011fu Avrupa ya, Ortado\u011fu\u2019ya ili\u015fkin askeri stratejileri ile\u00a0 ter\u00f6r tan\u0131m\u0131 ve NATO\u2019un oybirli\u011fi ile karar alma gibi baz\u0131 t\u00fcz\u00fck maddelerinin\u00a0 esnetilmesi (T\u00fcrkiye gibi \u00fclkelerin veto yetkisini a\u015fmak i\u00e7in) g\u00f6r\u00fc\u015f\u00fclecektir.\u00a0<\/p>\n<p>\u0130STANBUL YEN\u0130 D\u00dcNYA D\u00dcZEN\u0130N KAV\u015eAK NOKTASINDA<\/p>\n<p>\u0130ngiltere\u2019nin AB deki g\u00fc\u00e7l\u00fc bir Almanya liderli\u011fi kar\u015f\u0131s\u0131nda, elini kolunu ba\u011flayan AB den ayr\u0131larak (Brexit), emperyal ekonomik ve siyasi politikalara d\u00f6nme karar\u0131 alm\u0131\u015f ve bu yolda ABD yide y\u00f6nlendirecek ad\u0131mlara ba\u015flad\u0131.\u00d6zellikle Trump\u2019\u0131n D\u00fcnya liderli\u011fini b\u0131rak\u0131p, ABD yi i\u00e7e kapama politikalar\u0131n\u0131n da etkisi ile, pandemi sonras\u0131, Cenevre \u00dcniversitesi&#8217;nde i\u015fletme Profes\u00f6r\u00fc\u00a0 Klaus Schwab taraf\u0131ndan1971 y\u0131l\u0131nda kurulan\u00a0 D\u00fcnya Ekonomik Forumunda (WEF) kapitalist YDD\u00a0 ekonomik modelini (Great Reset-B\u00fcy\u00fck S\u0131f\u0131rlama) ortaya atarak,\u00a0 inisiyatifi b\u0131rakmak istemedi\u011fini g\u00f6r\u00fcyoruz. \u0130ngiltere\u2019nin, ayn\u0131 zamanda Londra- \u0130stanbul- Pekin- yatay hatt\u0131nda \u2018KU\u015eAK YOL T\u0130CAR\u0130 PROJES\u0130\u2019NE \u00a0 finans\u00f6r olarak destek vererek, YDD nin askeri liderli\u011fini ABD ye b\u0131rakacak \u015fekilde rol payla\u015f\u0131m\u0131na gitme konusunda aralar\u0131nda anla\u015fm\u0131\u015f g\u00f6r\u00fcnmektedirler. Ku\u015fak yol\u00a0 projesi , \u00c7in\u2019i hedef alan Trump\u2019\u0131n\u00a0 aksine, Rusya\u2019y\u0131 stratejik hedefe koyan\u00a0 Biden\u2019in politikalar\u0131yla \u00f6rt\u00fc\u015fmemektedir. Bu \u00e7er\u00e7evede\u00a0 NATO i\u00e7inde ayn\u0131\u00a0 \u0130ngiltere\u2019in,\u00a0 ABD ile T\u00fcrkiye\u2019nin NATO da\u00a0 g\u00f6zlemci stat\u00fcs\u00fcne onay verdi\u011fi\u00a0 \u0130srail\u2019in ba\u015f\u0131n\u0131 \u00e7ekti\u011fi \u0130srail &#8211; Yunanistan- Ukrayna \u00fczerinden KUZEY \u2013G\u00dcNEY- ASKER\u0130 D\u0130KEY HATTINA, Londra\u2019da kurulan Karadeniz Koordinat\u00f6rl\u00fc\u011f\u00fc ile destek verdi\u011fini g\u00f6r\u00fcyoruz. \u00c7\u00fcnk\u00fc Ukrayna ve Karadeniz, Rusya\u2019n\u0131n yumu\u015fak karn\u0131d\u0131r. Karadeniz\u2019in\u00a0 kilidi ise MONTR\u00d6 ANTLA\u015eMASI\u2019d\u0131r. \u0130stanbul, bu nedenle in\u015faa edilmeye \u00e7al\u0131\u015f\u0131lan YDD de YATAY T\u0130CAR\u0130 KU\u015eAKYOL PROJES\u0130\u00a0 ile D\u0130KEY ASKER\u0130 HATTIN KES\u0130\u015eME NOKTASINDADIR.\u00a0 Anglo Sakson emperyalizmin\u00a0 ekonomik s\u00f6m\u00fcr\u00fc ve askeri hedeflerine ula\u015fabilmesi i\u00e7in \u0130stanbul\u2019un \u2018Lozan ve Montr\u00f6 Anla\u015fmalar\u0131n\u0131n d\u0131\u015f\u0131na \u00e7ekilmesi\u2018 gerekiyor.\u00a0<br \/>\nBunun i\u00e7in \u00f6ncelikle, \u0130stanbul\u2019un yeniden ruhani a\u00e7\u0131dan Rusya ve do\u011fu Avrupa Ortodokslar\u0131n\u0131n(300 milyon) \u00fczerinde etkili olacak, Konstantinapolis M\u00dcSTAK\u0130L EK\u00dcMEN\u0130KL\u0130K STAT\u00dcS\u00dcNE yeniden kavu\u015fmas\u0131n\u0131 hedeflemektedirler. Biden\u2019in Ermeni Soyk\u0131r\u0131m\u0131 ifadesi de burada \u00f6nem kazanmaktad\u0131r. Bunun kabul\u00fc kar\u015f\u0131l\u0131\u011f\u0131nda, YDD de\u00a0 T\u00fcrkiye\u2019ye, yukar\u0131da de\u011finilen\u00a0 Yatay Ku\u015fakyol Ticari Hatt\u0131nda, \u0130stanbul\u2019un Londra gibi \u2018k\u00fcresel kapitalizmin yeni bir finans merkezi olma\u2019 havucu uzat\u0131lmaktad\u0131r. Merkez Bankas\u0131n\u0131n \u0130stanbul\u2019a ta\u015f\u0131nma haz\u0131rl\u0131klar\u0131 da bu kapsamda de\u011ferlendirilmelidir. \u0130stanbul\u2019da \u00f6n\u00fcm\u00fczdeki s\u00fcre\u00e7te her de\u011fi\u015fiklik, DER\u0130N NATO\u2019un yak\u0131n takibinde olacakt\u0131r. \u00a0<\/p>\n<p>B\u0130DEN NEDEN \u2018KOSTANT\u0130NAPOL\u0130S\u2019\u00a0 DED\u0130?<\/p>\n<p>\u0130stanbul Fetih\u2019den sonra, yay\u0131nlanan\u00a0 Fatih\u2019in Kanunnamesi ile ad\u0131n\u0131n \u2018ilelebet\u00a0 Kostantiniyye olarak kalaca\u011f\u0131n\u0131\u2019 emreder. Bu emir 28 Mart 1930\u2019a\u00a0 kadar devam etmi\u015ftir. Bu kanuna uyularak Abd\u00fclhamit devrinde\u00a0 1880 y\u0131l\u0131nda bas\u0131lan 1 liral\u0131k banknot \u00fczerinde Arap\u00e7a, Yunanca, Frans\u0131zca ve Ermenice Latin harfleriyle \u2018Costantinopol\u2019de bas\u0131lm\u0131\u015ft\u0131r\u2019 yazar. Ancak halk aras\u0131nda \u2018Stanboul\u2019\u00a0 tan\u0131m\u0131 kullan\u0131lm\u0131\u015ft\u0131r.\u00a0<\/p>\n<p>28 MART 1930 TAR\u0130HL\u0130 YASA \u0130LE\u00a0 KOSTANT\u0130N\u0130YYE ADI \u2018\u0130STANBUL\u2019\u00a0 OLARAK RESMEN DE\u011e\u0130\u015eT\u0130R\u0130LM\u0130\u015eT\u0130R<\/p>\n<p>Devamla\u00a0 \u201cyurtd\u0131\u015f\u0131ndan gelen\u2019Kostantinopol\u2018 adresli mektuplar iade edilerek\u2019\u00a0 \u0130stanbul ad\u0131 D\u00fcnya\u2019ya kabul ettirilmi\u015ftir. \u00dcstelik Fatih Kanunnamesinde, \u2018m\u00fcsl\u00fcmanlar ile ad\u0131 T\u00fcrk olanlar\u0131n izinsiz \u0130stanbul\u2019a yerle\u015fmesi\u2019\u00a0 de yasakt\u0131.\u00a0 \u0130stanbul\u2019u\u00a0 6 Ekim 1923 de i\u015fgalden kurtaran ve\u00a0 T\u00fcrklere\u00a0 ve m\u00fcsl\u00fcmanlara\u00a0 uygulanan yasaklar\u0131 kald\u0131ran ve Konstantiniyye ad\u0131n\u0131 de\u011fi\u015ftirerek \u0130stanbul ad\u0131n\u0131 veren Mustafa Kemal ATAT\u00dcRK\u2019t\u00fcr.<\/p>\n<p>MURAT KURUM\u00a0 \u0130STANBUL ADAYLI\u011eINI NEDEN KEND\u0130 A\u00c7IKLADI?<\/p>\n<p>AKP tarihinde ilk kez \u0130stanbul Belediye Ba\u015fkan aday\u0131 kendi kendini a\u00e7\u0131klad\u0131. Aradan ge\u00e7en saatler sonras\u0131 Saraydan adayl\u0131k a\u00e7\u0131klamas\u0131 geldi. Bunun kan\u0131mca nedeni \u0130ngilizlerin\u00a0 Kanal \u0130stanbul projesi i\u00e7in Murat Kurum\u2019u \u00f6nermesi ve Saray\u2019\u0131n bunu kabul etmesi sonras\u0131, bir de\u011fi\u015fiklik olmamas\u0131 i\u00e7in kendisine acele ile a\u00e7\u0131klama yapt\u0131rmalar\u0131d\u0131r.<br \/>\n\u00a0Nitekim, daha sonraki geli\u015fmelerde Murat Kurum\u2019un ad\u0131n\u0131n Kanal \u0130stanbul ile birlikte an\u0131lmaktad\u0131r. Ancak \u0130mamo\u011flu\u2019nun bu projeye,  \u0130stanbul\u2019lular\u0131 arkas\u0131na\u00a0 alarak kar\u015f\u0131 \u00e7\u0131kmas\u0131  bu planlar\u0131n \u00f6n\u00fcndeki en b\u00fcy\u00fck engeldir. Nitekim \u0130stanbulun\u00a0 ve Karadeniz\u2019in\u00a0 yer \u00fcst\u00fc ve denizalt\u0131 jeolojik\u00a0 yap\u0131s\u0131n\u0131 de\u011fi\u015ftirecek bu rant projesinin istanbullulara  do\u011fruda. hi\u00e7 bir yarar sa\u011flamayaca\u011f\u0131 a\u00e7\u0131kt\u0131r.\u00a0<br \/>\nBu proje asl\u0131nda Karadeniz\u2019e istedi\u011fi gibi \u00e7\u0131kamayan derin  bir anglosakson projesidir.<br \/>\nT\u00fcm bu geli\u015fmeleri yak\u0131ndan takip eden Rusya\u2019n\u0131n, \u0130mamo\u011flu\u2019nun kaybetmesi sonucu, Kanal\u00a0 \u0130stanbul projesinin yap\u0131lmas\u0131yla , NATO gemilerinin , Rusya\u2019n\u0131n zay\u0131f karn\u0131\u00a0 Karadeniz\u2019e \u00e7\u0131kmas\u0131 ve olas\u0131 \u00e7at\u0131\u015fman\u0131n sonu\u00e7lar\u0131n\u0131 \u00f6ng\u00f6rerek bu a\u00e7\u0131klamay\u0131 yapm\u0131\u015f olabilir.<br \/>\n\u00c7\u00fcnk\u00fc i\u00e7 ve d\u0131\u015f konjonkt\u00fcrde\u00a0 Atat\u00fcrk Cumhuriyeti Kar\u015f\u0131tlar\u0131n\u0131n  \u2018Kanal istanbul Projesi\u2019 i\u00e7in AKP aday\u0131n\u0131n kazanmas\u0131n\u0131n seferberlik ilan ettikleri a\u00e7\u0131kt\u0131r. Murat Kurum\u00a0 \u2018g\u00fcndemimizde yok\u2019\u00a0 diye a\u00e7\u0131klama yapsa da , bakanl\u0131\u011f\u0131n projenin devam etti\u011fini s\u00f6ylemesi dikkat \u00e7ekicidir. AKP iktidar\u0131n\u0131n \u0130stanbul\u2019un Belediye Ba\u015fkanl\u0131\u011f\u0131n\u0131n al\u0131nmas\u0131 i\u00e7in her yolun denenece\u011fi a\u00e7\u0131kt\u0131r.\u00a0<br \/>\n\u00d6zetle; i\u00e7 ve d\u0131\u015far\u0131da 31 Mart yerel se\u00e7imlerinin \u00a0 eski deyimle\u00a0 \u2018siklet merkezi\u2019 \u0130stanbul olarak g\u00f6r\u00fclmektedir. Bu nedenle Putin\u2019in a\u00e7\u0131klamalar\u0131 dikkate al\u0131nd\u0131\u011f\u0131nda\u00a0 \u0130stanbul se\u00e7imlerinin sonu\u00e7lar\u0131\u00a0 D\u00dcNYA BARI\u015eINI etkileyebilecek \u00f6nemdedir.<br \/>\n(*) Cumhuriyet Gazetesi &#8211; 19.03.2024<\/p>\n","protected":false},"excerpt":{"rendered":"<p>Ge\u00e7ti\u011fimiz g\u00fcnlerde, Rusya\u2019da bir konser salonunun ter\u00f6ristlerce bas\u0131l\u0131p, 150 civar\u0131nda \u00f6l\u00fc ve bir o kadar yaral\u0131 olmas\u0131 \u00e7ok \u00f6nemli bir geli\u015fmeydi. 5. kez b\u00fcy\u00fck bir zaferle kazanan Putin\u2019in yeni d\u00f6nemde son a\u00e7\u0131klamalar\u0131na\u00a0 bir g\u00f6zda\u011f\u0131 idi.\u00a0 T\u00fcrkiye ise\u00a0 31 Mart 2024 yerel se\u00e7imlerine odaklanm\u0131\u015f durumda. Ancak bu s\u00fcre\u00e7te \u00e7ok \u00f6nemli geli\u015fmeler de\u00a0 olmaktad\u0131r.\u00a0 Kuzeyimizde\u00a0 iki y\u0131ld\u0131r [&hellip;]<\/p>\n","protected":false},"author":13,"featured_media":69225,"comment_status":"open","ping_status":"open","sticky":false,"template":"","format":"standard","meta":{"footnotes":""},"categories":[28],"tags":[],"class_list":["post-69360","post","type-post","status-publish","format-standard","has-post-thumbnail","hentry","category-serdar-erkan"],"views":250,"_links":{"self":[{"href":"https:\/\/mersingazetesi.com\/index.php\/wp-json\/wp\/v2\/posts\/69360","targetHints":{"allow":["GET"]}}],"collection":[{"href":"https:\/\/mersingazetesi.com\/index.php\/wp-json\/wp\/v2\/posts"}],"about":[{"href":"https:\/\/mersingazetesi.com\/index.php\/wp-json\/wp\/v2\/types\/post"}],"author":[{"embeddable":true,"href":"https:\/\/mersingazetesi.com\/index.php\/wp-json\/wp\/v2\/users\/13"}],"replies":[{"embeddable":true,"href":"https:\/\/mersingazetesi.com\/index.php\/wp-json\/wp\/v2\/comments?post=69360"}],"version-history":[{"count":0,"href":"https:\/\/mersingazetesi.com\/index.php\/wp-json\/wp\/v2\/posts\/69360\/revisions"}],"wp:featuredmedia":[{"embeddable":true,"href":"https:\/\/mersingazetesi.com\/index.php\/wp-json\/wp\/v2\/media\/69225"}],"wp:attachment":[{"href":"https:\/\/mersingazetesi.com\/index.php\/wp-json\/wp\/v2\/media?parent=69360"}],"wp:term":[{"taxonomy":"category","embeddable":true,"href":"https:\/\/mersingazetesi.com\/index.php\/wp-json\/wp\/v2\/categories?post=69360"},{"taxonomy":"post_tag","embeddable":true,"href":"https:\/\/mersingazetesi.com\/index.php\/wp-json\/wp\/v2\/tags?post=69360"}],"curies":[{"name":"wp","href":"https:\/\/api.w.org\/{rel}","templated":true}]}}