{"id":69215,"date":"2024-03-22T15:29:08","date_gmt":"2024-03-22T12:29:08","guid":{"rendered":"https:\/\/mersingazetesi.com\/?p=69215"},"modified":"2024-06-11T21:47:45","modified_gmt":"2024-06-11T18:47:45","slug":"penceremden-100-yil-once-gazi-neden-once-mersine-geldi","status":"publish","type":"post","link":"https:\/\/mersingazetesi.com\/index.php\/2024\/03\/22\/penceremden-100-yil-once-gazi-neden-once-mersine-geldi\/","title":{"rendered":"PENCEREMDEN: 100 YIL \u00d6NCE GAZ\u0130 NEDEN \u00d6NCE MERS\u0130N\u2019E GELD\u0130?"},"content":{"rendered":"<p>Lozan Bar\u0131\u015f\u0131n\u0131n ilk tur g\u00f6r\u00fc\u015fmelerinin t\u0131kanmas\u0131ndan sonra  ger\u00e7ekle\u015fen \u0130zmir \u0130ktisat kongresi 17 \u015eubat -4 Mart 1923  tarihlerinde ger\u00e7ekle\u015fti. Lozan\u2019da Ba\u015fm\u00fczakereci Lord Curzon ve bat\u0131 delegasyonu g\u00f6r\u00fc\u015fmelerde s\u0131k s\u0131k yeni kurulacak devletin iktisadi a\u00e7\u0131dan kendilerine muhta\u00e7 olaca\u011f\u0131n\u0131 vurgulamaktad\u0131rlar ve \u00f6d\u00fcn verilmesine zorlamaktad\u0131rlar. \u0130n\u00f6n\u00fc\u2019n\u00fcn onurlu ve \u00f6d\u00fcns\u00fcz duru\u015fu sonucu m\u00fczakereler biter. \u0130n\u00f6n\u00fc ba\u015fkanl\u0131\u011f\u0131ndaki TBMM heyetine d\u00f6nme talimat\u0131 verilir. Gazi Pa\u015fa onu Ankara tren gar\u0131nda ayakta kar\u015f\u0131lam\u0131\u015ft\u0131r.  Kas\u0131m \/Aral\u0131k 1922 de G\u00f6r\u00fc\u015fmelerde gelen bu haberler \u00fczerine \u0130ktisat Vekili M. Esat Bozkurt, Anadolu\u2019daki t\u00fcm iktisadi bile\u015fenlerin kat\u0131l\u0131m\u0131yla (o g\u00fcnk\u00fc ad\u0131yla \u2018Amele Birli\u011fi\u2019nin de temsil edildi\u011fi) kurulu\u015ftan \u00f6nceki bu son ve b\u00fcy\u00fck kongreyi , Osmanl\u0131 d\u00f6neminin  \u00f6nemli ticaret kenti \u0130zmir\u2019de  d\u00fczenlemeyi \u00f6nerir  ve Gazi\u2019ye  kongrenin fahri ba\u015fkanl\u0131\u011f\u0131n\u0131 \u00f6nerir.  Bunu kabul eden Gazi\u2019nin fahri ba\u015fkanl\u0131\u011f\u0131nda 17 \u015eubat g\u00fcn\u00fc , 1135 delegenin kongre a\u00e7\u0131l\u0131r. Kongreye Manisa temsilcisi Kaz\u0131m Karabekir, As\u0131m ve Fevzi \u00c7akmak Pa\u015falar ile Rus B\u00fcy\u00fckel\u00e7isi Aralof ve Azerbaycan B\u00fcy\u00fckel\u00e7isi \u0130brahim Abilof&#8217;da kat\u0131l\u0131r. Kongre, yeni kurulacak Cumhuriyetin  \u0130ktisat Politikas\u0131n\u0131n tart\u0131\u015f\u0131l\u0131p, al\u0131nan sonu\u00e7  kararlar\u0131yla 4 Mart 1923\u2019 de tamamlan\u0131r.<\/p>\n<p>Al\u0131nan kararlarla, Misak-\u0131 \u0130ktisadi politikalar\u0131n\u0131n hayata ge\u00e7irilmesi ve tam ba\u011f\u0131ms\u0131zl\u0131k  kararl\u0131l\u0131\u011f\u0131n\u0131n D\u00fcnya\u2019ya g\u00f6sterilmesi a\u00e7\u0131s\u0131ndan bu son kongre Cumhuriyet tarihimizde \u00e7ok \u00f6nemlidir. <\/p>\n<p>MERS\u0130N L\u0130MANI ZENG\u0130N Ve BEREKETL\u0130 \u00c7UKUROVA TOPRAKLARININ \u00c7IKI\u015e KAPISIDIR<\/p>\n<p>Gazi Pa\u015fa bu nedenle, o d\u00f6nemde Anadolu\u2019da ticaretin en canl\u0131 oldu\u011fu  ikinci liman kenti  Mersin\u2019e  yeni evlendi\u011fi e\u015fi Latife ham\u0131mla birlikte geziye \u00e7\u0131kar. Trenle \u00f6nce  Tarsus\u2019a. sonra Mersine gelir. O y\u0131llarda Mersin, Adana vilayetine ba\u011fl\u0131 bir sancakt\u0131r  ve Duyun-u Umumiye\u2019 in say\u0131l\u0131 \u015fubelerinden biri de vard\u0131r. Bir \u00e7ok yabanc\u0131 ticari kurulu\u015fun temsilcisi bulunmakta  ve lavantenler ya\u015famaktad\u0131r.<\/p>\n<p>ANITTA\u015e 100. YILDA  TEKRAR YER\u0130NE KONULMALIDIR<\/p>\n<p>\u0130stasyondan bug\u00fcnk\u00fc Cumhuriyet alan\u0131nda Ortadoks kilisesinin kar\u015f\u0131s\u0131nda bulunan millet bah\u00e7esinde  Gazi y\u00fcr\u00fcyerek gelmi\u015f ve o \u00fcnl\u00fc konu\u015fmas\u0131n\u0131 yapm\u0131\u015ft\u0131r. Gazi\u2019nin konu\u015ftu\u011fu yerde ge\u00e7mi\u015fte \u00fczerinde  Mersin\u2019e geli\u015fi an\u0131s\u0131na bunu belirten bir yaz\u0131 bir an\u0131t ta\u015f  vard\u0131. Cumhuriyet alan\u0131n\u0131n  d\u00fczenlenmesi esnas\u0131nda kald\u0131r\u0131lm\u0131\u015ft\u0131r.  101. Y\u0131lda O\u2019nun ziyaretinin an\u0131s\u0131na  sayg\u0131 olarak ayn\u0131 yere an\u0131t ta\u015f tekrar konulmal\u0131d\u0131r.<\/p>\n<p> MERS\u0130N\u2019DE HALK \u015eENL\u0130\u011e\u0130 VEYA FEST\u0130VAL\u0130 OLARAK KUTLANMALIDIR<\/p>\n<p>Bu y\u0131lda Resmi t\u00f6renlerle ge\u00e7i\u015ftirilen Atat\u00fcrk\u2019\u00fcn Mersin\u2019e geli\u015finin y\u0131ld\u00f6n\u00fcm\u00fc yerel y\u00f6netimler taraf\u0131ndan \u00f6neminin yeteri kadar anla\u015f\u0131lamad\u0131\u011f\u0131n\u0131 g\u00f6steriyor. <\/p>\n<p>Resmi t\u00f6renlerde \u0130stasyon\u2019dan Gazinin tren istasyonunda kar\u015f\u0131lan\u0131p, ayn\u0131 g\u00fczergahtan Cumhuriyet Meydan\u0131na protokol\u00fcn toplu y\u00fcr\u00fcnmesi, O\u2019nun an\u0131s\u0131n\u0131n ya\u015fat\u0131lmas\u0131 a\u00e7\u0131s\u0131ndan \u00e7ok anlaml\u0131d\u0131r. Bu y\u00fcr\u00fcy\u00fc\u015fe \u00f6zellikle Mersin\u2019in k\u00f6kl\u00fc e\u011fitim kurumlar\u0131ndan daha fazla \u00f6\u011frencinin kat\u0131lmas\u0131 te\u015fvik edilmelidir. <\/p>\n<p> Gen\u00e7lere   ve \u00e7ocuklara y\u00f6nelik sportif ve k\u00fclt\u00fcrel yar\u0131\u015fma ve organizasyonlar d\u00fczenlenerek daha fazla gencin kat\u0131lmas\u0131 \u00f6nemlidir. <\/p>\n<p>NEDEN MERS\u0130N? <\/p>\n<p>Gazi pa\u015fan\u0131n  kurtulu\u015ftan sonra ger\u00e7ekle\u015ftirilen son \u00f6nemli kongre olan, \u0130zmir \u0130ktisat kongresinin biti\u015finden sonra ilk olarak neden Mersin\u2019e geldi\u011fini Gazi Pa\u015fa asl\u0131nda millet bah\u00e7esindeki \u00fcnl\u00fc Mersin s\u00f6ylevinde kendi anlatm\u0131\u015ft\u0131r ve \u00fcnl\u00fc s\u00f6ylevinde:<\/p>\n<p> \u201cMersinliler..!<\/p>\n<p>Memleketiniz ve beldeniz T\u00fcrkiye\u2019nin \u00e7ok \u00f6nemli bir noktas\u0131nda bulunuyor ve \u00e7ok \u00f6nemli bir ticaret noktas\u0131d\u0131r. Memleketiniz, b\u00fct\u00fcn d\u00fcnya ile T\u00fcrkiye\u2019nin \u00e7ok \u00f6nemli bir ba\u011flant\u0131 noktas\u0131n\u0131n \u00e7ok \u00f6nemli bir yeridir.<\/p>\n<p>Bunu benden \u00e7ok iyi biliyorsunuz. Fakat bilmelisiniz ki-a\u00e7\u0131k s\u00f6yleyeyim-  memleketinize hakim bulunmuyorsunuz.Memleketinize hakim olabilmeniz i\u00e7in yeni \u00e7ok \u00f6nemli \u00e7al\u0131\u015fma d\u00f6nemine giriyorsunuz. Ge\u00e7mi\u015fte kar\u015f\u0131 kar\u015f\u0131ya oldu\u011fumuz yoksunluklardan, \u00e7ekti\u011fimiz \u00fcz\u00fcnt\u00fcler ve ac\u0131lar \u00e7ok b\u00fcy\u00fck olmu\u015ftur. Sava\u015f meydanlar\u0131nda de\u011ferli \u00e7ocuklar\u0131m\u0131z\u0131n s\u00fcng\u00fc ve silahlar\u0131n\u0131n zaferi yeterli de\u011fildir. Bu zafer ve ba\u015far\u0131 \u00e7ok b\u00fcy\u00fckt\u00fcr. Ancak yeterli de\u011fildir. Bu zafer ve ba\u015far\u0131 \u00e7ok b\u00fcy\u00fckt\u00fcr. Ancak ger\u00e7ek g\u00f6nen\u00e7 ve mutlulu\u011fa sahip olabilmek i\u00e7in A\u015f\u0131k bundan sonra \u00e7ok \u00e7al\u0131\u015fmak gereklidir. Sizin i\u00e7in zafer ve geli\u015fim alan\u0131; EKONOM\u0130 VE T\u0130CARETTED\u0130R. Bunun  \u00f6nemini anl\u0131yorsan\u0131z \u00e7ok \u00e7al\u0131\u015fmak zorundas\u0131n\u0131z. Tersi durumda, \u00fclkenin ger\u00e7ek sahibi oldu\u011funuzu s\u00f6yleseniz dahi kimseyi inand\u0131ramazs\u0131n\u0131z.<\/p>\n<p>Bu ger\u00e7eklik dolu s\u00f6zlerim ac\u0131d\u0131r. Fakat ger\u00e7e\u011fi  anlat\u0131yorum. <\/p>\n<p>G\u00f6n\u00fcl isterdi ki burada bir saat, bir g\u00fcn de\u011fil, daha uzun kalay\u0131m. Fakat \u015fimdilik buna olanak yoktur.S\u00f6z\u00fcm\u00fc kesmek zorunday\u0131m. Sons\u00f6z olmak \u00fczere BU MEMLEKET\u0130N HAK\u0130K\u0130 SAH\u0130B\u0130 OLUNUZ\u201d.  <\/p>\n<p>diyerek konu\u015fmas\u0131n\u0131 tamamlar. <\/p>\n<p>G\u00f6r\u00fcld\u00fc\u011f\u00fc gibi Gazi Pa\u015fa,   Mondros M\u00fctarekesinden  hemen sonra 5 Kas\u0131m 1918\u2019de geldi\u011fi ve Anadolu\u2019nun ilk i\u015fgalinin Mersin\u2019den ba\u015flayaca\u011f\u0131n\u0131 \u00f6ng\u00f6rd\u00fc\u011f\u00fc, e\u015fsiz jeopolitik konumunu  \u00f6n plana \u00e7\u0131kararak Mersinlilere, kurtulu\u015ftan sonra, Cumhuriyetin iktisadi ba\u011f\u0131ms\u0131zl\u0131k i\u00e7in as\u0131l m\u00fccadele alan\u0131 olacak \u2018Ekonomi ve Ticarette\u2019  \u00e7ok \u00e7al\u0131\u015fma g\u00f6revini  vermi\u015ftir.<\/p>\n<p>Gazi Pa\u015fadan  sonra, o y\u0131llarda Mersin\u2019de g\u00f6rev yapan Dr.Re\u015fit Galip s\u00f6z alarak Mersinliler ad\u0131na \u00e7ok etkili bir konu\u015fma yapar. Gazi Pa\u015fa daha sonra  \u2018and\u0131m\u0131z\u2019\u0131 yazacak olan Dr.Re\u015fit Galip\u2019i  Milli E\u011fitim Bakan\u0131 yapacakt\u0131r. <\/p>\n<p>An\u0131lar\u0131na sayg\u0131 ve minnetle\u2026<\/p>\n","protected":false},"excerpt":{"rendered":"<p>Lozan Bar\u0131\u015f\u0131n\u0131n ilk tur g\u00f6r\u00fc\u015fmelerinin t\u0131kanmas\u0131ndan sonra ger\u00e7ekle\u015fen \u0130zmir \u0130ktisat kongresi 17 \u015eubat -4 Mart 1923 tarihlerinde ger\u00e7ekle\u015fti. Lozan\u2019da Ba\u015fm\u00fczakereci Lord Curzon ve bat\u0131 delegasyonu g\u00f6r\u00fc\u015fmelerde s\u0131k s\u0131k yeni kurulacak devletin iktisadi a\u00e7\u0131dan kendilerine muhta\u00e7 olaca\u011f\u0131n\u0131 vurgulamaktad\u0131rlar ve \u00f6d\u00fcn verilmesine zorlamaktad\u0131rlar. \u0130n\u00f6n\u00fc\u2019n\u00fcn onurlu ve \u00f6d\u00fcns\u00fcz duru\u015fu sonucu m\u00fczakereler biter. \u0130n\u00f6n\u00fc ba\u015fkanl\u0131\u011f\u0131ndaki TBMM heyetine d\u00f6nme talimat\u0131 [&hellip;]<\/p>\n","protected":false},"author":13,"featured_media":69225,"comment_status":"open","ping_status":"open","sticky":false,"template":"","format":"standard","meta":{"footnotes":""},"categories":[28],"tags":[],"class_list":["post-69215","post","type-post","status-publish","format-standard","has-post-thumbnail","hentry","category-serdar-erkan"],"views":272,"_links":{"self":[{"href":"https:\/\/mersingazetesi.com\/index.php\/wp-json\/wp\/v2\/posts\/69215","targetHints":{"allow":["GET"]}}],"collection":[{"href":"https:\/\/mersingazetesi.com\/index.php\/wp-json\/wp\/v2\/posts"}],"about":[{"href":"https:\/\/mersingazetesi.com\/index.php\/wp-json\/wp\/v2\/types\/post"}],"author":[{"embeddable":true,"href":"https:\/\/mersingazetesi.com\/index.php\/wp-json\/wp\/v2\/users\/13"}],"replies":[{"embeddable":true,"href":"https:\/\/mersingazetesi.com\/index.php\/wp-json\/wp\/v2\/comments?post=69215"}],"version-history":[{"count":0,"href":"https:\/\/mersingazetesi.com\/index.php\/wp-json\/wp\/v2\/posts\/69215\/revisions"}],"wp:featuredmedia":[{"embeddable":true,"href":"https:\/\/mersingazetesi.com\/index.php\/wp-json\/wp\/v2\/media\/69225"}],"wp:attachment":[{"href":"https:\/\/mersingazetesi.com\/index.php\/wp-json\/wp\/v2\/media?parent=69215"}],"wp:term":[{"taxonomy":"category","embeddable":true,"href":"https:\/\/mersingazetesi.com\/index.php\/wp-json\/wp\/v2\/categories?post=69215"},{"taxonomy":"post_tag","embeddable":true,"href":"https:\/\/mersingazetesi.com\/index.php\/wp-json\/wp\/v2\/tags?post=69215"}],"curies":[{"name":"wp","href":"https:\/\/api.w.org\/{rel}","templated":true}]}}