{"id":68911,"date":"2024-03-18T15:42:01","date_gmt":"2024-03-18T12:42:01","guid":{"rendered":"https:\/\/mersingazetesi.com\/?p=68911"},"modified":"2024-06-11T21:47:45","modified_gmt":"2024-06-11T18:47:45","slug":"penceremden-canakkale-zaferinin-109-yildonumunde-bu-onur-hepimizindir-ne-kadar-ovunsek-azdir","status":"publish","type":"post","link":"https:\/\/mersingazetesi.com\/index.php\/2024\/03\/18\/penceremden-canakkale-zaferinin-109-yildonumunde-bu-onur-hepimizindir-ne-kadar-ovunsek-azdir\/","title":{"rendered":"PENCEREMDEN: \u00c7ANAKKALE ZAFER\u0130N\u0130N 109. YILD\u00d6N\u00dcM\u00dcNDE BU ONUR HEP\u0130M\u0130Z\u0130ND\u0130R, NE KADAR \u00d6V\u00dcNSEK AZDIR..!"},"content":{"rendered":"<p>D\u00fcn \u00c7anakkale Sava\u015f\u0131n\u0131n 109. Y\u0131ld\u00f6n\u00fcm\u00fcyd\u00fc.<\/p>\n<p> T\u00fcrk\u00fcyle, K\u00fcrd\u00fcyle, Laz\u0131yla, \u00c7erkeziyle, Arab\u0131yla, Alevisiyle, S\u00fcnnisiyle ve ayr\u0131ca;<br \/>\nOsmanl\u0131 Ordusunda M\u00fcsl\u00fcman askerlerin yan\u0131nda imparatorlu\u011fu olu\u015fturan gayrim\u00fcslim askerler(Ermeni, Rum, Yahudi, S\u00fcryani, Keldani) de sava\u015ft\u0131. <\/p>\n<p>&#8220;\u00c7anakkale Sava\u015flar\u0131&#8217;nda, sava\u015f meydanlar\u0131nda hayat\u0131n\u0131 kaybeden askerlerimizden 558&#8217;i, imparatorlu\u011fun gayrim\u00fcslim karde\u015flerimizle birlikte  hepimiz oradayd\u0131k. Hep birlikte 1919-1923 de kurtulu\u015f ve kurulu\u015fu ya\u015fayarak bug\u00fcnlere geldik.\u201d<\/p>\n<p> Ya\u015fad\u0131\u011f\u0131m\u0131z bu zor g\u00fcnleride, emperyalizmin beyinleri i\u015fgal ederek, Yeni Sevr \/BOP Planlar\u0131yla , ekonomik bunal\u0131mlarla bizzat kurgulad\u0131\u011f\u0131 ve tetikledi\u011fi toplumsal fay hatlar\u0131n\u0131n k\u0131r\u0131lmas\u0131yla yaratt\u0131\u011f\u0131 sorunlar\u0131 ve g\u00fc\u00e7l\u00fckleri 109 y\u0131l \u00f6nceki \u00c7anakkale ruhuyla a\u015fmal\u0131y\u0131z. Bug\u00fcn \u00c7anakkale Zaferi\u2019nin 109. Y\u0131ld\u00f6n\u00fcm\u00fcd\u00fcr.<\/p>\n<p> \u00c7anakkale Zaferi, 1917 ve 1923 devrimlerinin \u00f6ns\u00f6z\u00fcd\u00fcr. Emperyalizmin D\u00fcnya\u2019y\u0131 kana boyayan 1. Payla\u015f\u0131m Sava\u015f\u0131nda Lenin ve Mustafa KEMAL\u2019in ger\u00e7ekle\u015ftirdi\u011fi EMEK ve MAZLUM M\u0130LLETLER dayan\u0131\u015fmas\u0131 ile D\u00fcnya siyasi ve askeri tarihinin en b\u00fcy\u00fck tokat\u0131n\u0131n temelini atan sava\u015ft\u0131r. <\/p>\n<p> Bu Zaferi bizlere ya\u015fatan ba\u015fta Anadolu\u2019nun Sar\u0131 Pa\u015fa\u2019s\u0131 Mustafa KEMAL ve 15\u2019liler olmak \u00fczere t\u00fcm \u015fehit ve gazilerimizi minnet ve sayg\u0131yla an\u0131yorum.<\/p>\n","protected":false},"excerpt":{"rendered":"<p>D\u00fcn \u00c7anakkale Sava\u015f\u0131n\u0131n 109. Y\u0131ld\u00f6n\u00fcm\u00fcyd\u00fc. T\u00fcrk\u00fcyle, K\u00fcrd\u00fcyle, Laz\u0131yla, \u00c7erkeziyle, Arab\u0131yla, Alevisiyle, S\u00fcnnisiyle ve ayr\u0131ca; Osmanl\u0131 Ordusunda M\u00fcsl\u00fcman askerlerin yan\u0131nda imparatorlu\u011fu olu\u015fturan gayrim\u00fcslim askerler(Ermeni, Rum, Yahudi, S\u00fcryani, Keldani) de sava\u015ft\u0131. &#8220;\u00c7anakkale Sava\u015flar\u0131&#8217;nda, sava\u015f meydanlar\u0131nda hayat\u0131n\u0131 kaybeden askerlerimizden 558&#8217;i, imparatorlu\u011fun gayrim\u00fcslim karde\u015flerimizle birlikte hepimiz oradayd\u0131k. Hep birlikte 1919-1923 de kurtulu\u015f ve kurulu\u015fu ya\u015fayarak bug\u00fcnlere geldik.\u201d Ya\u015fad\u0131\u011f\u0131m\u0131z bu [&hellip;]<\/p>\n","protected":false},"author":13,"featured_media":68685,"comment_status":"open","ping_status":"open","sticky":false,"template":"","format":"standard","meta":{"footnotes":""},"categories":[28],"tags":[],"class_list":["post-68911","post","type-post","status-publish","format-standard","has-post-thumbnail","hentry","category-serdar-erkan"],"views":1862,"_links":{"self":[{"href":"https:\/\/mersingazetesi.com\/index.php\/wp-json\/wp\/v2\/posts\/68911","targetHints":{"allow":["GET"]}}],"collection":[{"href":"https:\/\/mersingazetesi.com\/index.php\/wp-json\/wp\/v2\/posts"}],"about":[{"href":"https:\/\/mersingazetesi.com\/index.php\/wp-json\/wp\/v2\/types\/post"}],"author":[{"embeddable":true,"href":"https:\/\/mersingazetesi.com\/index.php\/wp-json\/wp\/v2\/users\/13"}],"replies":[{"embeddable":true,"href":"https:\/\/mersingazetesi.com\/index.php\/wp-json\/wp\/v2\/comments?post=68911"}],"version-history":[{"count":0,"href":"https:\/\/mersingazetesi.com\/index.php\/wp-json\/wp\/v2\/posts\/68911\/revisions"}],"wp:featuredmedia":[{"embeddable":true,"href":"https:\/\/mersingazetesi.com\/index.php\/wp-json\/wp\/v2\/media\/68685"}],"wp:attachment":[{"href":"https:\/\/mersingazetesi.com\/index.php\/wp-json\/wp\/v2\/media?parent=68911"}],"wp:term":[{"taxonomy":"category","embeddable":true,"href":"https:\/\/mersingazetesi.com\/index.php\/wp-json\/wp\/v2\/categories?post=68911"},{"taxonomy":"post_tag","embeddable":true,"href":"https:\/\/mersingazetesi.com\/index.php\/wp-json\/wp\/v2\/tags?post=68911"}],"curies":[{"name":"wp","href":"https:\/\/api.w.org\/{rel}","templated":true}]}}