{"id":6884,"date":"2021-11-23T11:57:12","date_gmt":"2021-11-23T08:57:12","guid":{"rendered":"http:\/\/mersin.mesiad.org\/index.php\/2021\/11\/23\/mersin-sahil-seridi-duvar-resimleriyle-renklendi\/"},"modified":"2021-11-23T11:57:12","modified_gmt":"2021-11-23T08:57:12","slug":"mersin-sahil-seridi-duvar-resimleriyle-renklendi","status":"publish","type":"post","link":"https:\/\/mersingazetesi.com\/index.php\/2021\/11\/23\/mersin-sahil-seridi-duvar-resimleriyle-renklendi\/","title":{"rendered":"Mersin sahil \u015feridi duvar resimleriyle renklendi"},"content":{"rendered":"<p><span style=\"line-height: 1.6em;\">Mersin&#8217;de sahil \u015feridi, bar\u0131\u015f, kad\u0131n, \u00f6zg\u00fcrl\u00fck, \u00e7ocuk ve gen\u00e7lik temal\u0131 resimlerle rengarenk bir g\u00f6r\u00fcn\u00fcme kavu\u015ftu.\u00a0<\/span><\/p>\n<p>Mersin B\u00fcy\u00fck\u015fehir Belediyesi&#8217;nden yap\u0131lan a\u00e7\u0131klamaya g\u00f6re, korona vir\u00fcs salg\u0131n\u0131 s\u00fcrecinde bo\u015f kalan sahilde sanatsal i\u00e7erikli \u00e7al\u0131\u015fma yap\u0131ld\u0131. Bu kapsamda \u00d6zgecan Aslan Bar\u0131\u015f Meydan\u0131&#8217;nda bir s\u00fcredir at\u0131l halde duran Cep sinemas\u0131n\u0131n \u00e7evresi kapat\u0131larak duvarlar\u0131 sanatla ku\u015fat\u0131ld\u0131. \u00dc\u00e7 sanat\u00e7\u0131n\u0131n \u00d6zgecan Aslan, kad\u0131n, \u00e7ocuk, gen\u00e7lik ve korona vir\u00fcs gibi temalar\u0131ndan olu\u015fan resimleri meydana yeni bir boyut kazand\u0131rd\u0131.\u00a0<br \/>\nD\u00f6rt yan\u0131 \u00e7evrelenen mekan\u0131n duvarlar\u0131 3 sanat\u00e7\u0131 taraf\u0131ndan renklendirildi. B\u00fcy\u00fck\u015fehir Belediyesi Park ve Bah\u00e7eler Dairesi Ba\u015fkanl\u0131\u011f\u0131 personellerinden G\u00fcven Bozkurt, Toros \u00dcniversitesi akademisyenlerinden Orhan Karakaplan ve \u00c7ukurova \u00dcniversitesi G\u00fczel Sanatlar Fak\u00fcltesi\u2019nde doktora \u00f6\u011frenimini s\u00fcrd\u00fcren \u0130brahim Tokaslan\u2019dan olu\u015fan \u00fc\u00e7 sanat\u00e7\u0131, korona vir\u00fcs salg\u0131n\u0131 s\u00fcrecinde \u00d6zgecan Aslan Bar\u0131\u015f Meydan\u0131\u2019nda gece-g\u00fcnd\u00fcz \u00e7al\u0131\u015farak Mersinliler i\u00e7in meydanda \u00f6nemli bir iz b\u0131rakt\u0131.\u00a0<br \/>\nMeydanda art\u0131k \u00d6zgecan\u2019\u0131n resmi ya\u015fat\u0131lacak\u00a0<br \/>\nD\u00f6rt duvar\u0131n bat\u0131s\u0131 \u00d6zgecan Aslan Bar\u0131\u015f Meydan\u0131\u2019na bak\u0131yor ve duvar\u0131n ortas\u0131nda b\u00fcy\u00fck bir \u00d6zgecan Aslan resmi yer al\u0131yor. Bat\u0131ya bakan duvar, boydan boya kad\u0131n ve \u00f6zg\u00fcrl\u00fck temal\u0131 resimlerle i\u00e7erisinde anlaml\u0131 bir mesaj bar\u0131nd\u0131r\u0131yor. Duvar\u0131n kuzey k\u0131sm\u0131 ise korona vir\u00fcs salg\u0131n\u0131 nedeniyle ya\u015fanan g\u00fcnleri simgeliyor. \u00d6zellikle b\u00fcy\u00fck fedakarl\u0131k g\u00f6steren sa\u011fl\u0131k \u00e7al\u0131\u015fanlar\u0131na duyulan minneti simgeleyen \u00e7izimler de yer al\u0131yor. Do\u011fudaki k\u0131s\u0131m i\u00e7in haz\u0131rl\u0131klar s\u00fcrerken, g\u00fcneye bakan duvarda ise \u015fimdilik &#8216;Mersin, hep g\u00fczelsin&#8217; yaz\u0131yor.\u00a0<br \/>\nB\u00fcy\u00fck\u015fehir Belediyesi Genel Sekreter Yard\u0131mc\u0131s\u0131 Haydar Ali Ulusoy, Akdeniz il\u00e7esi Karaduvar Mahallesi ve kentin bir\u00e7ok noktas\u0131 i\u00e7in d\u00fc\u015f\u00fcnd\u00fckleri bir projeyi korona vir\u00fcs salg\u0131n\u0131 s\u00fcrecinde \u00d6zgecan Aslan Bar\u0131\u015f Meydan\u0131\u2019nda hayata ge\u00e7irmeye ba\u015flad\u0131klar\u0131n\u0131 belirterek, Ba\u015fkan Vahap Se\u00e7er\u2019in \u00f6nc\u00fcl\u00fc\u011f\u00fcnde sanat\u0131n ve renklili\u011fin hakim oldu\u011fu bir kent in\u015fa etmek i\u00e7in \u00e7al\u0131\u015ft\u0131klar\u0131n\u0131 s\u00f6yledi.\u00a0<br \/>\n\u201cBurada kad\u0131n a\u011f\u0131rl\u0131kl\u0131 bir \u00e7al\u0131\u015fma yapt\u0131k\u201d\u00a0<br \/>\n\u00d6zgecan Aslan Bar\u0131\u015f Meydan\u0131 i\u00e7in belirlenen kompozisyondan bahseden Ulusoy, \u201cBa\u015fkan\u0131m\u0131z\u0131n \u00f6nerileriyle arkada\u015flar\u0131m\u0131z haz\u0131rl\u0131klar\u0131n\u0131 yapt\u0131lar. \u00d6zgecan Meydan\u0131\u2019na bakan tarafta a\u011f\u0131rl\u0131kl\u0131 olarak kad\u0131n temas\u0131n\u0131 i\u015fleyelim dedik. Kad\u0131n\u0131n \u00f6nemi, toplumdaki yeri, kad\u0131na \u015fiddet, bir anlamda \u00d6zgecan, biliyorsunuz bunlarla an\u0131lan bir isim. Dolay\u0131s\u0131yla bunlar\u0131n bir daha ya\u015fanmamas\u0131 ve ge\u00e7mi\u015fle olan ili\u015fkiyi kurmak anlam\u0131nda burada kad\u0131n a\u011f\u0131rl\u0131kl\u0131 bir \u00e7al\u0131\u015fma yapt\u0131k. Yani fig\u00fcrlerin kad\u0131n\u0131 \u00f6n planda tuttu\u011fu, \u015fiddeti reddetti\u011fi ve \u00d6zgecan\u2019la \u00f6zde\u015fle\u015ferek kad\u0131n\u0131n toplumda olmas\u0131 gereken yere ta\u015f\u0131nmas\u0131n\u0131 d\u00fc\u015f\u00fcnd\u00fcren bu \u00e7al\u0131\u015fmay\u0131 yapt\u0131k\u201d dedi.\u00a0<\/p>\n<p>\u0130HA<\/p>\n","protected":false},"excerpt":{"rendered":"<p>Mersin&#8217;de sahil \u015feridi, bar\u0131\u015f, kad\u0131n, \u00f6zg\u00fcrl\u00fck, \u00e7ocuk ve gen\u00e7lik temal\u0131 resimlerle rengarenk bir g\u00f6r\u00fcn\u00fcme kavu\u015ftu.\u00a0 Mersin B\u00fcy\u00fck\u015fehir Belediyesi&#8217;nden yap\u0131lan a\u00e7\u0131klamaya g\u00f6re, korona vir\u00fcs salg\u0131n\u0131 s\u00fcrecinde bo\u015f kalan sahilde sanatsal i\u00e7erikli \u00e7al\u0131\u015fma yap\u0131ld\u0131. Bu kapsamda \u00d6zgecan Aslan Bar\u0131\u015f Meydan\u0131&#8217;nda bir s\u00fcredir at\u0131l halde duran Cep sinemas\u0131n\u0131n \u00e7evresi kapat\u0131larak duvarlar\u0131 sanatla ku\u015fat\u0131ld\u0131. \u00dc\u00e7 sanat\u00e7\u0131n\u0131n \u00d6zgecan Aslan, kad\u0131n, [&hellip;]<\/p>\n","protected":false},"author":2,"featured_media":0,"comment_status":"open","ping_status":"open","sticky":false,"template":"","format":"standard","meta":{"footnotes":""},"categories":[],"tags":[],"class_list":["post-6884","post","type-post","status-publish","format-standard","hentry"],"views":22,"_links":{"self":[{"href":"https:\/\/mersingazetesi.com\/index.php\/wp-json\/wp\/v2\/posts\/6884","targetHints":{"allow":["GET"]}}],"collection":[{"href":"https:\/\/mersingazetesi.com\/index.php\/wp-json\/wp\/v2\/posts"}],"about":[{"href":"https:\/\/mersingazetesi.com\/index.php\/wp-json\/wp\/v2\/types\/post"}],"author":[{"embeddable":true,"href":"https:\/\/mersingazetesi.com\/index.php\/wp-json\/wp\/v2\/users\/2"}],"replies":[{"embeddable":true,"href":"https:\/\/mersingazetesi.com\/index.php\/wp-json\/wp\/v2\/comments?post=6884"}],"version-history":[{"count":0,"href":"https:\/\/mersingazetesi.com\/index.php\/wp-json\/wp\/v2\/posts\/6884\/revisions"}],"wp:attachment":[{"href":"https:\/\/mersingazetesi.com\/index.php\/wp-json\/wp\/v2\/media?parent=6884"}],"wp:term":[{"taxonomy":"category","embeddable":true,"href":"https:\/\/mersingazetesi.com\/index.php\/wp-json\/wp\/v2\/categories?post=6884"},{"taxonomy":"post_tag","embeddable":true,"href":"https:\/\/mersingazetesi.com\/index.php\/wp-json\/wp\/v2\/tags?post=6884"}],"curies":[{"name":"wp","href":"https:\/\/api.w.org\/{rel}","templated":true}]}}