{"id":68751,"date":"2024-03-15T12:45:06","date_gmt":"2024-03-15T09:45:06","guid":{"rendered":"https:\/\/mersingazetesi.com\/?p=68751"},"modified":"2024-06-11T21:47:45","modified_gmt":"2024-06-11T18:47:45","slug":"penceremden-arslankoyun-cete-bayraminin-104-yili-uzerine","status":"publish","type":"post","link":"https:\/\/mersingazetesi.com\/index.php\/2024\/03\/15\/penceremden-arslankoyun-cete-bayraminin-104-yili-uzerine\/","title":{"rendered":"PENCEREMDEN: ARSLANK\u00d6Y\u2019\u00dcN \u00c7ETE BAYRAMININ 104. YILI \u00dcZER\u0130NE\u2026"},"content":{"rendered":"<p>Her \u015fey, Y\u0131ld\u0131r\u0131m Ordular\u0131 komutanl\u0131\u011f\u0131na yeni atanm\u0131\u015f olan Mustafa Kemal\u2019in, 1918 y\u0131l\u0131n\u0131n 31 Ekim\u2019inde imzalanan  Mondros M\u00fctarekesi sonras\u0131nda, anla\u015fman\u0131n 7. Maddesine dayanarak Anadolu\u2019nun i\u015fgal edilece\u011fini \u00f6ng\u00f6rmesi ile  ba\u015flar.<\/p>\n<p>Derhal, Saraya \u2018D\u00fc\u015fman \u0130skenderun k\u0131y\u0131lar\u0131na \u00e7\u0131karsa ate\u015f a\u00e7aca\u011f\u0131n\u0131\u2019 bildirir. Bunun \u00fczerine Saraydan derhal komutanl\u0131k yetkilerini Adana\u2019da devredip \u0130stanbul\u2019a d\u00f6nmesi istenir.<\/p>\n<p>Mustafa  KEMAL 2 Kas\u0131m 1918\u2019de Adana\u2019ya gelir. Yerel komutan, ayan ve e\u015frafla gizli bir toplant\u0131 yapar ve baz\u0131 kararlar al\u0131r.<\/p>\n<p> 5 Kas\u0131m 1918\u2019de de Mersin\u2019e  gizlice trenle gelir ve ak\u015fam Karamanc\u0131lar Kona\u011f\u0131\u2019nda gaz lambas\u0131 \u0131\u015f\u0131\u011f\u0131nda yerel askeri ve Te\u015fkilat-\u0131 Mahsusa (Osmanl\u0131 Gizli Polisi) b\u00fcrokrasisinin yetkilileri ile gizli bir toplant\u0131 daha yapar.<\/p>\n<p>Mustafa KEMAL, bu toplant\u0131da Adana\u2019da al\u0131nan kararlar\u0131 a\u00e7\u0131klar. Ayr\u0131ca, Anadolu\u2019nun(\u00c7ukurova\u2019n\u0131n) ilk i\u015fgalinin, Mersin iskelesinden ba\u015flayaca\u011f\u0131n\u0131 s\u00f6yler.<\/p>\n<p>Bu toplant\u0131da da gelecekte planlad\u0131\u011f\u0131 ve misak-milli s\u0131n\u0131rlar\u0131 i\u00e7inde i\u015fgale kar\u015f\u0131 ba\u015flataca\u011f\u0131, \u201cMilli M\u00fccadele\u201d i\u00e7in, depolardaki silah ve m\u00fchimmatlar\u0131n teslim edilmemesini ve Toroslardaki da\u011f k\u00f6ylerine h\u0131zla g\u00f6nderilmesi  ve d\u00fc\u015fman\u0131n Samanda\u011f-Silifke hatt\u0131n\u0131n kuzeyine \u00e7\u0131kar\u0131lmamas\u0131 talimatlar\u0131n\u0131 verir.<\/p>\n<p>Bu toplant\u0131ya Arslank\u00f6y\u2019den (Efrenk), eski askerlerden H\u00fcsn\u00fc Ba\u015f\u00e7avu\u015funda (Y\u0131ld\u0131ran) kat\u0131ld\u0131\u011f\u0131n\u0131 ye\u011feni ve Aslank\u00f6y\u2019\u00fcn ilk okuyan k\u0131zlardan olan  ve D\u00fczi\u00e7i K\u00f6y Enstit\u00fcs\u00fcn\u00fcn ilk  mezunlar\u0131ndan H\u00fcsniye \u00d6zg\u00fcr bana da ifade etmi\u015fti.<\/p>\n<p>Mustafa Kemal, ertesi g\u00fcn trenle Adanaya d\u00f6ner. \u00c7ok ge\u00e7meden, Mustafa Kemal\u2019in \u00f6ng\u00f6r\u00fcs\u00fc ger\u00e7ekle\u015fir.<\/p>\n<p>17 Aral\u0131k 1918\u2019de,  \u0130ngilizler Frans\u0131zlarla anla\u015farak, taktik olarak \u00f6nce m\u00fcsl\u00fcman Hint askerlerini iskeleden, \u201cselam\u0131n aleyk\u00fcm\u201c diyerek \u00e7\u0131kart\u0131rlar. Mersin\u2019in i\u015fgali resmen ba\u015flar.<\/p>\n<p>B\u00f6ylece, M\u00fcsl\u00fcmanlar i\u00e7in kutsal say\u0131lan -tanr\u0131 selam\u0131- ile halktan gelebilecek ilk tepkileri \u00f6nleyip, kontrol\u00fc sa\u011flay\u0131p  bir s\u00fcre sonra 1919 ba\u015flar\u0131nda, \u0130ngiliz\u2019lerin i\u015fgal komutanl\u0131\u011f\u0131n\u0131 Frans\u0131zlara devretmesiyle Frans\u0131zlar\u0131n \u00c7ukurova\u2019y\u0131 i\u015fgal plan\u0131 uygulamaya girer. Frans\u0131zlar Adana-Mersin demiryolu \u00fczerinden \u00f6nce Adana\u2019ya sonra Antep  ve Mara\u015f\u2019a kadar t\u00fcm b\u00f6lgeyi ad\u0131m ad\u0131m i\u015fgale ba\u015flarlar.<\/p>\n<p> 19 May\u0131s 1919\u2018da Atat\u00fcrk\u2019\u00fcn Samsun\u2019a \u00e7\u0131kmas\u0131yla ba\u015flayan Milli M\u00fccadele\u2019nin ate\u015fi ve heyecan\u0131 yurdun heryerine ula\u015ft\u0131\u011f\u0131 gibi Efrenk\u2019e(Arslank\u00f6y\u2019e) de ula\u015f\u0131r.<\/p>\n<p>Frans\u0131zlar da\u011f k\u00f6ylerine ka\u00e7\u0131r\u0131lan silah ve m\u00fchimmat\u0131n pe\u015findedir.<\/p>\n<p>Bu ama\u00e7la, \u00f6nce i\u015fbirlik\u00e7i bir Osmanl\u0131 subay\u0131n\u0131, sonrada bir Frans\u0131z subay\u0131n\u0131 silahlar\u0131n yerini \u00f6\u011frenmek ve i\u015fgal i\u00e7in Arslank\u00f6y\u2019e g\u00f6nderseler de, her ikiside Arslank\u00f6y\u2019l\u00fc eski askerler taraf\u0131ndan \u201cciyakl\u0131 obruka\u201d at\u0131larak etkisiz hale getirilirler.<\/p>\n<p>K\u00f6yde saklanan silahlar\u0131n yerini bir t\u00fcrl\u00fc \u00f6\u011frenemeyen Frans\u0131zlar, y\u00f6reyi bilen Osmanl\u0131 Ermenilerinden olu\u015fturduklar\u0131 lejyoner askerlerle k\u00f6y\u00fcn erkeklerini, Cuma namaz\u0131 sonras\u0131 tutuklamak ve k\u00f6y\u00fc i\u015fgal etmek \u00fczere Sunturas (Santa Iras)\u00fczerinden Yavca\u2019ya ve Arslank\u00f6y\u2019e do\u011fru harekete ge\u00e7erler. <\/p>\n<p>Yavca k\u00f6y\u00fc yak\u0131nlar\u0131nda  bir \u00e7oban onlar\u0131 g\u00f6r\u00fcr, niyetlerini anlar.<\/p>\n<p>Bir yandan onlara ayran ikram ederken, di\u011fer yandan o\u011flunu gizlice at\u0131na bindirip Arslank\u00f6y\u2019e g\u00f6nderir.<\/p>\n<p>K\u00f6y\u00fcn erkekleri e\u015f ve \u00e7ocuklar\u0131n\u0131 Yaylac\u0131k da\u011f\u0131n\u0131n arkas\u0131na saklanmak \u00fczere g\u00f6nderirler. Kendileri de, h\u0131zla Yavca yak\u0131nlar\u0131nda geceleyen Frans\u0131z \u00fcniformal\u0131 askerleri ku\u015fat\u0131p sald\u0131r\u0131rlar.<\/p>\n<p>Ka\u00e7\u0131p kurtulan birka\u00e7\u0131 hari\u00e7, di\u011ferlerini imha ederler.<\/p>\n<p>Bu bask\u0131n t\u00fcm civar k\u00f6ylerde ve Mersin\u2019de k\u0131sa zamanda duyulur. \u0130\u015fgalcilerin -yenilmez olmad\u0131\u011f\u0131n\u0131 &#8211; g\u00f6steren bu olay, Mersin\u2019de bir \u00e7ok yerde, yerel halk\u0131n \u00f6zg\u00fcvenlerinin artmas\u0131na ve yerel direni\u015flerin tetiklenmesine neden olur.<\/p>\n<p>Ancak, bu olay sonras\u0131, Eftenkliler (Arslank\u00f6yl\u00fcler)  tedirgindir. Her an yeni bir sald\u0131r\u0131 beklediklerinden k\u00f6y bo\u015falt\u0131lm\u0131\u015f, kad\u0131nlar ve \u00e7ocuklar, da\u011flarda ya\u015famaya ba\u015flarlar.<\/p>\n<p>Bu arada, Ankara h\u00fck\u00fcmeti t\u00fcm yerel direni\u015flerin bir merkezi \u00e7at\u0131 alt\u0131nda toplamak \u00fczere, Kozanl\u0131 Yedek Te\u011fmen Mustafa Nail\u2019i, Arslank\u00f6y M\u00fcdafai Hukuk Cemiyeti\u2019ni(\u0130dari) ve Efrenk M\u00fcfrezesi (Askeri) \u00f6rg\u00fctlenmeyi kurmak \u00fczere g\u00f6revlendirilir.<\/p>\n<p>Kozanl\u0131 Mustafa Nail 1920\u2019de \u015fubat ay\u0131 sonlar\u0131nda, Mut \u00fczerinden Arslank\u00f6y\u2019e gitmek \u00fczere yola \u00e7\u0131kar.<\/p>\n<p>1 Mart 1920 g\u00fcn\u00fc bug\u00fcnk\u00fc Arslank\u00f6y, Yedig\u00f6z mevkine gelerek buradaki \u00c7eteciler ile bulu\u015fur, k\u00f6ye T\u00fcrk bayra\u011f\u0131 \u00e7ekilir.<\/p>\n<p>Ba\u015f\u00e7avu\u015f H\u00fcsn\u00fc YILDIRIM ba\u015fkanl\u0131\u011f\u0131nda Efrenk (sonradan Yavuz) m\u00fcfrezesi, \u00c7anakkale Gazisi \u00c7olak Ali YILDIRAN Ba\u015fkanl\u0131\u011f\u0131nda da M\u00fcdafai Hukuk Cemiyeti kurulur.<\/p>\n<p>Karakoldaki askerler ve k\u00f6ydeki t\u00fcm erkekler hep birlikte sadakat ve gizlilik yemini ederler.<\/p>\n<p>Bu s\u00fcre\u00e7te t\u00fcm \u00c7ukurova\u2019da \u00e7etin ve mevzi sava\u015flar ya\u015fanmaktad\u0131r. Yavuz(Efrenk) m\u00fcfrezesi di\u011fer b\u00f6lgelerdeki ba\u015fka sava\u015flara da kat\u0131l\u0131r. Kozanl\u0131 yedek te\u011fmen Mustafa Nail, bu sava\u015flar\u0131n birinde \u015fehit d\u00fc\u015fer.<\/p>\n<p>Bu direni\u015fler ve geli\u015fmeler sonucu, Frans\u0131zlarla yap\u0131lan anla\u015fma gere\u011fi 3 Ocak 1922\u2019de Mersin\u2019in i\u015fgali resmen sona erer.<\/p>\n<p>Daha sonraki y\u0131llarda, Mustafa Kemal ATAT\u00dcRK\u2019\u00fcn \u00f6nerisi ile Mersin Belediye Meclisi karar\u0131yla, Efrenk olan  ad\u0131 ARSLANK\u00d6Y olarak de\u011fi\u015ftirilir.<\/p>\n<p>B\u00f6yle onurland\u0131ran bir isim de\u011fi\u015fikli\u011fi bildi\u011fim kadar\u0131yla Mersin\u2019de sadece Arslank\u00f6y i\u00e7in yap\u0131lm\u0131\u015ft\u0131r.<\/p>\n<p>Bu nedenle Arslank\u00f6yl\u00fcler hakkettikleri bu onuru, her y\u0131l 1 Mart\u2019ta ba\u015flang\u0131\u00e7ta, \u201c\u00c7ete Bayram\u0131\u201d olarak kutlarlar.<\/p>\n<p>Bu zaferin co\u015fkusunu ve onurunu kad\u0131n, erkek, \u00e7oluk \u00e7ocuk bug\u00fcne kadar ya\u015fay\u0131p, ya\u015fatarak 104. y\u0131la kadar ta\u015f\u0131d\u0131lar.<\/p>\n<p>Biz Arslank\u00f6y ve t\u00fcm Mersinliler\u2019e bu onuru ve gururu ya\u015fatan t\u00fcm \u015fehit ve gazilerimizi sayg\u0131 ve minnetle an\u0131yorum.<\/p>\n<p>Kurumlar\u0131n ve \u00fclkelerin tarihinde 100. y\u0131ld\u00f6n\u00fcmlerinde, \u201cNereden geldik nereye gidiyoruz?\u201d diye \u00fczerinde d\u00fc\u015f\u00fcn\u00fcl\u00fcp, de\u011ferlendirme yap\u0131lmas\u0131 a\u00e7\u0131s\u0131ndan \u00f6nemli zamanlard\u0131r.<\/p>\n<p>104 y\u0131l sonra bug\u00fcn, emperyalizm yeni Serv plan\u0131 BOP ile Anadolu\u2019ya \u00e7ullan\u0131yorlar. \u00fclkemizin etraf\u0131 kuzeyde  yine ate\u015f \u00e7emberi alt\u0131nda. Kuzey Irak ve \u0130DL\u0130B\u2019de  PKK\/YPG  Ter\u00f6r devleti ile Suriye ordusunun ate\u015fi ile askerlerimizin, onar, onar \u015fehit cenazeleri geliyor.<\/p>\n<p>Arslank\u00f6y direni\u015finin 104.y\u0131l\u0131nda Emperyal devletlerin oyunlar\u0131yla, sonunda ebedi  kom\u015fumuz, Suriye ile sahada kar\u015f\u0131 kar\u015f\u0131ya getirilerek ad\u0131 konmam\u0131\u015f vekalet sava\u015flar\u0131n\u0131n  i\u00e7ine d\u00fc\u015ferek s\u0131n\u0131r \u00f6tesi harekatlar yapmak durumunda kal\u0131yoruz.<\/p>\n<p>Mustafa Kemal ATAT\u00dcRK\u2019\u00fcn; \u201cSava\u015f zaruri ve hayati olmad\u0131k\u00e7a cinayettir\u201d ifadesinin \u00fczerinde ve bug\u00fcnde \u00f6zelle\u015ftirmeler ile \u00c7ok Uluslu \u015eirketler (\u00c7U\u015e) arac\u0131l\u0131\u011f\u0131 ile \u00fclkemizin , limanlar\u0131n\u0131n, madenlerinin i\u00e7imizdeki  Hintli M\u00fcsl\u00fcman askerler marifetiyle talan edilmesinin \u00fczerinde   tekrar d\u00fc\u015f\u00fcnmenin tam da zaman\u0131&#8230;<\/p>\n<p>Cesur ve yi\u011fit Arslank\u00f6yl\u00fc hem\u015ferilerimin 1 Mart  \u00c7ETE BAYRAMLARINI KUTLUYOR, bug\u00fcn aram\u0131zda olmayan \u015fehit ve gazilerimizi sayg\u0131 ve minnetle an\u0131yorum.<\/p>\n","protected":false},"excerpt":{"rendered":"<p>Her \u015fey, Y\u0131ld\u0131r\u0131m Ordular\u0131 komutanl\u0131\u011f\u0131na yeni atanm\u0131\u015f olan Mustafa Kemal\u2019in, 1918 y\u0131l\u0131n\u0131n 31 Ekim\u2019inde imzalanan Mondros M\u00fctarekesi sonras\u0131nda, anla\u015fman\u0131n 7. Maddesine dayanarak Anadolu\u2019nun i\u015fgal edilece\u011fini \u00f6ng\u00f6rmesi ile ba\u015flar. Derhal, Saraya \u2018D\u00fc\u015fman \u0130skenderun k\u0131y\u0131lar\u0131na \u00e7\u0131karsa ate\u015f a\u00e7aca\u011f\u0131n\u0131\u2019 bildirir. Bunun \u00fczerine Saraydan derhal komutanl\u0131k yetkilerini Adana\u2019da devredip \u0130stanbul\u2019a d\u00f6nmesi istenir. Mustafa KEMAL 2 Kas\u0131m 1918\u2019de Adana\u2019ya gelir. [&hellip;]<\/p>\n","protected":false},"author":13,"featured_media":68685,"comment_status":"open","ping_status":"open","sticky":false,"template":"","format":"standard","meta":{"footnotes":""},"categories":[28],"tags":[],"class_list":["post-68751","post","type-post","status-publish","format-standard","has-post-thumbnail","hentry","category-serdar-erkan"],"views":152,"_links":{"self":[{"href":"https:\/\/mersingazetesi.com\/index.php\/wp-json\/wp\/v2\/posts\/68751","targetHints":{"allow":["GET"]}}],"collection":[{"href":"https:\/\/mersingazetesi.com\/index.php\/wp-json\/wp\/v2\/posts"}],"about":[{"href":"https:\/\/mersingazetesi.com\/index.php\/wp-json\/wp\/v2\/types\/post"}],"author":[{"embeddable":true,"href":"https:\/\/mersingazetesi.com\/index.php\/wp-json\/wp\/v2\/users\/13"}],"replies":[{"embeddable":true,"href":"https:\/\/mersingazetesi.com\/index.php\/wp-json\/wp\/v2\/comments?post=68751"}],"version-history":[{"count":0,"href":"https:\/\/mersingazetesi.com\/index.php\/wp-json\/wp\/v2\/posts\/68751\/revisions"}],"wp:featuredmedia":[{"embeddable":true,"href":"https:\/\/mersingazetesi.com\/index.php\/wp-json\/wp\/v2\/media\/68685"}],"wp:attachment":[{"href":"https:\/\/mersingazetesi.com\/index.php\/wp-json\/wp\/v2\/media?parent=68751"}],"wp:term":[{"taxonomy":"category","embeddable":true,"href":"https:\/\/mersingazetesi.com\/index.php\/wp-json\/wp\/v2\/categories?post=68751"},{"taxonomy":"post_tag","embeddable":true,"href":"https:\/\/mersingazetesi.com\/index.php\/wp-json\/wp\/v2\/tags?post=68751"}],"curies":[{"name":"wp","href":"https:\/\/api.w.org\/{rel}","templated":true}]}}