{"id":68684,"date":"2024-03-14T12:28:36","date_gmt":"2024-03-14T09:28:36","guid":{"rendered":"https:\/\/mersingazetesi.com\/?p=68684"},"modified":"2024-06-11T21:47:45","modified_gmt":"2024-06-11T18:47:45","slug":"penceremden-chp-1-mart-tezkeresine-neden-sahip-cikmadi","status":"publish","type":"post","link":"https:\/\/mersingazetesi.com\/index.php\/2024\/03\/14\/penceremden-chp-1-mart-tezkeresine-neden-sahip-cikmadi\/","title":{"rendered":"PENCEREMDEN: 1 MART TEZKERES\u0130NE GAZ\u0130 MECL\u0130S VE CHP NEDEN SAH\u0130P \u00c7IKMADI?"},"content":{"rendered":"<p>Mart ay\u0131 Cumhuriyet tarihimizde \u00f6nemli geli\u015fmelerin oldu\u011fu ayd\u0131r.<\/p>\n<p>Bunlardan ilki 3 Mart 1924 devrim yasalar\u0131n\u0131n kabul edildi\u011fi g\u00fcnd\u00fcr. Ki Cumhuriyet tarihi a\u00e7\u0131s\u0131ndan \u00e7ok \u00f6nemli olup, \u015feriat ikliminden kopu\u015f yasalar\u0131d\u0131r. Cumhuriyet tarihinin en \u00f6nemli yasalar\u0131ndan biri kabul edilir. <\/p>\n<p> 12 Mart 1971 Askeri Muht\u0131ras\u0131, sonu\u00e7lar\u0131 a\u00e7\u0131s\u0131ndan, sivil h\u00fck\u00fcmeti istifaya zorlayan askeri bir darbe etkisi yaratm\u0131\u015f. Ordu i\u00e7inde tasfiyeler yap\u0131lm\u0131\u015f, Deniz Gezmi\u015f ve arkadada\u015flar\u0131n\u0131n idam\u0131n\u0131n oldu\u011fu ve  toplumsal  haf\u0131zam\u0131zda yeni fay hatlar\u0131 yaratan sonu\u00e7lar ortaya \u00e7\u0131karm\u0131\u015ft\u0131r.<\/p>\n<p> 1 Mart 2003 tezkeresini reddi ise \u00fclkemizin siyasi tarihinde ve d\u0131\u015f politikas\u0131nda  sonu\u00e7lar\u0131 a\u00e7\u0131s\u0131ndan belki de en \u00f6nemli sonu\u00e7lar\u0131  yaratan bir geli\u015fmedir.<\/p>\n<p>Kas\u0131m 2001 genel se\u00e7imlerinde, AKP iktidar\u0131 ile ba\u015flayan  bug\u00fcnk\u00fc 22 y\u0131ll\u0131k rejimin, FET\u00d6 c\u00fc kadrolarla beraber y\u00fcr\u00fcd\u00fckleri iktidar yolculu\u011funun ba\u015flang\u0131c\u0131n\u0131n  5. ay\u0131nda, 1 Mart 2003 tarihinde meclise getirdikleri tezkere ret edilmi\u015ftir.  <\/p>\n<p>Bu \u201cIrak\u2019ta kimyasal silah var.\u201c yalan\u0131 ile Irak\u2019a kuzeyden askeri operasyon yapmay\u0131 planlayan ve (sonu\u00e7ta g\u00fcneyden yaparak 1 milyon Irak\u2019l\u0131 n\u0131n \u00f6ld\u00fc\u011f\u00fc)ABD\u2019nin \u00dclkemize 62 bin askerinin, Karadeniz\u2019de Trabzon liman\u0131ndan, Akdeniz\u2019de, Mersin(Ta\u015fucu), \u0130skenderun limanlar\u0131na kadar,  kardan da Diyarbak\u0131rdan Urfa, Hakkari\u2019ye kadar konu\u015flanmas\u0131na izin veren  bir tezkeredir. (Yar\u0131 i\u015fgal plan\u0131d\u0131r)<\/p>\n<p>Tezkere ret edilinceye kadar \u0130skenderun liman\u0131ndan ABD Askerleri fiili olarak \u00e7\u0131km\u0131\u015flar, Konvoylar halinde Urfa\u2019ya kadar ula\u015fm\u0131\u015flar, depolar kiralayarak yerel halka ye\u015fil dolarlar\u0131 da\u011f\u0131tmaya ba\u015flam\u0131\u015flard\u0131.<\/p>\n<p>O zamanki meclis ba\u015fkan\u0131 AKP\u2019li B\u00fclent Ar\u0131n\u00e7, \u201cBunlara engel olacak yok mu?\u201d diye tek ba\u015f\u0131na \u00e7a\u011fr\u0131 yap\u0131yordu.<\/p>\n<p>T\u00fcrkiye\u2019nin de\u011fi\u015fik yerlerinde, (bir tanesinde Mersin\u2019de ADD \u00f6nc\u00fcl\u00fc\u011f\u00fcnde) tezkereye hay\u0131r mitingleri yap\u0131l\u0131yordu.G\u00fcneydo\u011fuda K\u00fcrt k\u00f6kenli yurtta\u015flar\u0131m\u0131z da hay\u0131r g\u00f6sterileri yapt\u0131lar. T\u00fcm yurtta\u015flar\u0131m\u0131z bu fiili i\u015fgale kar\u015f\u0131 ayaktayd\u0131..<\/p>\n<p>Deniz Baykal liderli\u011findeki CHP ise seferberlik ilan etmi\u015f, TBMM\u2019de AKP\u2019li  milletvekillerine tezkerenin \u2018fiili bir i\u015fgal\u2019 oldu\u011funu ve ret edilmesi i\u00e7in birebir markaj ile anlatmaya \u00e7al\u0131\u015fm\u0131\u015ft\u0131r.  Hat\u0131rl\u0131yorum, eski ABD b\u00fcy\u00fckel\u00e7ileri k\u0131r\u0131k T\u00fcrk\u00e7eleri ile b\u00fct\u00fcn TV kanallar\u0131na \u00e7\u0131karak tezkerenin lehine propaganda dahi soyunmu\u015flard\u0131.<\/p>\n<p>TBMM de Oylama b\u0131\u00e7ak s\u0131rt\u0131nda idi.  Tezkere\u2019nin bir oy farkla ret edilmesiyle \u00fclke rahat bir nefes ald\u0131. <\/p>\n<p>ABD askerleri k\u00f6s k\u00f6s gerisin geri konvoylarla, \u0130skenderun liman\u0131na d\u00f6nerek gemilere binerek ayr\u0131lmak zorunda kald\u0131lar.<\/p>\n<p>Bu durum ABD\u2019de derin bir hayal k\u0131r\u0131kl\u0131\u011f\u0131 yaratm\u0131\u015ft\u0131. Tezkerenin reddinin faturas\u0131n\u0131 TSK\u2019ya \u00e7\u0131karan ABD, 4 Temmuz 2003 g\u00fcn\u00fc S\u00fcleymaniye\u2019de askeri \u00fcss\u00fcm\u00fczde bulunan bulunan bir binba\u015f\u0131 ve 11 askerimize beklenmedik bask\u0131nla  ba\u015flar\u0131na \u00e7uval ge\u00e7irilerek 60 saat g\u00f6zalt\u0131nda sorguland\u0131lar ve a\u015fa\u011f\u0131land\u0131lar.<\/p>\n<p>Bu durum halk\u0131m\u0131z\u0131n onurunu incitmi\u015f toplumsal haf\u0131zam\u0131zda derin bir iz b\u0131rakm\u0131\u015ft\u0131r.<\/p>\n<p>Bu bedele ra\u011fmen,  tezkerenin ret edilmesi ile \u00fclkemiz b\u00fcy\u00fck bir badire atlatm\u0131\u015f, fiili i\u015fgal \u00f6nlenmi\u015ftir.<\/p>\n<p>Bu tezkerenin TBMM\u2019de reddi, hukuk yoluyla yumu\u015fak (soft) bir i\u015fgal giri\u015fiminin \u00f6nlenmesinin onuru CHP\u2019ye aittir.<\/p>\n<p>Kan\u0131mca sonu\u00e7lar\u0131 a\u00e7\u0131s\u0131ndan \u00c7anakkale Sava\u015f\u0131\u2019n\u0131n \u00f6nemine  sahiptir. \u00c7\u00fcnk\u00fc, Karadeniz\u2019deki limanlar\u0131n tezkere ile a\u00e7\u0131lmas\u0131 nedeniyle \u201dMontr\u00f6\u2019n\u00fcn delinmesi\u201d sonucunu bile yaratabilecek \u00f6neme sahipti.<\/p>\n<p>Bu nedenle CHP, Cumhuriyetimizin 100. Y\u0131l\u0131nda, ge\u00e7ti\u011fimiz 1 Martta ve \u00f6nceki y\u0131llarda ,  tezkerenin reddinin  y\u0131ld\u00f6n\u00fcmlerinde,  y\u00fcksek sesle dile getirilip, 81 vilayette il ba\u015fkanl\u0131klar\u0131nda kutlamas\u0131 ve halkla payla\u015fmas\u0131 gerekirdi.<\/p>\n<p>B\u00f6yle bir tarihi  unutulmas\u0131(!) Gazi Meclisimiz ve  CHP ile \u00fclkemizin toplumsal haf\u0131zas\u0131  a\u00e7\u0131s\u0131ndan \u00e7ok \u00f6nemlidir. Bu nedenle bu durum CHP\u2019nin i\u00e7 kurullar\u0131nda g\u00fcndeme getirilip tart\u0131\u015f\u0131l\u0131p, de\u011ferlendirilmelidir.<\/p>\n","protected":false},"excerpt":{"rendered":"<p>Mart ay\u0131 Cumhuriyet tarihimizde \u00f6nemli geli\u015fmelerin oldu\u011fu ayd\u0131r. Bunlardan ilki 3 Mart 1924 devrim yasalar\u0131n\u0131n kabul edildi\u011fi g\u00fcnd\u00fcr. Ki Cumhuriyet tarihi a\u00e7\u0131s\u0131ndan \u00e7ok \u00f6nemli olup, \u015feriat ikliminden kopu\u015f yasalar\u0131d\u0131r. Cumhuriyet tarihinin en \u00f6nemli yasalar\u0131ndan biri kabul edilir. 12 Mart 1971 Askeri Muht\u0131ras\u0131, sonu\u00e7lar\u0131 a\u00e7\u0131s\u0131ndan, sivil h\u00fck\u00fcmeti istifaya zorlayan askeri bir darbe etkisi yaratm\u0131\u015f. Ordu i\u00e7inde [&hellip;]<\/p>\n","protected":false},"author":13,"featured_media":68685,"comment_status":"open","ping_status":"open","sticky":false,"template":"","format":"standard","meta":{"footnotes":""},"categories":[28],"tags":[],"class_list":["post-68684","post","type-post","status-publish","format-standard","has-post-thumbnail","hentry","category-serdar-erkan"],"views":87,"_links":{"self":[{"href":"https:\/\/mersingazetesi.com\/index.php\/wp-json\/wp\/v2\/posts\/68684","targetHints":{"allow":["GET"]}}],"collection":[{"href":"https:\/\/mersingazetesi.com\/index.php\/wp-json\/wp\/v2\/posts"}],"about":[{"href":"https:\/\/mersingazetesi.com\/index.php\/wp-json\/wp\/v2\/types\/post"}],"author":[{"embeddable":true,"href":"https:\/\/mersingazetesi.com\/index.php\/wp-json\/wp\/v2\/users\/13"}],"replies":[{"embeddable":true,"href":"https:\/\/mersingazetesi.com\/index.php\/wp-json\/wp\/v2\/comments?post=68684"}],"version-history":[{"count":0,"href":"https:\/\/mersingazetesi.com\/index.php\/wp-json\/wp\/v2\/posts\/68684\/revisions"}],"wp:featuredmedia":[{"embeddable":true,"href":"https:\/\/mersingazetesi.com\/index.php\/wp-json\/wp\/v2\/media\/68685"}],"wp:attachment":[{"href":"https:\/\/mersingazetesi.com\/index.php\/wp-json\/wp\/v2\/media?parent=68684"}],"wp:term":[{"taxonomy":"category","embeddable":true,"href":"https:\/\/mersingazetesi.com\/index.php\/wp-json\/wp\/v2\/categories?post=68684"},{"taxonomy":"post_tag","embeddable":true,"href":"https:\/\/mersingazetesi.com\/index.php\/wp-json\/wp\/v2\/tags?post=68684"}],"curies":[{"name":"wp","href":"https:\/\/api.w.org\/{rel}","templated":true}]}}