{"id":66819,"date":"2024-02-14T17:23:22","date_gmt":"2024-02-14T14:23:22","guid":{"rendered":"https:\/\/mersingazetesi.com\/?p=66819"},"modified":"2024-06-11T21:47:45","modified_gmt":"2024-06-11T18:47:45","slug":"penceremden-siyanurle-altin-arama-isletmeleri-kapatilmali","status":"publish","type":"post","link":"https:\/\/mersingazetesi.com\/index.php\/2024\/02\/14\/penceremden-siyanurle-altin-arama-isletmeleri-kapatilmali\/","title":{"rendered":"PENCEREMDEN: S\u0130YAN\u00dcRLE ALTIN ARAMA \u0130\u015eLETMELER\u0130 KAPATILMALI..!"},"content":{"rendered":"<p>Erzincan \u0130li\u00e7\u2019de bulunan Alt\u0131n Madeni facias\u0131 ile sars\u0131ld\u0131. Resmi olarak 9 i\u015f\u00e7i g\u00f6\u00e7\u00fck alt\u0131nda hayat\u0131n\u0131 kaybetti.<\/p>\n<p>G\u00f6\u00e7\u00fck alt\u0131nda kalanlar\u0131n 5 kat\u0131 oldu\u011funa dair iddialar da var. Medyada bu facia T\u00fcrkiye\u2019in \u00c7ernobil\u2019i olarak da tan\u0131mlan\u0131yor. \u00c7\u00fcnk\u00fc uzmanlar\u0131n \u00f6nerilerine ra\u011fmen fay hatt\u0131n\u0131n \u00fczerine yap\u0131lan siyan\u00fcrl\u00fc \u2018alt\u0131n arama madeni\u2019nden havaya ve yeralt\u0131 sular\u0131na s\u0131zan siyan\u00fcr\u00fcn 25 km \u00e7ap\u0131nda \u00e7evreyi olumsuz etkileyebilece\u011finden s\u00f6z etmektedirler. Alt\u0131n \u00e7\u0131karma i\u015finde kullan\u0131lan \u00e7ok zehirli 40 k\u00fcs\u00fcr kimyasaldan biri olan siyan\u00fcrle alt\u0131n \u00e7\u0131karma i\u015flemi \u00e7ok vah\u015fi bir madencilik t\u00fcr\u00fcd\u00fcr.<\/p>\n<p>Bu afet sonras\u0131 TMMOB Y\u00f6netim Kurulu ad\u0131na yap\u0131lan 14 \u015eubat 2024 tarihli  bas\u0131n a\u00e7\u0131klamas\u0131nda, \u2018Erzincan \u0130li\u00e7\u2019le bulunan alt\u0131n madeninin   kapat\u0131lmas\u0131 istenmi\u015ftir. <\/p>\n<p>Kanaatimce sadece Erzincan \u0130li\u00e7\u2019teki de\u011fil\u2019  Bergama, Kazda\u011flar\u0131 vb t\u00fcm siyan\u00fcrl\u00fc (vah\u015fi) maden ocaklar\u0131n\u0131n kapat\u0131lmas\u0131 gerekmektedir.<\/p>\n<p>\u00d6te yandan evvelsi g\u00fcn Antalya\u2019da metre kareye 338 kg ya\u011fmur suyu ya\u011fm\u0131\u015ft\u0131r. Kentin alt yap\u0131s\u0131na ve i\u015fyerleri ve konutlara \u00f6nemli zarar vermi\u015ftir. <\/p>\n<p>Bunun yan\u0131s\u0131ra, \u00fclkemiz  bir deprem \u00fclkesi  olup, ge\u00e7en y\u0131l  6 \u015eubat 2023 g\u00fcn\u00fc ve sonras\u0131nda Kahramanmara\u015f ve Hatay\u2019da ya\u015fad\u0131\u011f\u0131m\u0131z depremlerde 11 ilde, 14 Milyon yurtta\u015f\u0131m\u0131z\u0131  etkilemi\u015ftir. Sonras\u0131nda Adana ve Mersin\u2019i sallant\u0131lar ve g\u00f6\u00e7lerle etkileyen deprem felaketleri ya\u015fad\u0131\u011f\u0131m\u0131z ancak unuttu\u011fumuz daha \u00f6ncede  Sivrice \/Elaz\u0131\u011f\u2019da ya\u015fad\u0131\u011f\u0131m\u0131z depremleri hat\u0131rlatm\u0131\u015ft\u0131r. <\/p>\n<p>Bu k\u00f6\u015fede ilk kez 29.01.2020 tarihinde yazd\u0131\u011f\u0131m DEPREM GER\u00c7E\u011e\u0130 \u0130LE Y\u00dcZLE\u015eMEK ba\u015fl\u0131kl\u0131 yaz\u0131mda, Sivrice\/Elaz\u0131\u011fda  belirtti\u011fim hususlar bug\u00fcn dahi g\u00fcncelli\u011fini korumaktad\u0131r.  Bu nedenle  o g\u00fcnk\u00fc yaz\u0131mdan k\u00f6\u015femde buldu\u011fum \u00f6nemli hususlar\u0131 tekrar hat\u0131rlat\u0131yorum.  <\/p>\n<p>&#8220;\u00d6ncelikle ge\u00e7ti\u011fimiz g\u00fcnlerde Sivrice\/Elaz\u0131\u011f\u2019da ya\u015fanan 6.8 b\u00fcy\u00fckl\u00fc\u011f\u00fcnde depremde, Elaz\u0131\u011f ve Malatya\u2019da kaybetti\u011fimiz yurtta\u015flara Allah\u2019tan rahmet, yak\u0131nlar\u0131na ba\u015fsa\u011fl\u0131\u011f\u0131, yararl\u0131lara da acil \u015fifalar diliyorum.  Bu yaz\u0131n\u0131n yaz\u0131ld\u0131\u011f\u0131 saatlerde baz\u0131 yurtta\u015flar\u0131m\u0131z enkaz alt\u0131ndan, Mersin dahil \u00fclkemizin her yan\u0131ndan h\u0131zla ula\u015fan AFAD ve g\u00f6n\u00fcll\u00fc kurulu\u015flar\u0131m\u0131z taraf\u0131ndan b\u00fcy\u00fck bir \u00f6zveriyle kurtar\u0131lm\u0131\u015ft\u0131. Her ge\u00e7en zaman yeni mucizelerin ger\u00e7ekle\u015fmesinin aleyhinde \u00e7al\u0131\u015f\u0131yor.  <\/p>\n<p>\u0130lk 72 saat \u00e7ok \u00f6nemlidir.  <\/p>\n<p>Umar\u0131z enkaz alt\u0131nda kalanlar varsa onlarda kurtulur.  <\/p>\n<p> \u00dclkemiz, Marmara  ve Van depremlerinden AFET Y\u00d6NET\u0130M\u0130 konusunda b\u00fcy\u00fck deneyim kazand\u0131.  <\/p>\n<p>Art\u0131k, daha k\u0131sa s\u00fcrede organize olunup depreme m\u00fcdahale edilebiliyor. Artan ileti\u015fim olanaklar\u0131 sayesinde g\u00f6\u00e7\u00fck alt\u0131ndakiler ile h\u0131zla temas kurulabiliyor.   <\/p>\n<p>\u00d6LD\u00dcREN DEPREMLER DE\u011e\u0130L! <\/p>\n<p>\u00d6ncelikle, 11 ilde ya\u015fad\u0131\u011f\u0131m\u0131z deprem felaketinden sonra,  hemen \u015fu saptamay\u0131 yapal\u0131m: <\/p>\n<p> Deprem y\u00fczlerce y\u0131ld\u0131r Anadolu\u2019nun bir ger\u00e7e\u011fidir, insanlar\u0131m\u0131z\u0131 deprem de\u011fil, bu ger\u00e7e\u011fi yok sayarak imar rant\u0131 i\u00e7in yap\u0131lan usuls\u00fcz ve denetimsiz yap\u0131lan binalar \u00f6ld\u00fcr\u00fcyor.\u201d<\/p>\n<p>Risk Y\u00f6netimi, yani \u201cdo\u011fal afet ya\u015fanmadan \u00f6nlemlerini alma\u201d konusunda g\u00f6zle g\u00f6r\u00fcl\u00fcr bir geli\u015fme ve bir \u00e7aba yok.  <\/p>\n<p>\u00d6rne\u011fin, \u0130stanbul\u2019da  yakla\u015fan bir deprem olaca\u011f\u0131n\u0131 biliyoruz, ancak haz\u0131rl\u0131klar\u0131m\u0131z \u00e7ok yetersiz! <\/p>\n<p>\u0130stanbul\u2019da bir \u00e7ok toplanma yeri imara a\u00e7\u0131ld\u0131.  \u0130mar bar\u0131\u015f\u0131 ile bir\u00e7ok depreme dayan\u0131kl\u0131 olmayan binalara ruhsat verildi, bu s\u00fcre\u00e7te yasal hale getirildi! <\/p>\n<p> \u0130stanbul\u2019da yap\u0131 stokunun bir \u00e7o\u011fu hala depreme dayan\u0131kl\u0131 de\u011fil. Piyasa tipi, Kentsel d\u00f6n\u00fc\u015f\u00fcm t\u0131kand\u0131, m\u00fcteahhitler evleri teslim edemiyor, evlerinden edilen yurtta\u015flar evlerini teslim alamad\u0131klar\u0131 i\u00e7in s\u0131k\u0131nt\u0131dalar. 1999\u2019dan beri deprem i\u00e7in toplanan vergilerin ise nerelere harcand\u0131\u011f\u0131 me\u00e7hul..! <\/p>\n<p>Yakla\u015fan 31 Mart 2024 yerel se\u00e7imleri nedeniyle, \u0130stanbulda be Mersin\u2019de DEPREME D\u0130REN\u00c7L\u0130 KENT olu\u015fturmak bir se\u00e7im vaadi oldu.<\/p>\n<p>MERS\u0130N\u2019DE NE DURUMDAYIZ? <\/p>\n<p>Ge\u00e7mi\u015fte Mersin, Akdeniz\u2019de ya\u015fanan bir \u00e7ok y\u0131k\u0131c\u0131 boyutta depremden etkilenmi\u015ftir.  <\/p>\n<p>Hatta, Mezitli Viran\u015fehir mahallemizde yakla\u015f\u0131k 2000 y\u0131l \u00f6nce Soli Pompeipolis\u2019in bu depremlerin birinin yaratt\u0131\u011f\u0131 Tsunamiler sonucu y\u0131k\u0131ld\u0131\u011f\u0131n\u0131 ortaya koyan tarihi bulgular bile var.  <\/p>\n<p>Hala K\u0131br\u0131s ile Mersin sahilleri aras\u0131nda, \u201cbatt\u0131 \u00e7\u0131kt\u0131 fay\u0131\u201d ile her y\u0131l onlarca k\u00fc\u00e7\u00fck \u015fiddette depremler kaydediliyor. Bunun yan\u0131 s\u0131ra bug\u00fcnlerde Bing\u00f6l Karl\u0131ova\u2019dan ba\u015flay\u0131p, Adana Antakya\u2019ya uzanan Do\u011fu Anadolu Fay hatt\u0131n\u0131n dikkatle izlenmesini \u00f6neriyor uzmanlar. <\/p>\n<p> Son 5 y\u0131ld\u0131r Mersin\u2019de tarih ve b\u00fcy\u00fckl\u00fckleri; <\/p>\n<p>18 \u015eubat 2015\u2019de Tarsus\u2019da 3.5,  18 Temmuz 2015 Mersin k\u00f6rfezinde 5.2, 19 Temmuz 2016 da 3.5, Mersin K\u00f6rfezinde 17 ocak 2017\u2019de 4.3, 18 Mart 2017\u2019de 4.5, 15 May\u0131s 2017\u2019de Anamur\u2019da 3.5, 21 Eyl\u00fcl 2017\u2019de Mut\u2019da 3.1 olan ve bunun d\u0131\u015f\u0131nda onlarca k\u00fc\u00e7\u00fck hissedilmeyen depremler ya\u015fand\u0131.   <\/p>\n<p> Son alt\u0131 ay i\u00e7inde ise 11 Ekim 2019\u2019da ayn\u0131 g\u00fcnde Mersin\u2019de;  <\/p>\n<p>en b\u00fcy\u00fc\u011f\u00fc, 3.1 (Ye\u015filovac\u0131k; 12 Aral\u0131k 2019)  3.2 (Anamur ; 17 Aral\u0131k 2019) ile Silifke\/I\u015f\u0131kl\u0131, Erdemli\/Arslanl\u0131, Bozyaz\u0131 \/Tekeli, Mut da pe\u015f pe\u015fe 1.3 ile 1.6 aras\u0131nda de\u011fi\u015fen 4 deprem ya\u015fand\u0131.  <\/p>\n<p>Ve en son Elaz\u0131\u011f depremi Mersin\u2019den de hissedildi.  Yani Mersin\u2019in alt\u0131nda da bir hareketlilik ya\u015fan\u0131yor. Mersin en son ge\u00e7ti\u011fimiz 1990 y\u0131llar\u0131n sonlar\u0131nda ya\u015fanan Mersin ve Adana depremleri s\u0131ras\u0131nda, \u00f6zellikle Pozcu gibi zemini yumu\u015fak mahallelerdeki yap\u0131lar olumsuz etkilenmi\u015fti..! <\/p>\n<p>ARTIK KR\u0130Z Y\u00d6NET\u0130M\u0130NDEN R\u0130SK (AFET) Y\u00d6NET\u0130M\u0130NE GE\u00c7MEL\u0130Y\u0130Z <\/p>\n<p>Bu konuda, Mersin \u00dcniversitesi \u00d6\u011fretim \u00dcyelerinden Prof. Dr. Selim \u0130nan, \u201c4  Ekim 2019 tarihinde Akdeniz\u2019de ya\u015fanan bu hareketlilikler \u00fczerine Antakya ve Adana yak\u0131n y\u00f6resi ile Akdeniz\u2019de meydana gelebilecek 6.5\u2019ten b\u00fcy\u00fck bir depremin, Erdemli-Mersin-Tarsus aras\u0131nda b\u00fcy\u00fck hasarlara neden olabilece\u011fini s\u00f6yledi. \u0130nan, bu b\u00f6lgelerde bir an \u00f6nce yeni bir imar plan\u0131 haz\u0131rlanmas\u0131, \u00e7ok katl\u0131 bina yap\u0131m\u0131ndan vazge\u00e7ilmesi, eski binalar\u0131n depreme dayan\u0131kl\u0131 hale getirilmesi ve acilen Kentlerin imar planlar\u0131 ile uyumlu AFET MASTER PLANLARI Haz\u0131rlanmas\u0131 i\u00e7in \u00e7al\u0131\u015fmalara ba\u015flanmas\u0131n\u0131n zorunlu oldu\u011fu\u201d uyar\u0131s\u0131nda bulunmu\u015ftu. <\/p>\n<p>\u00d6zellikle Deprem \u00f6ncesi ya\u015fanan d\u00fczensiz Suriyeli , Ukraynal\u0131 g\u00f6\u00e7leri sonras\u0131 Mersin\u2019de  ve \u00e7evresinde artan konut ihtiya\u00e7lar\u0131,  kapsam\u0131nda Mersin\u2019in bat\u0131s\u0131na do\u011fru sahil kenar\u0131nda , TMMOB Mersin \u0130KK taraf\u0131ndan 8 Nisan 2023 g\u00fcn\u00fc a\u00e7\u0131klanan sahil boyu zeminde SIVILA\u015eMA riski oldu\u011funa dair raporuna ra\u011fmen yo\u011fun bir yap\u0131la\u015fma ba\u015flam\u0131\u015f, Mersin -Silifke karayolunun Alt\u0131nda\u011f tar\u0131m alanlar\u0131na \u201cimar yo\u011funlu\u011fu  y\u00fcksek\u201d \u00e7ok katl\u0131 binalar yap\u0131lmaktad\u0131r.<\/p>\n<p> Bu geli\u015fme ve uyar\u0131lar \u00fczerine, zemin et\u00fctlerine g\u00f6re, Mersin ve il\u00e7elerindeki konutlarda, bug\u00fcne kadar depreme dayan\u0131kl\u0131l\u0131k y\u00f6n\u00fcnden halen ciddi bir bilimsel ara\u015ft\u0131rma yap\u0131ld\u0131 m\u0131? Bu binalar\u0131n imalat denetimleri yap\u0131l\u0131yor mu? <\/p>\n<p> \u00d6zellikle 1970 ve 1980\u2019lerde, 1990\u2019larda Mersin\u2019de ya\u015fanan h\u0131zl\u0131 g\u00f6\u00e7le birlikte bir y\u0131lda mantar gibi (1999 Marmara depreminden \u00f6nce) tamamlanan binalarda kullan\u0131lan, \u201cdemir miktar\u0131 ve yap\u0131lan harc\u0131n kalitesi, m\u00fcteahhitler ve kooperatif y\u00f6netimlerinin insaf\u0131na, ustalar\u0131n g\u00f6z karar\u0131na ba\u011fl\u0131\u201d yap\u0131ld\u0131. Aradan ge\u00e7en s\u00fcre i\u00e7indeki y\u0131pranma ve a\u015f\u0131nmalar dikkate al\u0131nd\u0131\u011f\u0131nda, deprem riskine g\u00f6re, \u015fimdi aradan ge\u00e7en s\u00fcrede ya\u015fanan korozyon nedeniyle bu binalar ne kadar g\u00fcvenli durumda?   <\/p>\n<p>Mersin\u2019deki \u00fcniversitelerimizle birlikte bu konu ciddi olarak ara\u015ft\u0131r\u0131larak, do\u011fal Afetlerde(sel, kar ya\u011f\u0131\u015f\u0131 dahil), ya\u015fand\u0131ktan sonra kriz y\u00f6netimi de\u011fil, ya\u015fanmadan bilimin yol g\u00f6stericili\u011finde gereken haz\u0131rl\u0131klar ve \u00e7al\u0131\u015fmalar yap\u0131larak R\u0130SK Y\u00d6NET\u0130M\u0130\u2019ne ge\u00e7me zaman\u0131 gelmi\u015f ve ge\u00e7mektedir.  <\/p>\n<p>Yukar\u0131da belirtti\u011fim yaz\u0131mda \u201c\u00d6zellikle t\u00fcm il\u00e7elerimizde -konut yap\u0131lm\u0131\u015f ve yap\u0131lacak- zeminlere g\u00f6re imar y\u00f6netmelikleri b\u00fct\u00fcnsel bir anlay\u0131\u015fla g\u00f6zden ge\u00e7irilmeli, deprem ger\u00e7e\u011fine g\u00f6re yeniden haz\u0131rlanmal\u0131d\u0131r\u201d diye yazm\u0131\u015ft\u0131m.<\/p>\n<p>Ayr\u0131ca. \u201cMersin \u00f6l\u00e7e\u011finde ve \u00dcniversitelerimizin \u00f6nc\u00fcl\u00fc\u011f\u00fcnde, t\u00fcm belediyelerimizin, meslek odalar\u0131 ve m\u00fcteahhit dernekleri kat\u0131l\u0131m\u0131yla en k\u0131sa zamanda MERS\u0130N AFET HAZIRLIK \u00c7ALI\u015eTAYI yap\u0131larak sonu\u00e7lar\u0131 ve yap\u0131lmas\u0131 hakk\u0131nda Mersin\u2019deki 808 muhtar\u0131m\u0131z ve sivil toplum kurulu\u015flar\u0131 ve kamuoyu bilgilendirilmeli ve \u201cAfet Risk Y\u00f6netim Planlar\u0131\u201d haz\u0131rlanmal\u0131d\u0131r demi\u015f. <\/p>\n<p>, \u201cKorkuyla ya\u015famaktansa, uyan\u0131k yatmak iyidir.\u201d \u015eeklinde yaz\u0131m\u0131 noktalam\u0131\u015ft\u0131m.<\/p>\n<p>T\u00dcRK\u0130YE VE MERS\u0130N\u2019DE \u00d6ZERK AFET ENST\u0130T\u00dcS\u00dc KURULMALIDIR<\/p>\n<p> Yukar\u0131da belirtti\u011fim tarihli yaz\u0131mda aynen belirtti\u011fim ve vurgulad\u0131\u011f\u0131m gibi bug\u00fcn  art\u0131k \u2018her t\u00fcrl\u00fc ( do\u011fal veya yapay) afete kar\u015f\u0131 daha kal\u0131c\u0131 ve  kurumsal\u2019 bir haz\u0131rl\u0131k yapmak durumunday\u0131z. <\/p>\n<p>\u00c7\u00fcnk\u00fc art\u0131k T\u00fcrkiye\u2019de \u0130KL\u0130M KR\u0130Z\u0130\u2019nin etkileyi nedeniyle, kurakl\u0131k, sel ve su bask\u0131nlar\u0131, tar\u0131msal don, dolu, sel vb afetlerin yan\u0131s\u0131ra, yapay maden kazalar\u0131, baraj \u00e7\u00f6kmeleri gibi etkilerine kar\u015f\u0131, Merkezi ve yerel y\u00f6netimler i\u015fbirli\u011fi yapmal\u0131d\u0131rlar. Bu \u00e7er\u00e7evede \u00fcniversitelerin ve halk\u0131n  yerelde ve genelde hukuki ve aktif olarak i\u00e7inde olaca\u011f\u0131 merkezi \u00d6ZERK bir AFET ENST\u0130T\u00dcS\u00dc\u2019leri kurulmal\u0131d\u0131r. <\/p>\n<p>Bu enstit\u00fcn\u00fcn HER \u0130LDE, YEREL Y\u00d6NET\u0130MLERLE VE HALKLA\/S\u0130V\u0130L TOPLUMLA \u0130\u015eB\u0130RL\u0130\u011e\u0130 \u0130\u00c7\u0130NDE OLACA\u011eI YEREL B\u0130R\u0130MLER\u0130 KURULMALIDIR.  KIZILAY VE AFAD , AHBAP, AKUT vb resmi ve sivil kurulu\u015flarda bu enstit\u00fcn\u00fcn kurucu \u00fcyeleri olmal\u0131d\u0131r. <\/p>\n<p>B\u00f6ylelikle HEM T\u00dcRK\u0130YE GENEL\u0130NDE E\u015eG\u00dcD\u00dcM, HEMDE SON DEPREMLERDE G\u00d6RD\u00dc\u011e\u00dcM\u00dcZ S\u0130V\u0130L TOPLUM \u0130NS\u0130YAT\u0130F\u0130\u2019nin de i\u015fin i\u00e7ine kat\u0131ld\u0131\u011f\u0131 ger\u00e7ek\u00e7i bir model olmal\u0131d\u0131r. <\/p>\n<p>Tabiki geli\u015fmi\u015f \u00fclkelerdeki modellerde incelenip, daha verimli kurumsal yap\u0131lar olu\u015fturulabilir. <\/p>\n<p>Ancak bu yeni yap\u0131lanmalarda, son tahlilde ama\u00e7  mutlaka \u015fu olmal\u0131d\u0131r: HER T\u00dcRL\u00dc DO\u011eAL VEYA YAPAY AFETE KAR\u015eI HAZIRLIKLI OLMAK VE H\u0130\u00c7B\u0130R YERDEN TAL\u0130MAT BEKLEMEDEN  HIZLA HAREKETE GE\u00c7\u0130P, \u0130NS\u0130YAT\u0130F ALACAK HALKINDA \u0130\u00c7\u0130NDE OLACA\u011eI ORGAN\u0130ZASYONLAR OLU\u015eTURMAKTIR. <\/p>\n<p>Bunun ilk ad\u0131m\u0131, halk g\u00fcvenli\u011fine ve sa\u011fl\u0131\u011f\u0131na tehdit olu\u015fturdu\u011fu ortaya \u00e7\u0131kan t\u00fcm siyan\u00fcrl\u00fc ve kimyasallarla (vah\u015fi) maden i\u015fletmeleri derhal kapat\u0131lmal\u0131d\u0131r.<\/p>\n<p>Unutmayal\u0131m, bu haz\u0131rl\u0131klar sadece bizim ku\u015fa\u011f\u0131m\u0131z i\u00e7in de\u011fil, gelecek ku\u015faklar i\u00e7inde sorumlulu\u011fumuzdur. <\/p>\n","protected":false},"excerpt":{"rendered":"<p>Erzincan \u0130li\u00e7\u2019de bulunan Alt\u0131n Madeni facias\u0131 ile sars\u0131ld\u0131. Resmi olarak 9 i\u015f\u00e7i g\u00f6\u00e7\u00fck alt\u0131nda hayat\u0131n\u0131 kaybetti. G\u00f6\u00e7\u00fck alt\u0131nda kalanlar\u0131n 5 kat\u0131 oldu\u011funa dair iddialar da var. Medyada bu facia T\u00fcrkiye\u2019in \u00c7ernobil\u2019i olarak da tan\u0131mlan\u0131yor. \u00c7\u00fcnk\u00fc uzmanlar\u0131n \u00f6nerilerine ra\u011fmen fay hatt\u0131n\u0131n \u00fczerine yap\u0131lan siyan\u00fcrl\u00fc \u2018alt\u0131n arama madeni\u2019nden havaya ve yeralt\u0131 sular\u0131na s\u0131zan siyan\u00fcr\u00fcn 25 km \u00e7ap\u0131nda [&hellip;]<\/p>\n","protected":false},"author":13,"featured_media":66827,"comment_status":"open","ping_status":"open","sticky":false,"template":"","format":"standard","meta":{"footnotes":""},"categories":[28],"tags":[],"class_list":["post-66819","post","type-post","status-publish","format-standard","has-post-thumbnail","hentry","category-serdar-erkan"],"views":63,"_links":{"self":[{"href":"https:\/\/mersingazetesi.com\/index.php\/wp-json\/wp\/v2\/posts\/66819","targetHints":{"allow":["GET"]}}],"collection":[{"href":"https:\/\/mersingazetesi.com\/index.php\/wp-json\/wp\/v2\/posts"}],"about":[{"href":"https:\/\/mersingazetesi.com\/index.php\/wp-json\/wp\/v2\/types\/post"}],"author":[{"embeddable":true,"href":"https:\/\/mersingazetesi.com\/index.php\/wp-json\/wp\/v2\/users\/13"}],"replies":[{"embeddable":true,"href":"https:\/\/mersingazetesi.com\/index.php\/wp-json\/wp\/v2\/comments?post=66819"}],"version-history":[{"count":0,"href":"https:\/\/mersingazetesi.com\/index.php\/wp-json\/wp\/v2\/posts\/66819\/revisions"}],"wp:featuredmedia":[{"embeddable":true,"href":"https:\/\/mersingazetesi.com\/index.php\/wp-json\/wp\/v2\/media\/66827"}],"wp:attachment":[{"href":"https:\/\/mersingazetesi.com\/index.php\/wp-json\/wp\/v2\/media?parent=66819"}],"wp:term":[{"taxonomy":"category","embeddable":true,"href":"https:\/\/mersingazetesi.com\/index.php\/wp-json\/wp\/v2\/categories?post=66819"},{"taxonomy":"post_tag","embeddable":true,"href":"https:\/\/mersingazetesi.com\/index.php\/wp-json\/wp\/v2\/tags?post=66819"}],"curies":[{"name":"wp","href":"https:\/\/api.w.org\/{rel}","templated":true}]}}